{"id":9420,"date":"2026-03-09T10:32:50","date_gmt":"2026-03-09T09:32:50","guid":{"rendered":"https:\/\/www.stachristiana.at\/volksschule-wiener-neustadt\/?p=9420"},"modified":"2026-03-09T10:32:51","modified_gmt":"2026-03-09T09:32:51","slug":"rock4kids-mitmachkonzert-in-unserer-schule","status":"publish","type":"post","link":"https:\/\/www.stachristiana.at\/volksschule-wiener-neustadt\/news\/rock4kids-mitmachkonzert-in-unserer-schule\/","title":{"rendered":"Rock4Kids &#8211; Mitmachkonzert in unserer Schule"},"content":{"rendered":"\n<p>Die 1. und 2. Klassen durften sich \u00fcber einen Besuch von Rock4Kids freuen. Ihr Bestreben ist es, jungen Menschen die Freude an Musik und Musizieren zu vermitteln. Statt das junge Publikum nur zu unterhalten, ermutigen sie sie aktiv mitzuwirken. Durch interaktive Mitmachkonzerte wird auf die H\u00f6rerfahrungen der Kinder eingegangen und erm\u00f6glicht es ihnen, durch Mitsingen, Tanzen und Musizieren aktiv teilzuhaben.<\/p>\n\n\n\n<p>Das Mitmachkonzert &#8222;Karneval der Tiere&#8220; ist ein musikalischer Spa\u00df zum Mitmachen!  Dabei konnten die Sch\u00fcler und Sch\u00fclerinnen in eine Welt voller Tanz, faszinierender Instrumente und zauberhafter Geschichten eintauchen.<\/p>\n\n\n\n<p>Bei jedem Tier gab es etwas zum Mitmachen! Die Elefanten und Schildkr\u00f6ten luden zum gemeinsamen Tanzen ein, die K\u00e4ngurus brachten alle zum Springen, die V\u00f6gel und der Kuckuck ermunterten zum Mitsingen, und das Aquarium erzeugte magische Kl\u00e4nge. Sogar die L\u00f6wen wurden zum Br\u00fcllen animiert!<\/p>\n\n\n\n<p>Dieses interaktive Konzerterlebnis erm\u00f6glichte es jedem Zuh\u00f6rer, nicht nur ein Zuh\u00f6rer zu sein, sondern aktiv am Geschehen teilzunehmen!<\/p>\n\n\n\n<div id=\"gallery-block_098ea39816b182f1affc94f0d935ca07\" class=\"gallery\">\n\t\t\n\t\t<a href=\"https:\/\/www.stachristiana.at\/app\/uploads\/sites\/10\/2026\/03\/Karneval-der-Tiere5.jpg\" class=\"gallery-item\" data-caption=\"&lt;strong&gt;Karneval der Tiere5&lt;\/strong&gt;\" data-fancybox=\"gallery-block_098ea39816b182f1affc94f0d935ca07\" data-width=\"900\" data-height=\"1200\"><img loading=\"lazy\" decoding=\"async\" width=\"300\" height=\"400\" src=\"https:\/\/www.stachristiana.at\/app\/uploads\/sites\/10\/2026\/03\/Karneval-der-Tiere5-300x400.jpg\" class=\"attachment-medium size-medium\" alt=\"\" srcset=\"https:\/\/www.stachristiana.at\/app\/uploads\/sites\/10\/2026\/03\/Karneval-der-Tiere5-300x400.jpg 300w, https:\/\/www.stachristiana.at\/app\/uploads\/sites\/10\/2026\/03\/Karneval-der-Tiere5-768x1024.jpg 768w, https:\/\/www.stachristiana.at\/app\/uploads\/sites\/10\/2026\/03\/Karneval-der-Tiere5-345x460.jpg 345w, https:\/\/www.stachristiana.at\/app\/uploads\/sites\/10\/2026\/03\/Karneval-der-Tiere5-56x75.jpg 56w, https:\/\/www.stachristiana.at\/app\/uploads\/sites\/10\/2026\/03\/Karneval-der-Tiere5.jpg 900w\" sizes=\"auto, (max-width: 300px) 100vw, 300px\" \/><\/a>\n\n\t\t\n\t\t<a href=\"https:\/\/www.stachristiana.at\/app\/uploads\/sites\/10\/2026\/03\/Karneval-der-Tiere4.jpg\" class=\"gallery-item\" data-caption=\"&lt;strong&gt;Karneval der Tiere4&lt;\/strong&gt;\" data-fancybox=\"gallery-block_098ea39816b182f1affc94f0d935ca07\" data-width=\"1200\" data-height=\"900\"><img loading=\"lazy\" decoding=\"async\" width=\"400\" height=\"300\" src=\"https:\/\/www.stachristiana.at\/app\/uploads\/sites\/10\/2026\/03\/Karneval-der-Tiere4-400x300.jpg\" class=\"attachment-medium size-medium\" alt=\"\" srcset=\"https:\/\/www.stachristiana.at\/app\/uploads\/sites\/10\/2026\/03\/Karneval-der-Tiere4-400x300.jpg 400w, https:\/\/www.stachristiana.at\/app\/uploads\/sites\/10\/2026\/03\/Karneval-der-Tiere4-1024x768.jpg 1024w, https:\/\/www.stachristiana.at\/app\/uploads\/sites\/10\/2026\/03\/Karneval-der-Tiere4-768x576.jpg 768w, https:\/\/www.stachristiana.at\/app\/uploads\/sites\/10\/2026\/03\/Karneval-der-Tiere4-613x460.jpg 613w, https:\/\/www.stachristiana.at\/app\/uploads\/sites\/10\/2026\/03\/Karneval-der-Tiere4-100x75.jpg 100w, https:\/\/www.stachristiana.at\/app\/uploads\/sites\/10\/2026\/03\/Karneval-der-Tiere4.jpg 1200w\" sizes=\"auto, (max-width: 400px) 100vw, 400px\" \/><\/a>\n\n\t\t\n\t\t<a href=\"https:\/\/www.stachristiana.at\/app\/uploads\/sites\/10\/2026\/03\/Karneval-der-Tiere3.jpg\" class=\"gallery-item\" data-caption=\"&lt;strong&gt;Karneval der Tiere3&lt;\/strong&gt;\" data-fancybox=\"gallery-block_098ea39816b182f1affc94f0d935ca07\" data-width=\"1200\" data-height=\"675\"><img loading=\"lazy\" decoding=\"async\" width=\"400\" height=\"225\" src=\"https:\/\/www.stachristiana.at\/app\/uploads\/sites\/10\/2026\/03\/Karneval-der-Tiere3-400x225.jpg\" class=\"attachment-medium size-medium\" alt=\"\" srcset=\"https:\/\/www.stachristiana.at\/app\/uploads\/sites\/10\/2026\/03\/Karneval-der-Tiere3-400x225.jpg 400w, https:\/\/www.stachristiana.at\/app\/uploads\/sites\/10\/2026\/03\/Karneval-der-Tiere3-1024x576.jpg 1024w, https:\/\/www.stachristiana.at\/app\/uploads\/sites\/10\/2026\/03\/Karneval-der-Tiere3-768x432.jpg 768w, https:\/\/www.stachristiana.at\/app\/uploads\/sites\/10\/2026\/03\/Karneval-der-Tiere3-818x460.jpg 818w, https:\/\/www.stachristiana.at\/app\/uploads\/sites\/10\/2026\/03\/Karneval-der-Tiere3-133x75.jpg 133w, https:\/\/www.stachristiana.at\/app\/uploads\/sites\/10\/2026\/03\/Karneval-der-Tiere3.jpg 1200w\" sizes=\"auto, (max-width: 400px) 100vw, 400px\" \/><\/a>\n\n\t\t\n\t\t<a href=\"https:\/\/www.stachristiana.at\/app\/uploads\/sites\/10\/2026\/03\/Karneval-der-Tiere2.jpg\" class=\"gallery-item\" data-caption=\"&lt;strong&gt;Karneval der Tiere2&lt;\/strong&gt;\" data-fancybox=\"gallery-block_098ea39816b182f1affc94f0d935ca07\" data-width=\"1200\" data-height=\"675\"><img loading=\"lazy\" decoding=\"async\" width=\"400\" height=\"225\" src=\"https:\/\/www.stachristiana.at\/app\/uploads\/sites\/10\/2026\/03\/Karneval-der-Tiere2-400x225.jpg\" class=\"attachment-medium size-medium\" alt=\"\" srcset=\"https:\/\/www.stachristiana.at\/app\/uploads\/sites\/10\/2026\/03\/Karneval-der-Tiere2-400x225.jpg 400w, https:\/\/www.stachristiana.at\/app\/uploads\/sites\/10\/2026\/03\/Karneval-der-Tiere2-1024x576.jpg 1024w, https:\/\/www.stachristiana.at\/app\/uploads\/sites\/10\/2026\/03\/Karneval-der-Tiere2-768x432.jpg 768w, https:\/\/www.stachristiana.at\/app\/uploads\/sites\/10\/2026\/03\/Karneval-der-Tiere2-818x460.jpg 818w, https:\/\/www.stachristiana.at\/app\/uploads\/sites\/10\/2026\/03\/Karneval-der-Tiere2-133x75.jpg 133w, https:\/\/www.stachristiana.at\/app\/uploads\/sites\/10\/2026\/03\/Karneval-der-Tiere2.jpg 1200w\" sizes=\"auto, (max-width: 400px) 100vw, 400px\" \/><\/a>\n\n\t\t\n\t\t<a href=\"https:\/\/www.stachristiana.at\/app\/uploads\/sites\/10\/2026\/03\/Karneval-der-Tiere.jpg\" class=\"gallery-item\" data-caption=\"&lt;strong&gt;Karneval der Tiere&lt;\/strong&gt;\" data-fancybox=\"gallery-block_098ea39816b182f1affc94f0d935ca07\" data-width=\"900\" data-height=\"1200\"><img loading=\"lazy\" decoding=\"async\" width=\"300\" height=\"400\" src=\"https:\/\/www.stachristiana.at\/app\/uploads\/sites\/10\/2026\/03\/Karneval-der-Tiere-300x400.jpg\" class=\"attachment-medium size-medium\" alt=\"\" srcset=\"https:\/\/www.stachristiana.at\/app\/uploads\/sites\/10\/2026\/03\/Karneval-der-Tiere-300x400.jpg 300w, https:\/\/www.stachristiana.at\/app\/uploads\/sites\/10\/2026\/03\/Karneval-der-Tiere-768x1024.jpg 768w, https:\/\/www.stachristiana.at\/app\/uploads\/sites\/10\/2026\/03\/Karneval-der-Tiere-345x460.jpg 345w, https:\/\/www.stachristiana.at\/app\/uploads\/sites\/10\/2026\/03\/Karneval-der-Tiere-56x75.jpg 56w, https:\/\/www.stachristiana.at\/app\/uploads\/sites\/10\/2026\/03\/Karneval-der-Tiere.jpg 900w\" sizes=\"auto, (max-width: 300px) 100vw, 300px\" \/><\/a>\n\n\t\t\n\t\t<a href=\"https:\/\/www.stachristiana.at\/app\/uploads\/sites\/10\/2026\/03\/Karneval-der-Tiere-1.jpg\" class=\"gallery-item\" data-caption=\"&lt;strong&gt;Karneval der Tiere 1&lt;\/strong&gt;\" data-fancybox=\"gallery-block_098ea39816b182f1affc94f0d935ca07\" data-width=\"1200\" data-height=\"900\"><img loading=\"lazy\" decoding=\"async\" width=\"400\" height=\"300\" src=\"https:\/\/www.stachristiana.at\/app\/uploads\/sites\/10\/2026\/03\/Karneval-der-Tiere-1-400x300.jpg\" class=\"attachment-medium size-medium\" alt=\"\" srcset=\"https:\/\/www.stachristiana.at\/app\/uploads\/sites\/10\/2026\/03\/Karneval-der-Tiere-1-400x300.jpg 400w, https:\/\/www.stachristiana.at\/app\/uploads\/sites\/10\/2026\/03\/Karneval-der-Tiere-1-1024x768.jpg 1024w, https:\/\/www.stachristiana.at\/app\/uploads\/sites\/10\/2026\/03\/Karneval-der-Tiere-1-768x576.jpg 768w, https:\/\/www.stachristiana.at\/app\/uploads\/sites\/10\/2026\/03\/Karneval-der-Tiere-1-613x460.jpg 613w, https:\/\/www.stachristiana.at\/app\/uploads\/sites\/10\/2026\/03\/Karneval-der-Tiere-1-100x75.jpg 100w, https:\/\/www.stachristiana.at\/app\/uploads\/sites\/10\/2026\/03\/Karneval-der-Tiere-1.jpg 1200w\" sizes=\"auto, (max-width: 400px) 100vw, 400px\" \/><\/a>\n\n\t<\/div>\n\n","protected":false},"excerpt":{"rendered":"<p>Die 1. und 2. Klassen durften sich \u00fcber einen Besuch von Rock4Kids freuen. Ihr Bestreben ist es, jungen Menschen die Freude an Musik und Musizieren zu vermitteln. Statt das junge Publikum nur zu unterhalten, ermutigen sie sie aktiv mitzuwirken. Durch interaktive Mitmachkonzerte wird auf die H\u00f6rerfahrungen der Kinder eingegangen und erm\u00f6glicht es ihnen, durch Mitsingen, [&hellip;]<\/p>\n","protected":false},"author":43,"featured_media":9425,"comment_status":"closed","ping_status":"closed","sticky":false,"template":"","format":"standard","meta":{"footnotes":""},"categories":[1,6,7,8,12,13,14],"tags":[],"class_list":["post-9420","post","type-post","status-publish","format-standard","has-post-thumbnail","hentry","category-news","category-news-1a-25-26","category-news-1b-25-26","category-news-1c-25-26","category-news-2a-25-26","category-news-2b-25-26","category-news-2c-25-26"],"acf":[],"yoast_head":"<!-- This site is optimized with the Yoast SEO plugin v26.8 - https:\/\/yoast.com\/product\/yoast-seo-wordpress\/ -->\n<title>Rock4Kids - Mitmachkonzert in unserer Schule - Volksschule Wr. Neustadt<\/title>\n<meta name=\"robots\" content=\"index, follow, max-snippet:-1, max-image-preview:large, max-video-preview:-1\" \/>\n<link rel=\"canonical\" href=\"https:\/\/www.stachristiana.at\/volksschule-wiener-neustadt\/news\/rock4kids-mitmachkonzert-in-unserer-schule\/\" \/>\n<meta property=\"og:locale\" content=\"de_DE\" \/>\n<meta property=\"og:type\" content=\"article\" \/>\n<meta property=\"og:title\" content=\"Rock4Kids - Mitmachkonzert in unserer Schule - Volksschule Wr. Neustadt\" \/>\n<meta property=\"og:description\" content=\"Die 1. und 2. Klassen durften sich \u00fcber einen Besuch von Rock4Kids freuen. Ihr Bestreben ist es, jungen Menschen die Freude an Musik und Musizieren zu vermitteln. Statt das junge Publikum nur zu unterhalten, ermutigen sie sie aktiv mitzuwirken. Durch interaktive Mitmachkonzerte wird auf die H\u00f6rerfahrungen der Kinder eingegangen und erm\u00f6glicht es ihnen, durch Mitsingen, [&hellip;]\" \/>\n<meta property=\"og:url\" content=\"https:\/\/www.stachristiana.at\/volksschule-wiener-neustadt\/news\/rock4kids-mitmachkonzert-in-unserer-schule\/\" \/>\n<meta property=\"og:site_name\" content=\"Volksschule Wr. Neustadt\" \/>\n<meta property=\"article:published_time\" content=\"2026-03-09T09:32:50+00:00\" \/>\n<meta property=\"article:modified_time\" content=\"2026-03-09T09:32:51+00:00\" \/>\n<meta property=\"og:image\" content=\"https:\/\/www.stachristiana.at\/app\/uploads\/sites\/10\/2026\/03\/Karneval-der-Tiere3.jpg\" \/>\n\t<meta property=\"og:image:width\" content=\"1200\" \/>\n\t<meta property=\"og:image:height\" content=\"675\" \/>\n\t<meta property=\"og:image:type\" content=\"image\/jpeg\" \/>\n<meta name=\"author\" content=\"katharinagrueneis\" \/>\n<meta name=\"twitter:card\" content=\"summary_large_image\" \/>\n<meta name=\"twitter:label1\" content=\"Verfasst von\" \/>\n\t<meta name=\"twitter:data1\" content=\"katharinagrueneis\" \/>\n\t<meta name=\"twitter:label2\" content=\"Gesch\u00e4tzte Lesezeit\" \/>\n\t<meta name=\"twitter:data2\" content=\"2\u00a0Minuten\" \/>\n<script type=\"application\/ld+json\" class=\"yoast-schema-graph\">{\"@context\":\"https:\/\/schema.org\",\"@graph\":[{\"@type\":\"Article\",\"@id\":\"https:\/\/www.stachristiana.at\/volksschule-wiener-neustadt\/news\/rock4kids-mitmachkonzert-in-unserer-schule\/#article\",\"isPartOf\":{\"@id\":\"https:\/\/www.stachristiana.at\/volksschule-wiener-neustadt\/news\/rock4kids-mitmachkonzert-in-unserer-schule\/\"},\"author\":{\"name\":\"katharinagrueneis\",\"@id\":\"https:\/\/www.stachristiana.at\/volksschule-wiener-neustadt\/#\/schema\/person\/3e74032bbcf7b4b58a7fd94f7aa70830\"},\"headline\":\"Rock4Kids &#8211; Mitmachkonzert in unserer Schule\",\"datePublished\":\"2026-03-09T09:32:50+00:00\",\"dateModified\":\"2026-03-09T09:32:51+00:00\",\"mainEntityOfPage\":{\"@id\":\"https:\/\/www.stachristiana.at\/volksschule-wiener-neustadt\/news\/rock4kids-mitmachkonzert-in-unserer-schule\/\"},\"wordCount\":169,\"publisher\":{\"@id\":\"https:\/\/www.stachristiana.at\/volksschule-wiener-neustadt\/#organization\"},\"image\":{\"@id\":\"https:\/\/www.stachristiana.at\/volksschule-wiener-neustadt\/news\/rock4kids-mitmachkonzert-in-unserer-schule\/#primaryimage\"},\"thumbnailUrl\":\"https:\/\/www.stachristiana.at\/app\/uploads\/sites\/10\/2026\/03\/Karneval-der-Tiere3.jpg\",\"articleSection\":[\"News\",\"News 1a 25\/26\",\"News 1b 25\/26\",\"News 1c 25\/26\",\"News 2a 25\/26\",\"News 2b 25\/26\",\"News 2c 25\/26\"],\"inLanguage\":\"de\"},{\"@type\":\"WebPage\",\"@id\":\"https:\/\/www.stachristiana.at\/volksschule-wiener-neustadt\/news\/rock4kids-mitmachkonzert-in-unserer-schule\/\",\"url\":\"https:\/\/www.stachristiana.at\/volksschule-wiener-neustadt\/news\/rock4kids-mitmachkonzert-in-unserer-schule\/\",\"name\":\"Rock4Kids - Mitmachkonzert in unserer Schule - Volksschule Wr. Neustadt\",\"isPartOf\":{\"@id\":\"https:\/\/www.stachristiana.at\/volksschule-wiener-neustadt\/#website\"},\"primaryImageOfPage\":{\"@id\":\"https:\/\/www.stachristiana.at\/volksschule-wiener-neustadt\/news\/rock4kids-mitmachkonzert-in-unserer-schule\/#primaryimage\"},\"image\":{\"@id\":\"https:\/\/www.stachristiana.at\/volksschule-wiener-neustadt\/news\/rock4kids-mitmachkonzert-in-unserer-schule\/#primaryimage\"},\"thumbnailUrl\":\"https:\/\/www.stachristiana.at\/app\/uploads\/sites\/10\/2026\/03\/Karneval-der-Tiere3.jpg\",\"datePublished\":\"2026-03-09T09:32:50+00:00\",\"dateModified\":\"2026-03-09T09:32:51+00:00\",\"breadcrumb\":{\"@id\":\"https:\/\/www.stachristiana.at\/volksschule-wiener-neustadt\/news\/rock4kids-mitmachkonzert-in-unserer-schule\/#breadcrumb\"},\"inLanguage\":\"de\",\"potentialAction\":[{\"@type\":\"ReadAction\",\"target\":[\"https:\/\/www.stachristiana.at\/volksschule-wiener-neustadt\/news\/rock4kids-mitmachkonzert-in-unserer-schule\/\"]}]},{\"@type\":\"ImageObject\",\"inLanguage\":\"de\",\"@id\":\"https:\/\/www.stachristiana.at\/volksschule-wiener-neustadt\/news\/rock4kids-mitmachkonzert-in-unserer-schule\/#primaryimage\",\"url\":\"https:\/\/www.stachristiana.at\/app\/uploads\/sites\/10\/2026\/03\/Karneval-der-Tiere3.jpg\",\"contentUrl\":\"https:\/\/www.stachristiana.at\/app\/uploads\/sites\/10\/2026\/03\/Karneval-der-Tiere3.jpg\",\"width\":1200,\"height\":675},{\"@type\":\"BreadcrumbList\",\"@id\":\"https:\/\/www.stachristiana.at\/volksschule-wiener-neustadt\/news\/rock4kids-mitmachkonzert-in-unserer-schule\/#breadcrumb\",\"itemListElement\":[{\"@type\":\"ListItem\",\"position\":1,\"name\":\"Start\",\"item\":\"https:\/\/www.stachristiana.at\/\"},{\"@type\":\"ListItem\",\"position\":2,\"name\":\"News\",\"item\":\"https:\/\/www.stachristiana.at\/volksschule-wiener-neustadt\/berichte\/news\/\"},{\"@type\":\"ListItem\",\"position\":3,\"name\":\"Rock4Kids &#8211; Mitmachkonzert in unserer Schule\"}]},{\"@type\":\"WebSite\",\"@id\":\"https:\/\/www.stachristiana.at\/volksschule-wiener-neustadt\/#website\",\"url\":\"https:\/\/www.stachristiana.at\/volksschule-wiener-neustadt\/\",\"name\":\"Sta. Christiana - Private Volksschule Wr. Neustadt\",\"description\":\"Sta. Christiana - Schulen zum Leben\",\"publisher\":{\"@id\":\"https:\/\/www.stachristiana.at\/volksschule-wiener-neustadt\/#organization\"},\"alternateName\":\"Private Volksschule Wr. Neustadt\",\"potentialAction\":[{\"@type\":\"SearchAction\",\"target\":{\"@type\":\"EntryPoint\",\"urlTemplate\":\"https:\/\/www.stachristiana.at\/volksschule-wiener-neustadt\/?s={search_term_string}\"},\"query-input\":{\"@type\":\"PropertyValueSpecification\",\"valueRequired\":true,\"valueName\":\"search_term_string\"}}],\"inLanguage\":\"de\"},{\"@type\":\"Organization\",\"@id\":\"https:\/\/www.stachristiana.at\/volksschule-wiener-neustadt\/#organization\",\"name\":\"Sta. Christiana - Private Volksschule Wr. Neustadt\",\"alternateName\":\"Private Volksschule Wr. Neustadt\",\"url\":\"https:\/\/www.stachristiana.at\/volksschule-wiener-neustadt\/\",\"logo\":{\"@type\":\"ImageObject\",\"inLanguage\":\"de\",\"@id\":\"https:\/\/www.stachristiana.at\/volksschule-wiener-neustadt\/#\/schema\/logo\/image\/\",\"url\":\"https:\/\/www.stachristiana.at\/app\/uploads\/sites\/10\/2022\/05\/logo-sta-christiana.png\",\"contentUrl\":\"https:\/\/www.stachristiana.at\/app\/uploads\/sites\/10\/2022\/05\/logo-sta-christiana.png\",\"width\":1200,\"height\":491,\"caption\":\"Sta. Christiana - Private Volksschule Wr. Neustadt\"},\"image\":{\"@id\":\"https:\/\/www.stachristiana.at\/volksschule-wiener-neustadt\/#\/schema\/logo\/image\/\"}},{\"@type\":\"Person\",\"@id\":\"https:\/\/www.stachristiana.at\/volksschule-wiener-neustadt\/#\/schema\/person\/3e74032bbcf7b4b58a7fd94f7aa70830\",\"name\":\"katharinagrueneis\",\"image\":{\"@type\":\"ImageObject\",\"inLanguage\":\"de\",\"@id\":\"https:\/\/www.stachristiana.at\/volksschule-wiener-neustadt\/#\/schema\/person\/image\/\",\"url\":\"https:\/\/secure.gravatar.com\/avatar\/e20f0fab82e0fd043a9f71e8874f30bb8e2d306ecd5aa6a2e9ceafccc2b50222?s=96&d=mm&r=g\",\"contentUrl\":\"https:\/\/secure.gravatar.com\/avatar\/e20f0fab82e0fd043a9f71e8874f30bb8e2d306ecd5aa6a2e9ceafccc2b50222?s=96&d=mm&r=g\",\"caption\":\"katharinagrueneis\"},\"url\":\"https:\/\/www.stachristiana.at\/volksschule-wiener-neustadt\/author\/katharinagrueneis\/\"}]}<\/script>\n<!-- \/ Yoast SEO plugin. -->","yoast_head_json":{"title":"Rock4Kids - Mitmachkonzert in unserer Schule - Volksschule Wr. Neustadt","robots":{"index":"index","follow":"follow","max-snippet":"max-snippet:-1","max-image-preview":"max-image-preview:large","max-video-preview":"max-video-preview:-1"},"canonical":"https:\/\/www.stachristiana.at\/volksschule-wiener-neustadt\/news\/rock4kids-mitmachkonzert-in-unserer-schule\/","og_locale":"de_DE","og_type":"article","og_title":"Rock4Kids - Mitmachkonzert in unserer Schule - Volksschule Wr. Neustadt","og_description":"Die 1. und 2. Klassen durften sich \u00fcber einen Besuch von Rock4Kids freuen. Ihr Bestreben ist es, jungen Menschen die Freude an Musik und Musizieren zu vermitteln. Statt das junge Publikum nur zu unterhalten, ermutigen sie sie aktiv mitzuwirken. Durch interaktive Mitmachkonzerte wird auf die H\u00f6rerfahrungen der Kinder eingegangen und erm\u00f6glicht es ihnen, durch Mitsingen, [&hellip;]","og_url":"https:\/\/www.stachristiana.at\/volksschule-wiener-neustadt\/news\/rock4kids-mitmachkonzert-in-unserer-schule\/","og_site_name":"Volksschule Wr. Neustadt","article_published_time":"2026-03-09T09:32:50+00:00","article_modified_time":"2026-03-09T09:32:51+00:00","og_image":[{"width":1200,"height":675,"url":"https:\/\/www.stachristiana.at\/app\/uploads\/sites\/10\/2026\/03\/Karneval-der-Tiere3.jpg","type":"image\/jpeg"}],"author":"katharinagrueneis","twitter_card":"summary_large_image","twitter_misc":{"Verfasst von":"katharinagrueneis","Gesch\u00e4tzte Lesezeit":"2\u00a0Minuten"},"schema":{"@context":"https:\/\/schema.org","@graph":[{"@type":"Article","@id":"https:\/\/www.stachristiana.at\/volksschule-wiener-neustadt\/news\/rock4kids-mitmachkonzert-in-unserer-schule\/#article","isPartOf":{"@id":"https:\/\/www.stachristiana.at\/volksschule-wiener-neustadt\/news\/rock4kids-mitmachkonzert-in-unserer-schule\/"},"author":{"name":"katharinagrueneis","@id":"https:\/\/www.stachristiana.at\/volksschule-wiener-neustadt\/#\/schema\/person\/3e74032bbcf7b4b58a7fd94f7aa70830"},"headline":"Rock4Kids &#8211; Mitmachkonzert in unserer Schule","datePublished":"2026-03-09T09:32:50+00:00","dateModified":"2026-03-09T09:32:51+00:00","mainEntityOfPage":{"@id":"https:\/\/www.stachristiana.at\/volksschule-wiener-neustadt\/news\/rock4kids-mitmachkonzert-in-unserer-schule\/"},"wordCount":169,"publisher":{"@id":"https:\/\/www.stachristiana.at\/volksschule-wiener-neustadt\/#organization"},"image":{"@id":"https:\/\/www.stachristiana.at\/volksschule-wiener-neustadt\/news\/rock4kids-mitmachkonzert-in-unserer-schule\/#primaryimage"},"thumbnailUrl":"https:\/\/www.stachristiana.at\/app\/uploads\/sites\/10\/2026\/03\/Karneval-der-Tiere3.jpg","articleSection":["News","News 1a 25\/26","News 1b 25\/26","News 1c 25\/26","News 2a 25\/26","News 2b 25\/26","News 2c 25\/26"],"inLanguage":"de"},{"@type":"WebPage","@id":"https:\/\/www.stachristiana.at\/volksschule-wiener-neustadt\/news\/rock4kids-mitmachkonzert-in-unserer-schule\/","url":"https:\/\/www.stachristiana.at\/volksschule-wiener-neustadt\/news\/rock4kids-mitmachkonzert-in-unserer-schule\/","name":"Rock4Kids - Mitmachkonzert in unserer Schule - Volksschule Wr. Neustadt","isPartOf":{"@id":"https:\/\/www.stachristiana.at\/volksschule-wiener-neustadt\/#website"},"primaryImageOfPage":{"@id":"https:\/\/www.stachristiana.at\/volksschule-wiener-neustadt\/news\/rock4kids-mitmachkonzert-in-unserer-schule\/#primaryimage"},"image":{"@id":"https:\/\/www.stachristiana.at\/volksschule-wiener-neustadt\/news\/rock4kids-mitmachkonzert-in-unserer-schule\/#primaryimage"},"thumbnailUrl":"https:\/\/www.stachristiana.at\/app\/uploads\/sites\/10\/2026\/03\/Karneval-der-Tiere3.jpg","datePublished":"2026-03-09T09:32:50+00:00","dateModified":"2026-03-09T09:32:51+00:00","breadcrumb":{"@id":"https:\/\/www.stachristiana.at\/volksschule-wiener-neustadt\/news\/rock4kids-mitmachkonzert-in-unserer-schule\/#breadcrumb"},"inLanguage":"de","potentialAction":[{"@type":"ReadAction","target":["https:\/\/www.stachristiana.at\/volksschule-wiener-neustadt\/news\/rock4kids-mitmachkonzert-in-unserer-schule\/"]}]},{"@type":"ImageObject","inLanguage":"de","@id":"https:\/\/www.stachristiana.at\/volksschule-wiener-neustadt\/news\/rock4kids-mitmachkonzert-in-unserer-schule\/#primaryimage","url":"https:\/\/www.stachristiana.at\/app\/uploads\/sites\/10\/2026\/03\/Karneval-der-Tiere3.jpg","contentUrl":"https:\/\/www.stachristiana.at\/app\/uploads\/sites\/10\/2026\/03\/Karneval-der-Tiere3.jpg","width":1200,"height":675},{"@type":"BreadcrumbList","@id":"https:\/\/www.stachristiana.at\/volksschule-wiener-neustadt\/news\/rock4kids-mitmachkonzert-in-unserer-schule\/#breadcrumb","itemListElement":[{"@type":"ListItem","position":1,"name":"Start","item":"https:\/\/www.stachristiana.at\/"},{"@type":"ListItem","position":2,"name":"News","item":"https:\/\/www.stachristiana.at\/volksschule-wiener-neustadt\/berichte\/news\/"},{"@type":"ListItem","position":3,"name":"Rock4Kids &#8211; Mitmachkonzert in unserer Schule"}]},{"@type":"WebSite","@id":"https:\/\/www.stachristiana.at\/volksschule-wiener-neustadt\/#website","url":"https:\/\/www.stachristiana.at\/volksschule-wiener-neustadt\/","name":"Sta. Christiana - Private Volksschule Wr. Neustadt","description":"Sta. Christiana - Schulen zum Leben","publisher":{"@id":"https:\/\/www.stachristiana.at\/volksschule-wiener-neustadt\/#organization"},"alternateName":"Private Volksschule Wr. Neustadt","potentialAction":[{"@type":"SearchAction","target":{"@type":"EntryPoint","urlTemplate":"https:\/\/www.stachristiana.at\/volksschule-wiener-neustadt\/?s={search_term_string}"},"query-input":{"@type":"PropertyValueSpecification","valueRequired":true,"valueName":"search_term_string"}}],"inLanguage":"de"},{"@type":"Organization","@id":"https:\/\/www.stachristiana.at\/volksschule-wiener-neustadt\/#organization","name":"Sta. Christiana - Private Volksschule Wr. Neustadt","alternateName":"Private Volksschule Wr. Neustadt","url":"https:\/\/www.stachristiana.at\/volksschule-wiener-neustadt\/","logo":{"@type":"ImageObject","inLanguage":"de","@id":"https:\/\/www.stachristiana.at\/volksschule-wiener-neustadt\/#\/schema\/logo\/image\/","url":"https:\/\/www.stachristiana.at\/app\/uploads\/sites\/10\/2022\/05\/logo-sta-christiana.png","contentUrl":"https:\/\/www.stachristiana.at\/app\/uploads\/sites\/10\/2022\/05\/logo-sta-christiana.png","width":1200,"height":491,"caption":"Sta. Christiana - Private Volksschule Wr. Neustadt"},"image":{"@id":"https:\/\/www.stachristiana.at\/volksschule-wiener-neustadt\/#\/schema\/logo\/image\/"}},{"@type":"Person","@id":"https:\/\/www.stachristiana.at\/volksschule-wiener-neustadt\/#\/schema\/person\/3e74032bbcf7b4b58a7fd94f7aa70830","name":"katharinagrueneis","image":{"@type":"ImageObject","inLanguage":"de","@id":"https:\/\/www.stachristiana.at\/volksschule-wiener-neustadt\/#\/schema\/person\/image\/","url":"https:\/\/secure.gravatar.com\/avatar\/e20f0fab82e0fd043a9f71e8874f30bb8e2d306ecd5aa6a2e9ceafccc2b50222?s=96&d=mm&r=g","contentUrl":"https:\/\/secure.gravatar.com\/avatar\/e20f0fab82e0fd043a9f71e8874f30bb8e2d306ecd5aa6a2e9ceafccc2b50222?s=96&d=mm&r=g","caption":"katharinagrueneis"},"url":"https:\/\/www.stachristiana.at\/volksschule-wiener-neustadt\/author\/katharinagrueneis\/"}]}},"_links":{"self":[{"href":"https:\/\/www.stachristiana.at\/volksschule-wiener-neustadt\/wp-json\/wp\/v2\/posts\/9420","targetHints":{"allow":["GET"]}}],"collection":[{"href":"https:\/\/www.stachristiana.at\/volksschule-wiener-neustadt\/wp-json\/wp\/v2\/posts"}],"about":[{"href":"https:\/\/www.stachristiana.at\/volksschule-wiener-neustadt\/wp-json\/wp\/v2\/types\/post"}],"author":[{"embeddable":true,"href":"https:\/\/www.stachristiana.at\/volksschule-wiener-neustadt\/wp-json\/wp\/v2\/users\/43"}],"replies":[{"embeddable":true,"href":"https:\/\/www.stachristiana.at\/volksschule-wiener-neustadt\/wp-json\/wp\/v2\/comments?post=9420"}],"version-history":[{"count":4,"href":"https:\/\/www.stachristiana.at\/volksschule-wiener-neustadt\/wp-json\/wp\/v2\/posts\/9420\/revisions"}],"predecessor-version":[{"id":9430,"href":"https:\/\/www.stachristiana.at\/volksschule-wiener-neustadt\/wp-json\/wp\/v2\/posts\/9420\/revisions\/9430"}],"wp:featuredmedia":[{"embeddable":true,"href":"https:\/\/www.stachristiana.at\/volksschule-wiener-neustadt\/wp-json\/wp\/v2\/media\/9425"}],"wp:attachment":[{"href":"https:\/\/www.stachristiana.at\/volksschule-wiener-neustadt\/wp-json\/wp\/v2\/media?parent=9420"}],"wp:term":[{"taxonomy":"category","embeddable":true,"href":"https:\/\/www.stachristiana.at\/volksschule-wiener-neustadt\/wp-json\/wp\/v2\/categories?post=9420"},{"taxonomy":"post_tag","embeddable":true,"href":"https:\/\/www.stachristiana.at\/volksschule-wiener-neustadt\/wp-json\/wp\/v2\/tags?post=9420"}],"curies":[{"name":"wp","href":"https:\/\/api.w.org\/{rel}","templated":true}]}}