{"id":8867,"date":"2025-12-16T08:36:26","date_gmt":"2025-12-16T07:36:26","guid":{"rendered":"https:\/\/www.stachristiana.at\/volksschule-wiener-neustadt\/?p=8867"},"modified":"2025-12-16T08:36:28","modified_gmt":"2025-12-16T07:36:28","slug":"tag-der-offenen-tuer","status":"publish","type":"post","link":"https:\/\/www.stachristiana.at\/volksschule-wiener-neustadt\/news\/tag-der-offenen-tuer\/","title":{"rendered":"Tag der offenen T\u00fcr"},"content":{"rendered":"\n<p>Am Tag der offenen T\u00fcr tummelten sich viele G\u00e4ste durch unser Haus. Es gab Schulf\u00fchrungen mit Kindern, ein Kaffeehaus, einen Stand des Elternvereis, eine kurze Info der Direktorin, einen Bastelstand und viele interessante Einblicke in unseren Schulalltag.<\/p>\n\n\n\n<div id=\"gallery-block_44287e8d5cd0054918ff9176ff88d7ac\" class=\"gallery\">\n\t\t\n\t\t<a href=\"https:\/\/www.stachristiana.at\/app\/uploads\/sites\/10\/2025\/12\/IMG_20251127_081111_resized_20251216_071907370.jpg\" class=\"gallery-item\" data-caption=\"&lt;strong&gt;IMG_20251127_081111_resized_20251216_071907370&lt;\/strong&gt;\" data-fancybox=\"gallery-block_44287e8d5cd0054918ff9176ff88d7ac\" data-width=\"1000\" data-height=\"484\"><img loading=\"lazy\" decoding=\"async\" width=\"400\" height=\"194\" src=\"https:\/\/www.stachristiana.at\/app\/uploads\/sites\/10\/2025\/12\/IMG_20251127_081111_resized_20251216_071907370-400x194.jpg\" class=\"attachment-medium size-medium\" alt=\"\" srcset=\"https:\/\/www.stachristiana.at\/app\/uploads\/sites\/10\/2025\/12\/IMG_20251127_081111_resized_20251216_071907370-400x194.jpg 400w, https:\/\/www.stachristiana.at\/app\/uploads\/sites\/10\/2025\/12\/IMG_20251127_081111_resized_20251216_071907370-768x372.jpg 768w, https:\/\/www.stachristiana.at\/app\/uploads\/sites\/10\/2025\/12\/IMG_20251127_081111_resized_20251216_071907370-890x431.jpg 890w, https:\/\/www.stachristiana.at\/app\/uploads\/sites\/10\/2025\/12\/IMG_20251127_081111_resized_20251216_071907370-155x75.jpg 155w, https:\/\/www.stachristiana.at\/app\/uploads\/sites\/10\/2025\/12\/IMG_20251127_081111_resized_20251216_071907370.jpg 1000w\" sizes=\"auto, (max-width: 400px) 100vw, 400px\" \/><\/a>\n\n\t\t\n\t\t<a href=\"https:\/\/www.stachristiana.at\/app\/uploads\/sites\/10\/2025\/12\/IMG_20251127_081559_resized_20251216_071907094.jpg\" class=\"gallery-item\" data-caption=\"&lt;strong&gt;IMG_20251127_081559_resized_20251216_071907094&lt;\/strong&gt;\" data-fancybox=\"gallery-block_44287e8d5cd0054918ff9176ff88d7ac\" data-width=\"1000\" data-height=\"484\"><img loading=\"lazy\" decoding=\"async\" width=\"400\" height=\"194\" src=\"https:\/\/www.stachristiana.at\/app\/uploads\/sites\/10\/2025\/12\/IMG_20251127_081559_resized_20251216_071907094-400x194.jpg\" class=\"attachment-medium size-medium\" alt=\"\" srcset=\"https:\/\/www.stachristiana.at\/app\/uploads\/sites\/10\/2025\/12\/IMG_20251127_081559_resized_20251216_071907094-400x194.jpg 400w, https:\/\/www.stachristiana.at\/app\/uploads\/sites\/10\/2025\/12\/IMG_20251127_081559_resized_20251216_071907094-768x372.jpg 768w, https:\/\/www.stachristiana.at\/app\/uploads\/sites\/10\/2025\/12\/IMG_20251127_081559_resized_20251216_071907094-890x431.jpg 890w, https:\/\/www.stachristiana.at\/app\/uploads\/sites\/10\/2025\/12\/IMG_20251127_081559_resized_20251216_071907094-155x75.jpg 155w, https:\/\/www.stachristiana.at\/app\/uploads\/sites\/10\/2025\/12\/IMG_20251127_081559_resized_20251216_071907094.jpg 1000w\" sizes=\"auto, (max-width: 400px) 100vw, 400px\" \/><\/a>\n\n\t\t\n\t\t<a href=\"https:\/\/www.stachristiana.at\/app\/uploads\/sites\/10\/2025\/12\/IMG_20251127_081955_resized_20251216_071907632.jpg\" class=\"gallery-item\" data-caption=\"&lt;strong&gt;IMG_20251127_081955_resized_20251216_071907632&lt;\/strong&gt;\" data-fancybox=\"gallery-block_44287e8d5cd0054918ff9176ff88d7ac\" data-width=\"1000\" data-height=\"484\"><img loading=\"lazy\" decoding=\"async\" width=\"400\" height=\"194\" src=\"https:\/\/www.stachristiana.at\/app\/uploads\/sites\/10\/2025\/12\/IMG_20251127_081955_resized_20251216_071907632-400x194.jpg\" class=\"attachment-medium size-medium\" alt=\"\" srcset=\"https:\/\/www.stachristiana.at\/app\/uploads\/sites\/10\/2025\/12\/IMG_20251127_081955_resized_20251216_071907632-400x194.jpg 400w, https:\/\/www.stachristiana.at\/app\/uploads\/sites\/10\/2025\/12\/IMG_20251127_081955_resized_20251216_071907632-768x372.jpg 768w, https:\/\/www.stachristiana.at\/app\/uploads\/sites\/10\/2025\/12\/IMG_20251127_081955_resized_20251216_071907632-890x431.jpg 890w, https:\/\/www.stachristiana.at\/app\/uploads\/sites\/10\/2025\/12\/IMG_20251127_081955_resized_20251216_071907632-155x75.jpg 155w, https:\/\/www.stachristiana.at\/app\/uploads\/sites\/10\/2025\/12\/IMG_20251127_081955_resized_20251216_071907632.jpg 1000w\" sizes=\"auto, (max-width: 400px) 100vw, 400px\" \/><\/a>\n\n\t\t\n\t\t<a href=\"https:\/\/www.stachristiana.at\/app\/uploads\/sites\/10\/2025\/12\/IMG_20251127_084949_resized_20251216_071907875.jpg\" class=\"gallery-item\" data-caption=\"&lt;strong&gt;IMG_20251127_084949_resized_20251216_071907875&lt;\/strong&gt;\" data-fancybox=\"gallery-block_44287e8d5cd0054918ff9176ff88d7ac\" data-width=\"484\" data-height=\"1000\"><img loading=\"lazy\" decoding=\"async\" width=\"194\" height=\"400\" src=\"https:\/\/www.stachristiana.at\/app\/uploads\/sites\/10\/2025\/12\/IMG_20251127_084949_resized_20251216_071907875-194x400.jpg\" class=\"attachment-medium size-medium\" alt=\"\" srcset=\"https:\/\/www.stachristiana.at\/app\/uploads\/sites\/10\/2025\/12\/IMG_20251127_084949_resized_20251216_071907875-194x400.jpg 194w, https:\/\/www.stachristiana.at\/app\/uploads\/sites\/10\/2025\/12\/IMG_20251127_084949_resized_20251216_071907875-223x460.jpg 223w, https:\/\/www.stachristiana.at\/app\/uploads\/sites\/10\/2025\/12\/IMG_20251127_084949_resized_20251216_071907875-36x75.jpg 36w, https:\/\/www.stachristiana.at\/app\/uploads\/sites\/10\/2025\/12\/IMG_20251127_084949_resized_20251216_071907875.jpg 484w\" sizes=\"auto, (max-width: 194px) 100vw, 194px\" \/><\/a>\n\n\t\t\n\t\t<a href=\"https:\/\/www.stachristiana.at\/app\/uploads\/sites\/10\/2025\/12\/IMG_20251127_092332_resized_20251216_071906775.jpg\" class=\"gallery-item\" data-caption=\"&lt;strong&gt;IMG_20251127_092332_resized_20251216_071906775&lt;\/strong&gt;\" data-fancybox=\"gallery-block_44287e8d5cd0054918ff9176ff88d7ac\" data-width=\"1000\" data-height=\"484\"><img loading=\"lazy\" decoding=\"async\" width=\"400\" height=\"194\" src=\"https:\/\/www.stachristiana.at\/app\/uploads\/sites\/10\/2025\/12\/IMG_20251127_092332_resized_20251216_071906775-400x194.jpg\" class=\"attachment-medium size-medium\" alt=\"\" srcset=\"https:\/\/www.stachristiana.at\/app\/uploads\/sites\/10\/2025\/12\/IMG_20251127_092332_resized_20251216_071906775-400x194.jpg 400w, https:\/\/www.stachristiana.at\/app\/uploads\/sites\/10\/2025\/12\/IMG_20251127_092332_resized_20251216_071906775-768x372.jpg 768w, https:\/\/www.stachristiana.at\/app\/uploads\/sites\/10\/2025\/12\/IMG_20251127_092332_resized_20251216_071906775-890x431.jpg 890w, https:\/\/www.stachristiana.at\/app\/uploads\/sites\/10\/2025\/12\/IMG_20251127_092332_resized_20251216_071906775-155x75.jpg 155w, https:\/\/www.stachristiana.at\/app\/uploads\/sites\/10\/2025\/12\/IMG_20251127_092332_resized_20251216_071906775.jpg 1000w\" sizes=\"auto, (max-width: 400px) 100vw, 400px\" \/><\/a>\n\n\t\t\n\t\t<a href=\"https:\/\/www.stachristiana.at\/app\/uploads\/sites\/10\/2025\/12\/IMG_20251127_103224_resized_20251216_071937923.jpg\" class=\"gallery-item\" data-caption=\"&lt;strong&gt;IMG_20251127_103224_resized_20251216_071937923&lt;\/strong&gt;\" data-fancybox=\"gallery-block_44287e8d5cd0054918ff9176ff88d7ac\" data-width=\"968\" data-height=\"2000\"><img loading=\"lazy\" decoding=\"async\" width=\"194\" height=\"400\" src=\"https:\/\/www.stachristiana.at\/app\/uploads\/sites\/10\/2025\/12\/IMG_20251127_103224_resized_20251216_071937923-194x400.jpg\" class=\"attachment-medium size-medium\" alt=\"\" srcset=\"https:\/\/www.stachristiana.at\/app\/uploads\/sites\/10\/2025\/12\/IMG_20251127_103224_resized_20251216_071937923-194x400.jpg 194w, https:\/\/www.stachristiana.at\/app\/uploads\/sites\/10\/2025\/12\/IMG_20251127_103224_resized_20251216_071937923-496x1024.jpg 496w, https:\/\/www.stachristiana.at\/app\/uploads\/sites\/10\/2025\/12\/IMG_20251127_103224_resized_20251216_071937923-768x1587.jpg 768w, https:\/\/www.stachristiana.at\/app\/uploads\/sites\/10\/2025\/12\/IMG_20251127_103224_resized_20251216_071937923-743x1536.jpg 743w, https:\/\/www.stachristiana.at\/app\/uploads\/sites\/10\/2025\/12\/IMG_20251127_103224_resized_20251216_071937923-223x460.jpg 223w, https:\/\/www.stachristiana.at\/app\/uploads\/sites\/10\/2025\/12\/IMG_20251127_103224_resized_20251216_071937923-36x75.jpg 36w, https:\/\/www.stachristiana.at\/app\/uploads\/sites\/10\/2025\/12\/IMG_20251127_103224_resized_20251216_071937923.jpg 968w\" sizes=\"auto, (max-width: 194px) 100vw, 194px\" \/><\/a>\n\n\t\t\n\t\t<a href=\"https:\/\/www.stachristiana.at\/app\/uploads\/sites\/10\/2025\/12\/IMG-20251127-WA0006.jpg\" class=\"gallery-item\" data-caption=\"&lt;strong&gt;IMG-20251127-WA0006&lt;\/strong&gt;\" data-fancybox=\"gallery-block_44287e8d5cd0054918ff9176ff88d7ac\" data-width=\"1536\" data-height=\"2048\"><img loading=\"lazy\" decoding=\"async\" width=\"300\" height=\"400\" src=\"https:\/\/www.stachristiana.at\/app\/uploads\/sites\/10\/2025\/12\/IMG-20251127-WA0006-300x400.jpg\" class=\"attachment-medium size-medium\" alt=\"\" srcset=\"https:\/\/www.stachristiana.at\/app\/uploads\/sites\/10\/2025\/12\/IMG-20251127-WA0006-300x400.jpg 300w, https:\/\/www.stachristiana.at\/app\/uploads\/sites\/10\/2025\/12\/IMG-20251127-WA0006-768x1024.jpg 768w, https:\/\/www.stachristiana.at\/app\/uploads\/sites\/10\/2025\/12\/IMG-20251127-WA0006-1152x1536.jpg 1152w, https:\/\/www.stachristiana.at\/app\/uploads\/sites\/10\/2025\/12\/IMG-20251127-WA0006-345x460.jpg 345w, https:\/\/www.stachristiana.at\/app\/uploads\/sites\/10\/2025\/12\/IMG-20251127-WA0006-56x75.jpg 56w, https:\/\/www.stachristiana.at\/app\/uploads\/sites\/10\/2025\/12\/IMG-20251127-WA0006.jpg 1536w\" sizes=\"auto, (max-width: 300px) 100vw, 300px\" \/><\/a>\n\n\t\t\n\t\t<a href=\"https:\/\/www.stachristiana.at\/app\/uploads\/sites\/10\/2025\/12\/IMG-20251127-WA0007.jpg\" class=\"gallery-item\" data-caption=\"&lt;strong&gt;IMG-20251127-WA0007&lt;\/strong&gt;\" data-fancybox=\"gallery-block_44287e8d5cd0054918ff9176ff88d7ac\" data-width=\"2048\" data-height=\"1536\"><img loading=\"lazy\" decoding=\"async\" width=\"400\" height=\"300\" src=\"https:\/\/www.stachristiana.at\/app\/uploads\/sites\/10\/2025\/12\/IMG-20251127-WA0007-400x300.jpg\" class=\"attachment-medium size-medium\" alt=\"\" srcset=\"https:\/\/www.stachristiana.at\/app\/uploads\/sites\/10\/2025\/12\/IMG-20251127-WA0007-400x300.jpg 400w, https:\/\/www.stachristiana.at\/app\/uploads\/sites\/10\/2025\/12\/IMG-20251127-WA0007-1024x768.jpg 1024w, https:\/\/www.stachristiana.at\/app\/uploads\/sites\/10\/2025\/12\/IMG-20251127-WA0007-768x576.jpg 768w, https:\/\/www.stachristiana.at\/app\/uploads\/sites\/10\/2025\/12\/IMG-20251127-WA0007-1536x1152.jpg 1536w, https:\/\/www.stachristiana.at\/app\/uploads\/sites\/10\/2025\/12\/IMG-20251127-WA0007-613x460.jpg 613w, https:\/\/www.stachristiana.at\/app\/uploads\/sites\/10\/2025\/12\/IMG-20251127-WA0007-100x75.jpg 100w, https:\/\/www.stachristiana.at\/app\/uploads\/sites\/10\/2025\/12\/IMG-20251127-WA0007.jpg 2048w\" sizes=\"auto, (max-width: 400px) 100vw, 400px\" \/><\/a>\n\n\t\t\n\t\t<a href=\"https:\/\/www.stachristiana.at\/app\/uploads\/sites\/10\/2025\/12\/IMG-20251127-WA0012.jpg\" class=\"gallery-item\" data-caption=\"&lt;strong&gt;IMG-20251127-WA0012&lt;\/strong&gt;\" data-fancybox=\"gallery-block_44287e8d5cd0054918ff9176ff88d7ac\" data-width=\"2048\" data-height=\"1536\"><img loading=\"lazy\" decoding=\"async\" width=\"400\" height=\"300\" src=\"https:\/\/www.stachristiana.at\/app\/uploads\/sites\/10\/2025\/12\/IMG-20251127-WA0012-400x300.jpg\" class=\"attachment-medium size-medium\" alt=\"\" srcset=\"https:\/\/www.stachristiana.at\/app\/uploads\/sites\/10\/2025\/12\/IMG-20251127-WA0012-400x300.jpg 400w, https:\/\/www.stachristiana.at\/app\/uploads\/sites\/10\/2025\/12\/IMG-20251127-WA0012-1024x768.jpg 1024w, https:\/\/www.stachristiana.at\/app\/uploads\/sites\/10\/2025\/12\/IMG-20251127-WA0012-768x576.jpg 768w, https:\/\/www.stachristiana.at\/app\/uploads\/sites\/10\/2025\/12\/IMG-20251127-WA0012-1536x1152.jpg 1536w, https:\/\/www.stachristiana.at\/app\/uploads\/sites\/10\/2025\/12\/IMG-20251127-WA0012-613x460.jpg 613w, https:\/\/www.stachristiana.at\/app\/uploads\/sites\/10\/2025\/12\/IMG-20251127-WA0012-100x75.jpg 100w, https:\/\/www.stachristiana.at\/app\/uploads\/sites\/10\/2025\/12\/IMG-20251127-WA0012.jpg 2048w\" sizes=\"auto, (max-width: 400px) 100vw, 400px\" \/><\/a>\n\n\t\t\n\t\t<a href=\"https:\/\/www.stachristiana.at\/app\/uploads\/sites\/10\/2025\/12\/IMG-20251127-WA0015.jpg\" class=\"gallery-item\" data-caption=\"&lt;strong&gt;IMG-20251127-WA0015&lt;\/strong&gt;\" data-fancybox=\"gallery-block_44287e8d5cd0054918ff9176ff88d7ac\" data-width=\"2048\" data-height=\"1536\"><img loading=\"lazy\" decoding=\"async\" width=\"400\" height=\"300\" src=\"https:\/\/www.stachristiana.at\/app\/uploads\/sites\/10\/2025\/12\/IMG-20251127-WA0015-400x300.jpg\" class=\"attachment-medium size-medium\" alt=\"\" srcset=\"https:\/\/www.stachristiana.at\/app\/uploads\/sites\/10\/2025\/12\/IMG-20251127-WA0015-400x300.jpg 400w, https:\/\/www.stachristiana.at\/app\/uploads\/sites\/10\/2025\/12\/IMG-20251127-WA0015-1024x768.jpg 1024w, https:\/\/www.stachristiana.at\/app\/uploads\/sites\/10\/2025\/12\/IMG-20251127-WA0015-768x576.jpg 768w, https:\/\/www.stachristiana.at\/app\/uploads\/sites\/10\/2025\/12\/IMG-20251127-WA0015-1536x1152.jpg 1536w, https:\/\/www.stachristiana.at\/app\/uploads\/sites\/10\/2025\/12\/IMG-20251127-WA0015-613x460.jpg 613w, https:\/\/www.stachristiana.at\/app\/uploads\/sites\/10\/2025\/12\/IMG-20251127-WA0015-100x75.jpg 100w, https:\/\/www.stachristiana.at\/app\/uploads\/sites\/10\/2025\/12\/IMG-20251127-WA0015.jpg 2048w\" sizes=\"auto, (max-width: 400px) 100vw, 400px\" \/><\/a>\n\n\t<\/div>\n\n","protected":false},"excerpt":{"rendered":"<p>Am Tag der offenen T\u00fcr tummelten sich viele G\u00e4ste durch unser Haus. Es gab Schulf\u00fchrungen mit Kindern, ein Kaffeehaus, einen Stand des Elternvereis, eine kurze Info der Direktorin, einen Bastelstand und viele interessante Einblicke in unseren Schulalltag.<\/p>\n","protected":false},"author":28,"featured_media":8871,"comment_status":"closed","ping_status":"closed","sticky":false,"template":"","format":"standard","meta":{"footnotes":""},"categories":[1],"tags":[],"class_list":["post-8867","post","type-post","status-publish","format-standard","has-post-thumbnail","hentry","category-news"],"acf":[],"yoast_head":"<!-- This site is optimized with the Yoast SEO plugin v26.8 - https:\/\/yoast.com\/product\/yoast-seo-wordpress\/ -->\n<title>Tag der offenen T\u00fcr - Volksschule Wr. Neustadt<\/title>\n<meta name=\"robots\" content=\"index, follow, max-snippet:-1, max-image-preview:large, max-video-preview:-1\" \/>\n<link rel=\"canonical\" href=\"https:\/\/www.stachristiana.at\/volksschule-wiener-neustadt\/news\/tag-der-offenen-tuer\/\" \/>\n<meta property=\"og:locale\" content=\"de_DE\" \/>\n<meta property=\"og:type\" content=\"article\" \/>\n<meta property=\"og:title\" content=\"Tag der offenen T\u00fcr - Volksschule Wr. Neustadt\" \/>\n<meta property=\"og:description\" content=\"Am Tag der offenen T\u00fcr tummelten sich viele G\u00e4ste durch unser Haus. Es gab Schulf\u00fchrungen mit Kindern, ein Kaffeehaus, einen Stand des Elternvereis, eine kurze Info der Direktorin, einen Bastelstand und viele interessante Einblicke in unseren Schulalltag.\" \/>\n<meta property=\"og:url\" content=\"https:\/\/www.stachristiana.at\/volksschule-wiener-neustadt\/news\/tag-der-offenen-tuer\/\" \/>\n<meta property=\"og:site_name\" content=\"Volksschule Wr. Neustadt\" \/>\n<meta property=\"article:published_time\" content=\"2025-12-16T07:36:26+00:00\" \/>\n<meta property=\"article:modified_time\" content=\"2025-12-16T07:36:28+00:00\" \/>\n<meta property=\"og:image\" content=\"https:\/\/www.stachristiana.at\/app\/uploads\/sites\/10\/2025\/12\/IMG_20251127_084949_resized_20251216_071907875.jpg\" \/>\n\t<meta property=\"og:image:width\" content=\"484\" \/>\n\t<meta property=\"og:image:height\" content=\"1000\" \/>\n\t<meta property=\"og:image:type\" content=\"image\/jpeg\" \/>\n<meta name=\"author\" content=\"martina\" \/>\n<meta name=\"twitter:card\" content=\"summary_large_image\" \/>\n<meta name=\"twitter:label1\" content=\"Verfasst von\" \/>\n\t<meta name=\"twitter:data1\" content=\"martina\" \/>\n\t<meta name=\"twitter:label2\" content=\"Gesch\u00e4tzte Lesezeit\" \/>\n\t<meta name=\"twitter:data2\" content=\"1\u00a0Minute\" \/>\n<script type=\"application\/ld+json\" class=\"yoast-schema-graph\">{\"@context\":\"https:\/\/schema.org\",\"@graph\":[{\"@type\":\"Article\",\"@id\":\"https:\/\/www.stachristiana.at\/volksschule-wiener-neustadt\/news\/tag-der-offenen-tuer\/#article\",\"isPartOf\":{\"@id\":\"https:\/\/www.stachristiana.at\/volksschule-wiener-neustadt\/news\/tag-der-offenen-tuer\/\"},\"author\":{\"name\":\"martina\",\"@id\":\"https:\/\/www.stachristiana.at\/volksschule-wiener-neustadt\/#\/schema\/person\/2085142df5962a80b63fd5730970b5b3\"},\"headline\":\"Tag der offenen T\u00fcr\",\"datePublished\":\"2025-12-16T07:36:26+00:00\",\"dateModified\":\"2025-12-16T07:36:28+00:00\",\"mainEntityOfPage\":{\"@id\":\"https:\/\/www.stachristiana.at\/volksschule-wiener-neustadt\/news\/tag-der-offenen-tuer\/\"},\"wordCount\":45,\"publisher\":{\"@id\":\"https:\/\/www.stachristiana.at\/volksschule-wiener-neustadt\/#organization\"},\"image\":{\"@id\":\"https:\/\/www.stachristiana.at\/volksschule-wiener-neustadt\/news\/tag-der-offenen-tuer\/#primaryimage\"},\"thumbnailUrl\":\"https:\/\/www.stachristiana.at\/app\/uploads\/sites\/10\/2025\/12\/IMG_20251127_084949_resized_20251216_071907875.jpg\",\"articleSection\":[\"News\"],\"inLanguage\":\"de\"},{\"@type\":\"WebPage\",\"@id\":\"https:\/\/www.stachristiana.at\/volksschule-wiener-neustadt\/news\/tag-der-offenen-tuer\/\",\"url\":\"https:\/\/www.stachristiana.at\/volksschule-wiener-neustadt\/news\/tag-der-offenen-tuer\/\",\"name\":\"Tag der offenen T\u00fcr - Volksschule Wr. Neustadt\",\"isPartOf\":{\"@id\":\"https:\/\/www.stachristiana.at\/volksschule-wiener-neustadt\/#website\"},\"primaryImageOfPage\":{\"@id\":\"https:\/\/www.stachristiana.at\/volksschule-wiener-neustadt\/news\/tag-der-offenen-tuer\/#primaryimage\"},\"image\":{\"@id\":\"https:\/\/www.stachristiana.at\/volksschule-wiener-neustadt\/news\/tag-der-offenen-tuer\/#primaryimage\"},\"thumbnailUrl\":\"https:\/\/www.stachristiana.at\/app\/uploads\/sites\/10\/2025\/12\/IMG_20251127_084949_resized_20251216_071907875.jpg\",\"datePublished\":\"2025-12-16T07:36:26+00:00\",\"dateModified\":\"2025-12-16T07:36:28+00:00\",\"breadcrumb\":{\"@id\":\"https:\/\/www.stachristiana.at\/volksschule-wiener-neustadt\/news\/tag-der-offenen-tuer\/#breadcrumb\"},\"inLanguage\":\"de\",\"potentialAction\":[{\"@type\":\"ReadAction\",\"target\":[\"https:\/\/www.stachristiana.at\/volksschule-wiener-neustadt\/news\/tag-der-offenen-tuer\/\"]}]},{\"@type\":\"ImageObject\",\"inLanguage\":\"de\",\"@id\":\"https:\/\/www.stachristiana.at\/volksschule-wiener-neustadt\/news\/tag-der-offenen-tuer\/#primaryimage\",\"url\":\"https:\/\/www.stachristiana.at\/app\/uploads\/sites\/10\/2025\/12\/IMG_20251127_084949_resized_20251216_071907875.jpg\",\"contentUrl\":\"https:\/\/www.stachristiana.at\/app\/uploads\/sites\/10\/2025\/12\/IMG_20251127_084949_resized_20251216_071907875.jpg\",\"width\":484,\"height\":1000},{\"@type\":\"BreadcrumbList\",\"@id\":\"https:\/\/www.stachristiana.at\/volksschule-wiener-neustadt\/news\/tag-der-offenen-tuer\/#breadcrumb\",\"itemListElement\":[{\"@type\":\"ListItem\",\"position\":1,\"name\":\"Start\",\"item\":\"https:\/\/www.stachristiana.at\/\"},{\"@type\":\"ListItem\",\"position\":2,\"name\":\"News\",\"item\":\"https:\/\/www.stachristiana.at\/volksschule-wiener-neustadt\/berichte\/news\/\"},{\"@type\":\"ListItem\",\"position\":3,\"name\":\"Tag der offenen T\u00fcr\"}]},{\"@type\":\"WebSite\",\"@id\":\"https:\/\/www.stachristiana.at\/volksschule-wiener-neustadt\/#website\",\"url\":\"https:\/\/www.stachristiana.at\/volksschule-wiener-neustadt\/\",\"name\":\"Sta. Christiana - Private Volksschule Wr. Neustadt\",\"description\":\"Sta. Christiana - Schulen zum Leben\",\"publisher\":{\"@id\":\"https:\/\/www.stachristiana.at\/volksschule-wiener-neustadt\/#organization\"},\"alternateName\":\"Private Volksschule Wr. Neustadt\",\"potentialAction\":[{\"@type\":\"SearchAction\",\"target\":{\"@type\":\"EntryPoint\",\"urlTemplate\":\"https:\/\/www.stachristiana.at\/volksschule-wiener-neustadt\/?s={search_term_string}\"},\"query-input\":{\"@type\":\"PropertyValueSpecification\",\"valueRequired\":true,\"valueName\":\"search_term_string\"}}],\"inLanguage\":\"de\"},{\"@type\":\"Organization\",\"@id\":\"https:\/\/www.stachristiana.at\/volksschule-wiener-neustadt\/#organization\",\"name\":\"Sta. Christiana - Private Volksschule Wr. Neustadt\",\"alternateName\":\"Private Volksschule Wr. Neustadt\",\"url\":\"https:\/\/www.stachristiana.at\/volksschule-wiener-neustadt\/\",\"logo\":{\"@type\":\"ImageObject\",\"inLanguage\":\"de\",\"@id\":\"https:\/\/www.stachristiana.at\/volksschule-wiener-neustadt\/#\/schema\/logo\/image\/\",\"url\":\"https:\/\/www.stachristiana.at\/app\/uploads\/sites\/10\/2022\/05\/logo-sta-christiana.png\",\"contentUrl\":\"https:\/\/www.stachristiana.at\/app\/uploads\/sites\/10\/2022\/05\/logo-sta-christiana.png\",\"width\":1200,\"height\":491,\"caption\":\"Sta. Christiana - Private Volksschule Wr. Neustadt\"},\"image\":{\"@id\":\"https:\/\/www.stachristiana.at\/volksschule-wiener-neustadt\/#\/schema\/logo\/image\/\"}},{\"@type\":\"Person\",\"@id\":\"https:\/\/www.stachristiana.at\/volksschule-wiener-neustadt\/#\/schema\/person\/2085142df5962a80b63fd5730970b5b3\",\"name\":\"martina\",\"image\":{\"@type\":\"ImageObject\",\"inLanguage\":\"de\",\"@id\":\"https:\/\/www.stachristiana.at\/volksschule-wiener-neustadt\/#\/schema\/person\/image\/\",\"url\":\"https:\/\/secure.gravatar.com\/avatar\/930b30f26d0da25b10d82130dd2c3c10fd16fa60d52c3913eec5445937ea1c91?s=96&d=mm&r=g\",\"contentUrl\":\"https:\/\/secure.gravatar.com\/avatar\/930b30f26d0da25b10d82130dd2c3c10fd16fa60d52c3913eec5445937ea1c91?s=96&d=mm&r=g\",\"caption\":\"martina\"},\"url\":\"https:\/\/www.stachristiana.at\/volksschule-wiener-neustadt\/author\/martina\/\"}]}<\/script>\n<!-- \/ Yoast SEO plugin. -->","yoast_head_json":{"title":"Tag der offenen T\u00fcr - Volksschule Wr. Neustadt","robots":{"index":"index","follow":"follow","max-snippet":"max-snippet:-1","max-image-preview":"max-image-preview:large","max-video-preview":"max-video-preview:-1"},"canonical":"https:\/\/www.stachristiana.at\/volksschule-wiener-neustadt\/news\/tag-der-offenen-tuer\/","og_locale":"de_DE","og_type":"article","og_title":"Tag der offenen T\u00fcr - Volksschule Wr. Neustadt","og_description":"Am Tag der offenen T\u00fcr tummelten sich viele G\u00e4ste durch unser Haus. Es gab Schulf\u00fchrungen mit Kindern, ein Kaffeehaus, einen Stand des Elternvereis, eine kurze Info der Direktorin, einen Bastelstand und viele interessante Einblicke in unseren Schulalltag.","og_url":"https:\/\/www.stachristiana.at\/volksschule-wiener-neustadt\/news\/tag-der-offenen-tuer\/","og_site_name":"Volksschule Wr. Neustadt","article_published_time":"2025-12-16T07:36:26+00:00","article_modified_time":"2025-12-16T07:36:28+00:00","og_image":[{"width":484,"height":1000,"url":"https:\/\/www.stachristiana.at\/app\/uploads\/sites\/10\/2025\/12\/IMG_20251127_084949_resized_20251216_071907875.jpg","type":"image\/jpeg"}],"author":"martina","twitter_card":"summary_large_image","twitter_misc":{"Verfasst von":"martina","Gesch\u00e4tzte Lesezeit":"1\u00a0Minute"},"schema":{"@context":"https:\/\/schema.org","@graph":[{"@type":"Article","@id":"https:\/\/www.stachristiana.at\/volksschule-wiener-neustadt\/news\/tag-der-offenen-tuer\/#article","isPartOf":{"@id":"https:\/\/www.stachristiana.at\/volksschule-wiener-neustadt\/news\/tag-der-offenen-tuer\/"},"author":{"name":"martina","@id":"https:\/\/www.stachristiana.at\/volksschule-wiener-neustadt\/#\/schema\/person\/2085142df5962a80b63fd5730970b5b3"},"headline":"Tag der offenen T\u00fcr","datePublished":"2025-12-16T07:36:26+00:00","dateModified":"2025-12-16T07:36:28+00:00","mainEntityOfPage":{"@id":"https:\/\/www.stachristiana.at\/volksschule-wiener-neustadt\/news\/tag-der-offenen-tuer\/"},"wordCount":45,"publisher":{"@id":"https:\/\/www.stachristiana.at\/volksschule-wiener-neustadt\/#organization"},"image":{"@id":"https:\/\/www.stachristiana.at\/volksschule-wiener-neustadt\/news\/tag-der-offenen-tuer\/#primaryimage"},"thumbnailUrl":"https:\/\/www.stachristiana.at\/app\/uploads\/sites\/10\/2025\/12\/IMG_20251127_084949_resized_20251216_071907875.jpg","articleSection":["News"],"inLanguage":"de"},{"@type":"WebPage","@id":"https:\/\/www.stachristiana.at\/volksschule-wiener-neustadt\/news\/tag-der-offenen-tuer\/","url":"https:\/\/www.stachristiana.at\/volksschule-wiener-neustadt\/news\/tag-der-offenen-tuer\/","name":"Tag der offenen T\u00fcr - Volksschule Wr. Neustadt","isPartOf":{"@id":"https:\/\/www.stachristiana.at\/volksschule-wiener-neustadt\/#website"},"primaryImageOfPage":{"@id":"https:\/\/www.stachristiana.at\/volksschule-wiener-neustadt\/news\/tag-der-offenen-tuer\/#primaryimage"},"image":{"@id":"https:\/\/www.stachristiana.at\/volksschule-wiener-neustadt\/news\/tag-der-offenen-tuer\/#primaryimage"},"thumbnailUrl":"https:\/\/www.stachristiana.at\/app\/uploads\/sites\/10\/2025\/12\/IMG_20251127_084949_resized_20251216_071907875.jpg","datePublished":"2025-12-16T07:36:26+00:00","dateModified":"2025-12-16T07:36:28+00:00","breadcrumb":{"@id":"https:\/\/www.stachristiana.at\/volksschule-wiener-neustadt\/news\/tag-der-offenen-tuer\/#breadcrumb"},"inLanguage":"de","potentialAction":[{"@type":"ReadAction","target":["https:\/\/www.stachristiana.at\/volksschule-wiener-neustadt\/news\/tag-der-offenen-tuer\/"]}]},{"@type":"ImageObject","inLanguage":"de","@id":"https:\/\/www.stachristiana.at\/volksschule-wiener-neustadt\/news\/tag-der-offenen-tuer\/#primaryimage","url":"https:\/\/www.stachristiana.at\/app\/uploads\/sites\/10\/2025\/12\/IMG_20251127_084949_resized_20251216_071907875.jpg","contentUrl":"https:\/\/www.stachristiana.at\/app\/uploads\/sites\/10\/2025\/12\/IMG_20251127_084949_resized_20251216_071907875.jpg","width":484,"height":1000},{"@type":"BreadcrumbList","@id":"https:\/\/www.stachristiana.at\/volksschule-wiener-neustadt\/news\/tag-der-offenen-tuer\/#breadcrumb","itemListElement":[{"@type":"ListItem","position":1,"name":"Start","item":"https:\/\/www.stachristiana.at\/"},{"@type":"ListItem","position":2,"name":"News","item":"https:\/\/www.stachristiana.at\/volksschule-wiener-neustadt\/berichte\/news\/"},{"@type":"ListItem","position":3,"name":"Tag der offenen T\u00fcr"}]},{"@type":"WebSite","@id":"https:\/\/www.stachristiana.at\/volksschule-wiener-neustadt\/#website","url":"https:\/\/www.stachristiana.at\/volksschule-wiener-neustadt\/","name":"Sta. Christiana - Private Volksschule Wr. Neustadt","description":"Sta. Christiana - Schulen zum Leben","publisher":{"@id":"https:\/\/www.stachristiana.at\/volksschule-wiener-neustadt\/#organization"},"alternateName":"Private Volksschule Wr. Neustadt","potentialAction":[{"@type":"SearchAction","target":{"@type":"EntryPoint","urlTemplate":"https:\/\/www.stachristiana.at\/volksschule-wiener-neustadt\/?s={search_term_string}"},"query-input":{"@type":"PropertyValueSpecification","valueRequired":true,"valueName":"search_term_string"}}],"inLanguage":"de"},{"@type":"Organization","@id":"https:\/\/www.stachristiana.at\/volksschule-wiener-neustadt\/#organization","name":"Sta. Christiana - Private Volksschule Wr. Neustadt","alternateName":"Private Volksschule Wr. Neustadt","url":"https:\/\/www.stachristiana.at\/volksschule-wiener-neustadt\/","logo":{"@type":"ImageObject","inLanguage":"de","@id":"https:\/\/www.stachristiana.at\/volksschule-wiener-neustadt\/#\/schema\/logo\/image\/","url":"https:\/\/www.stachristiana.at\/app\/uploads\/sites\/10\/2022\/05\/logo-sta-christiana.png","contentUrl":"https:\/\/www.stachristiana.at\/app\/uploads\/sites\/10\/2022\/05\/logo-sta-christiana.png","width":1200,"height":491,"caption":"Sta. Christiana - Private Volksschule Wr. Neustadt"},"image":{"@id":"https:\/\/www.stachristiana.at\/volksschule-wiener-neustadt\/#\/schema\/logo\/image\/"}},{"@type":"Person","@id":"https:\/\/www.stachristiana.at\/volksschule-wiener-neustadt\/#\/schema\/person\/2085142df5962a80b63fd5730970b5b3","name":"martina","image":{"@type":"ImageObject","inLanguage":"de","@id":"https:\/\/www.stachristiana.at\/volksschule-wiener-neustadt\/#\/schema\/person\/image\/","url":"https:\/\/secure.gravatar.com\/avatar\/930b30f26d0da25b10d82130dd2c3c10fd16fa60d52c3913eec5445937ea1c91?s=96&d=mm&r=g","contentUrl":"https:\/\/secure.gravatar.com\/avatar\/930b30f26d0da25b10d82130dd2c3c10fd16fa60d52c3913eec5445937ea1c91?s=96&d=mm&r=g","caption":"martina"},"url":"https:\/\/www.stachristiana.at\/volksschule-wiener-neustadt\/author\/martina\/"}]}},"_links":{"self":[{"href":"https:\/\/www.stachristiana.at\/volksschule-wiener-neustadt\/wp-json\/wp\/v2\/posts\/8867","targetHints":{"allow":["GET"]}}],"collection":[{"href":"https:\/\/www.stachristiana.at\/volksschule-wiener-neustadt\/wp-json\/wp\/v2\/posts"}],"about":[{"href":"https:\/\/www.stachristiana.at\/volksschule-wiener-neustadt\/wp-json\/wp\/v2\/types\/post"}],"author":[{"embeddable":true,"href":"https:\/\/www.stachristiana.at\/volksschule-wiener-neustadt\/wp-json\/wp\/v2\/users\/28"}],"replies":[{"embeddable":true,"href":"https:\/\/www.stachristiana.at\/volksschule-wiener-neustadt\/wp-json\/wp\/v2\/comments?post=8867"}],"version-history":[{"count":2,"href":"https:\/\/www.stachristiana.at\/volksschule-wiener-neustadt\/wp-json\/wp\/v2\/posts\/8867\/revisions"}],"predecessor-version":[{"id":8879,"href":"https:\/\/www.stachristiana.at\/volksschule-wiener-neustadt\/wp-json\/wp\/v2\/posts\/8867\/revisions\/8879"}],"wp:featuredmedia":[{"embeddable":true,"href":"https:\/\/www.stachristiana.at\/volksschule-wiener-neustadt\/wp-json\/wp\/v2\/media\/8871"}],"wp:attachment":[{"href":"https:\/\/www.stachristiana.at\/volksschule-wiener-neustadt\/wp-json\/wp\/v2\/media?parent=8867"}],"wp:term":[{"taxonomy":"category","embeddable":true,"href":"https:\/\/www.stachristiana.at\/volksschule-wiener-neustadt\/wp-json\/wp\/v2\/categories?post=8867"},{"taxonomy":"post_tag","embeddable":true,"href":"https:\/\/www.stachristiana.at\/volksschule-wiener-neustadt\/wp-json\/wp\/v2\/tags?post=8867"}],"curies":[{"name":"wp","href":"https:\/\/api.w.org\/{rel}","templated":true}]}}