{"id":7633,"date":"2025-04-27T18:27:04","date_gmt":"2025-04-27T16:27:04","guid":{"rendered":"https:\/\/www.stachristiana.at\/volksschule-wiener-neustadt\/?p=7633"},"modified":"2025-05-06T10:34:48","modified_gmt":"2025-05-06T08:34:48","slug":"erstkommunion","status":"publish","type":"post","link":"https:\/\/www.stachristiana.at\/volksschule-wiener-neustadt\/news-3a-25-26\/erstkommunion\/","title":{"rendered":"Erstkommunion"},"content":{"rendered":"\n<p>Mit der Ostermesse bereiteten wir noch einmal auf unsere Erstkommunion vor. Auf dem Kreuz im Windfang befestigten wir unsere Blumen, die unser Herz erbl\u00fchen lie\u00dfen. Am 26.4. war es dann so weit und wir durften unsere Erstkommunion feiern. Es war ein sehr sch\u00f6nes Fest.<\/p>\n\n\n\n<div id=\"classes-block_2f1cb51c89dabdaf4cdbd441bbc0cb00\" class=\"classes\">\n\t\t\n\t\t<a href=\"https:\/\/www.stachristiana.at\/app\/uploads\/sites\/10\/2025\/04\/kom.1.jpg\" class=\"classes-item\" data-caption=\"&lt;strong&gt;kom.1&lt;\/strong&gt; \" data-fancybox=\"classes-block_2f1cb51c89dabdaf4cdbd441bbc0cb00\" data-width=\"900\" data-height=\"420\">\n\t\t\t<img loading=\"lazy\" decoding=\"async\" width=\"400\" height=\"187\" src=\"https:\/\/www.stachristiana.at\/app\/uploads\/sites\/10\/2025\/04\/kom.1-400x187.jpg\" class=\"attachment-medium size-medium\" alt=\"\" srcset=\"https:\/\/www.stachristiana.at\/app\/uploads\/sites\/10\/2025\/04\/kom.1-400x187.jpg 400w, https:\/\/www.stachristiana.at\/app\/uploads\/sites\/10\/2025\/04\/kom.1-768x358.jpg 768w, https:\/\/www.stachristiana.at\/app\/uploads\/sites\/10\/2025\/04\/kom.1-890x415.jpg 890w, https:\/\/www.stachristiana.at\/app\/uploads\/sites\/10\/2025\/04\/kom.1-161x75.jpg 161w, https:\/\/www.stachristiana.at\/app\/uploads\/sites\/10\/2025\/04\/kom.1.jpg 900w\" sizes=\"auto, (max-width: 400px) 100vw, 400px\" \/>\t\t\t<span class=\"classes-item-caption\">\n\t\t\t\t<span class=\"caption-short\">kom.1<\/span>\n\t\t\t\t<span class=\"caption-supervisors\"><\/span>\n\t\t\t<\/span>\n\t\t<\/a>\n\n\t\t\n\t\t<a href=\"https:\/\/www.stachristiana.at\/app\/uploads\/sites\/10\/2025\/04\/kom.2.jpg\" class=\"classes-item\" data-caption=\"&lt;strong&gt;kom.2&lt;\/strong&gt; \" data-fancybox=\"classes-block_2f1cb51c89dabdaf4cdbd441bbc0cb00\" data-width=\"900\" data-height=\"420\">\n\t\t\t<img loading=\"lazy\" decoding=\"async\" width=\"400\" height=\"187\" src=\"https:\/\/www.stachristiana.at\/app\/uploads\/sites\/10\/2025\/04\/kom.2-400x187.jpg\" class=\"attachment-medium size-medium\" alt=\"\" srcset=\"https:\/\/www.stachristiana.at\/app\/uploads\/sites\/10\/2025\/04\/kom.2-400x187.jpg 400w, https:\/\/www.stachristiana.at\/app\/uploads\/sites\/10\/2025\/04\/kom.2-768x358.jpg 768w, https:\/\/www.stachristiana.at\/app\/uploads\/sites\/10\/2025\/04\/kom.2-890x415.jpg 890w, https:\/\/www.stachristiana.at\/app\/uploads\/sites\/10\/2025\/04\/kom.2-161x75.jpg 161w, https:\/\/www.stachristiana.at\/app\/uploads\/sites\/10\/2025\/04\/kom.2.jpg 900w\" sizes=\"auto, (max-width: 400px) 100vw, 400px\" \/>\t\t\t<span class=\"classes-item-caption\">\n\t\t\t\t<span class=\"caption-short\">kom.2<\/span>\n\t\t\t\t<span class=\"caption-supervisors\"><\/span>\n\t\t\t<\/span>\n\t\t<\/a>\n\n\t\t\n\t\t<a href=\"https:\/\/www.stachristiana.at\/app\/uploads\/sites\/10\/2025\/04\/kom.3.jpg\" class=\"classes-item\" data-caption=\"&lt;strong&gt;kom.3&lt;\/strong&gt; \" data-fancybox=\"classes-block_2f1cb51c89dabdaf4cdbd441bbc0cb00\" data-width=\"900\" data-height=\"420\">\n\t\t\t<img loading=\"lazy\" decoding=\"async\" width=\"400\" height=\"187\" src=\"https:\/\/www.stachristiana.at\/app\/uploads\/sites\/10\/2025\/04\/kom.3-400x187.jpg\" class=\"attachment-medium size-medium\" alt=\"\" srcset=\"https:\/\/www.stachristiana.at\/app\/uploads\/sites\/10\/2025\/04\/kom.3-400x187.jpg 400w, https:\/\/www.stachristiana.at\/app\/uploads\/sites\/10\/2025\/04\/kom.3-768x358.jpg 768w, https:\/\/www.stachristiana.at\/app\/uploads\/sites\/10\/2025\/04\/kom.3-890x415.jpg 890w, https:\/\/www.stachristiana.at\/app\/uploads\/sites\/10\/2025\/04\/kom.3-161x75.jpg 161w, https:\/\/www.stachristiana.at\/app\/uploads\/sites\/10\/2025\/04\/kom.3.jpg 900w\" sizes=\"auto, (max-width: 400px) 100vw, 400px\" \/>\t\t\t<span class=\"classes-item-caption\">\n\t\t\t\t<span class=\"caption-short\">kom.3<\/span>\n\t\t\t\t<span class=\"caption-supervisors\"><\/span>\n\t\t\t<\/span>\n\t\t<\/a>\n\n\t\t\n\t\t<a href=\"https:\/\/www.stachristiana.at\/app\/uploads\/sites\/10\/2025\/04\/kom4-rotated.jpg\" class=\"classes-item\" data-caption=\"&lt;strong&gt;kom4&lt;\/strong&gt; \" data-fancybox=\"classes-block_2f1cb51c89dabdaf4cdbd441bbc0cb00\" data-width=\"900\" data-height=\"1927\">\n\t\t\t<img loading=\"lazy\" decoding=\"async\" width=\"187\" height=\"400\" src=\"https:\/\/www.stachristiana.at\/app\/uploads\/sites\/10\/2025\/04\/kom4-187x400.jpg\" class=\"attachment-medium size-medium\" alt=\"\" srcset=\"https:\/\/www.stachristiana.at\/app\/uploads\/sites\/10\/2025\/04\/kom4-187x400.jpg 187w, https:\/\/www.stachristiana.at\/app\/uploads\/sites\/10\/2025\/04\/kom4-478x1024.jpg 478w, https:\/\/www.stachristiana.at\/app\/uploads\/sites\/10\/2025\/04\/kom4-768x1644.jpg 768w, https:\/\/www.stachristiana.at\/app\/uploads\/sites\/10\/2025\/04\/kom4-717x1536.jpg 717w, https:\/\/www.stachristiana.at\/app\/uploads\/sites\/10\/2025\/04\/kom4-215x460.jpg 215w, https:\/\/www.stachristiana.at\/app\/uploads\/sites\/10\/2025\/04\/kom4-35x75.jpg 35w, https:\/\/www.stachristiana.at\/app\/uploads\/sites\/10\/2025\/04\/kom4-rotated.jpg 900w\" sizes=\"auto, (max-width: 187px) 100vw, 187px\" \/>\t\t\t<span class=\"classes-item-caption\">\n\t\t\t\t<span class=\"caption-short\">kom4<\/span>\n\t\t\t\t<span class=\"caption-supervisors\"><\/span>\n\t\t\t<\/span>\n\t\t<\/a>\n\n\t<\/div>\n\n\n\n<p><\/p>\n","protected":false},"excerpt":{"rendered":"<p>Mit der Ostermesse bereiteten wir noch einmal auf unsere Erstkommunion vor. Auf dem Kreuz im Windfang befestigten wir unsere Blumen, die unser Herz erbl\u00fchen lie\u00dfen. Am 26.4. war es dann so weit und wir durften unsere Erstkommunion feiern. Es war ein sehr sch\u00f6nes Fest.<\/p>\n","protected":false},"author":48,"featured_media":7616,"comment_status":"closed","ping_status":"closed","sticky":false,"template":"","format":"standard","meta":{"footnotes":""},"categories":[1,15,26],"tags":[],"class_list":["post-7633","post","type-post","status-publish","format-standard","has-post-thumbnail","hentry","category-news","category-news-3a-25-26","category-news-rel"],"acf":[],"yoast_head":"<!-- This site is optimized with the Yoast SEO plugin v26.8 - https:\/\/yoast.com\/product\/yoast-seo-wordpress\/ -->\n<title>Erstkommunion - Volksschule Wr. Neustadt<\/title>\n<meta name=\"robots\" content=\"index, follow, max-snippet:-1, max-image-preview:large, max-video-preview:-1\" \/>\n<link rel=\"canonical\" href=\"https:\/\/www.stachristiana.at\/volksschule-wiener-neustadt\/news\/erstkommunion\/\" \/>\n<meta property=\"og:locale\" content=\"de_DE\" \/>\n<meta property=\"og:type\" content=\"article\" \/>\n<meta property=\"og:title\" content=\"Erstkommunion - Volksschule Wr. Neustadt\" \/>\n<meta property=\"og:description\" content=\"Mit der Ostermesse bereiteten wir noch einmal auf unsere Erstkommunion vor. Auf dem Kreuz im Windfang befestigten wir unsere Blumen, die unser Herz erbl\u00fchen lie\u00dfen. Am 26.4. war es dann so weit und wir durften unsere Erstkommunion feiern. Es war ein sehr sch\u00f6nes Fest.\" \/>\n<meta property=\"og:url\" content=\"https:\/\/www.stachristiana.at\/volksschule-wiener-neustadt\/news\/erstkommunion\/\" \/>\n<meta property=\"og:site_name\" content=\"Volksschule Wr. Neustadt\" \/>\n<meta property=\"article:published_time\" content=\"2025-04-27T16:27:04+00:00\" \/>\n<meta property=\"article:modified_time\" content=\"2025-05-06T08:34:48+00:00\" \/>\n<meta property=\"og:image\" content=\"https:\/\/www.stachristiana.at\/app\/uploads\/sites\/10\/2025\/04\/kom.3.jpg\" \/>\n\t<meta property=\"og:image:width\" content=\"900\" \/>\n\t<meta property=\"og:image:height\" content=\"420\" \/>\n\t<meta property=\"og:image:type\" content=\"image\/jpeg\" \/>\n<meta name=\"author\" content=\"helgapaku63\" \/>\n<meta name=\"twitter:card\" content=\"summary_large_image\" \/>\n<meta name=\"twitter:label1\" content=\"Verfasst von\" \/>\n\t<meta name=\"twitter:data1\" content=\"helgapaku63\" \/>\n\t<meta name=\"twitter:label2\" content=\"Gesch\u00e4tzte Lesezeit\" \/>\n\t<meta name=\"twitter:data2\" content=\"1\u00a0Minute\" \/>\n<script type=\"application\/ld+json\" class=\"yoast-schema-graph\">{\"@context\":\"https:\/\/schema.org\",\"@graph\":[{\"@type\":\"Article\",\"@id\":\"https:\/\/www.stachristiana.at\/volksschule-wiener-neustadt\/news\/erstkommunion\/#article\",\"isPartOf\":{\"@id\":\"https:\/\/www.stachristiana.at\/volksschule-wiener-neustadt\/news\/erstkommunion\/\"},\"author\":{\"name\":\"helgapaku63\",\"@id\":\"https:\/\/www.stachristiana.at\/volksschule-wiener-neustadt\/#\/schema\/person\/a2f1681ea0a0526f634b50fbe5effc17\"},\"headline\":\"Erstkommunion\",\"datePublished\":\"2025-04-27T16:27:04+00:00\",\"dateModified\":\"2025-05-06T08:34:48+00:00\",\"mainEntityOfPage\":{\"@id\":\"https:\/\/www.stachristiana.at\/volksschule-wiener-neustadt\/news\/erstkommunion\/\"},\"wordCount\":47,\"publisher\":{\"@id\":\"https:\/\/www.stachristiana.at\/volksschule-wiener-neustadt\/#organization\"},\"image\":{\"@id\":\"https:\/\/www.stachristiana.at\/volksschule-wiener-neustadt\/news\/erstkommunion\/#primaryimage\"},\"thumbnailUrl\":\"https:\/\/www.stachristiana.at\/app\/uploads\/sites\/10\/2025\/04\/kom.3.jpg\",\"articleSection\":[\"News\",\"News 3a 25\/26\",\"News REL\"],\"inLanguage\":\"de\"},{\"@type\":\"WebPage\",\"@id\":\"https:\/\/www.stachristiana.at\/volksschule-wiener-neustadt\/news\/erstkommunion\/\",\"url\":\"https:\/\/www.stachristiana.at\/volksschule-wiener-neustadt\/news\/erstkommunion\/\",\"name\":\"Erstkommunion - Volksschule Wr. Neustadt\",\"isPartOf\":{\"@id\":\"https:\/\/www.stachristiana.at\/volksschule-wiener-neustadt\/#website\"},\"primaryImageOfPage\":{\"@id\":\"https:\/\/www.stachristiana.at\/volksschule-wiener-neustadt\/news\/erstkommunion\/#primaryimage\"},\"image\":{\"@id\":\"https:\/\/www.stachristiana.at\/volksschule-wiener-neustadt\/news\/erstkommunion\/#primaryimage\"},\"thumbnailUrl\":\"https:\/\/www.stachristiana.at\/app\/uploads\/sites\/10\/2025\/04\/kom.3.jpg\",\"datePublished\":\"2025-04-27T16:27:04+00:00\",\"dateModified\":\"2025-05-06T08:34:48+00:00\",\"breadcrumb\":{\"@id\":\"https:\/\/www.stachristiana.at\/volksschule-wiener-neustadt\/news\/erstkommunion\/#breadcrumb\"},\"inLanguage\":\"de\",\"potentialAction\":[{\"@type\":\"ReadAction\",\"target\":[\"https:\/\/www.stachristiana.at\/volksschule-wiener-neustadt\/news\/erstkommunion\/\"]}]},{\"@type\":\"ImageObject\",\"inLanguage\":\"de\",\"@id\":\"https:\/\/www.stachristiana.at\/volksschule-wiener-neustadt\/news\/erstkommunion\/#primaryimage\",\"url\":\"https:\/\/www.stachristiana.at\/app\/uploads\/sites\/10\/2025\/04\/kom.3.jpg\",\"contentUrl\":\"https:\/\/www.stachristiana.at\/app\/uploads\/sites\/10\/2025\/04\/kom.3.jpg\",\"width\":900,\"height\":420},{\"@type\":\"BreadcrumbList\",\"@id\":\"https:\/\/www.stachristiana.at\/volksschule-wiener-neustadt\/news\/erstkommunion\/#breadcrumb\",\"itemListElement\":[{\"@type\":\"ListItem\",\"position\":1,\"name\":\"Start\",\"item\":\"https:\/\/www.stachristiana.at\/\"},{\"@type\":\"ListItem\",\"position\":2,\"name\":\"News 3a 25\/26\",\"item\":\"https:\/\/www.stachristiana.at\/volksschule-wiener-neustadt\/berichte\/news-3a-25-26\/\"},{\"@type\":\"ListItem\",\"position\":3,\"name\":\"Erstkommunion\"}]},{\"@type\":\"WebSite\",\"@id\":\"https:\/\/www.stachristiana.at\/volksschule-wiener-neustadt\/#website\",\"url\":\"https:\/\/www.stachristiana.at\/volksschule-wiener-neustadt\/\",\"name\":\"Sta. Christiana - Private Volksschule Wr. Neustadt\",\"description\":\"Sta. Christiana - Schulen zum Leben\",\"publisher\":{\"@id\":\"https:\/\/www.stachristiana.at\/volksschule-wiener-neustadt\/#organization\"},\"alternateName\":\"Private Volksschule Wr. Neustadt\",\"potentialAction\":[{\"@type\":\"SearchAction\",\"target\":{\"@type\":\"EntryPoint\",\"urlTemplate\":\"https:\/\/www.stachristiana.at\/volksschule-wiener-neustadt\/?s={search_term_string}\"},\"query-input\":{\"@type\":\"PropertyValueSpecification\",\"valueRequired\":true,\"valueName\":\"search_term_string\"}}],\"inLanguage\":\"de\"},{\"@type\":\"Organization\",\"@id\":\"https:\/\/www.stachristiana.at\/volksschule-wiener-neustadt\/#organization\",\"name\":\"Sta. Christiana - Private Volksschule Wr. Neustadt\",\"alternateName\":\"Private Volksschule Wr. Neustadt\",\"url\":\"https:\/\/www.stachristiana.at\/volksschule-wiener-neustadt\/\",\"logo\":{\"@type\":\"ImageObject\",\"inLanguage\":\"de\",\"@id\":\"https:\/\/www.stachristiana.at\/volksschule-wiener-neustadt\/#\/schema\/logo\/image\/\",\"url\":\"https:\/\/www.stachristiana.at\/app\/uploads\/sites\/10\/2022\/05\/logo-sta-christiana.png\",\"contentUrl\":\"https:\/\/www.stachristiana.at\/app\/uploads\/sites\/10\/2022\/05\/logo-sta-christiana.png\",\"width\":1200,\"height\":491,\"caption\":\"Sta. Christiana - Private Volksschule Wr. Neustadt\"},\"image\":{\"@id\":\"https:\/\/www.stachristiana.at\/volksschule-wiener-neustadt\/#\/schema\/logo\/image\/\"}},{\"@type\":\"Person\",\"@id\":\"https:\/\/www.stachristiana.at\/volksschule-wiener-neustadt\/#\/schema\/person\/a2f1681ea0a0526f634b50fbe5effc17\",\"name\":\"helgapaku63\",\"image\":{\"@type\":\"ImageObject\",\"inLanguage\":\"de\",\"@id\":\"https:\/\/www.stachristiana.at\/volksschule-wiener-neustadt\/#\/schema\/person\/image\/\",\"url\":\"https:\/\/secure.gravatar.com\/avatar\/2f39a88bafc6fabd106e203b59798c0ed27f35c9565b3b80fc7834aae13bd8aa?s=96&d=mm&r=g\",\"contentUrl\":\"https:\/\/secure.gravatar.com\/avatar\/2f39a88bafc6fabd106e203b59798c0ed27f35c9565b3b80fc7834aae13bd8aa?s=96&d=mm&r=g\",\"caption\":\"helgapaku63\"},\"url\":\"https:\/\/www.stachristiana.at\/volksschule-wiener-neustadt\/author\/helgapaku63\/\"}]}<\/script>\n<!-- \/ Yoast SEO plugin. -->","yoast_head_json":{"title":"Erstkommunion - Volksschule Wr. Neustadt","robots":{"index":"index","follow":"follow","max-snippet":"max-snippet:-1","max-image-preview":"max-image-preview:large","max-video-preview":"max-video-preview:-1"},"canonical":"https:\/\/www.stachristiana.at\/volksschule-wiener-neustadt\/news\/erstkommunion\/","og_locale":"de_DE","og_type":"article","og_title":"Erstkommunion - Volksschule Wr. Neustadt","og_description":"Mit der Ostermesse bereiteten wir noch einmal auf unsere Erstkommunion vor. Auf dem Kreuz im Windfang befestigten wir unsere Blumen, die unser Herz erbl\u00fchen lie\u00dfen. Am 26.4. war es dann so weit und wir durften unsere Erstkommunion feiern. Es war ein sehr sch\u00f6nes Fest.","og_url":"https:\/\/www.stachristiana.at\/volksschule-wiener-neustadt\/news\/erstkommunion\/","og_site_name":"Volksschule Wr. Neustadt","article_published_time":"2025-04-27T16:27:04+00:00","article_modified_time":"2025-05-06T08:34:48+00:00","og_image":[{"width":900,"height":420,"url":"https:\/\/www.stachristiana.at\/app\/uploads\/sites\/10\/2025\/04\/kom.3.jpg","type":"image\/jpeg"}],"author":"helgapaku63","twitter_card":"summary_large_image","twitter_misc":{"Verfasst von":"helgapaku63","Gesch\u00e4tzte Lesezeit":"1\u00a0Minute"},"schema":{"@context":"https:\/\/schema.org","@graph":[{"@type":"Article","@id":"https:\/\/www.stachristiana.at\/volksschule-wiener-neustadt\/news\/erstkommunion\/#article","isPartOf":{"@id":"https:\/\/www.stachristiana.at\/volksschule-wiener-neustadt\/news\/erstkommunion\/"},"author":{"name":"helgapaku63","@id":"https:\/\/www.stachristiana.at\/volksschule-wiener-neustadt\/#\/schema\/person\/a2f1681ea0a0526f634b50fbe5effc17"},"headline":"Erstkommunion","datePublished":"2025-04-27T16:27:04+00:00","dateModified":"2025-05-06T08:34:48+00:00","mainEntityOfPage":{"@id":"https:\/\/www.stachristiana.at\/volksschule-wiener-neustadt\/news\/erstkommunion\/"},"wordCount":47,"publisher":{"@id":"https:\/\/www.stachristiana.at\/volksschule-wiener-neustadt\/#organization"},"image":{"@id":"https:\/\/www.stachristiana.at\/volksschule-wiener-neustadt\/news\/erstkommunion\/#primaryimage"},"thumbnailUrl":"https:\/\/www.stachristiana.at\/app\/uploads\/sites\/10\/2025\/04\/kom.3.jpg","articleSection":["News","News 3a 25\/26","News REL"],"inLanguage":"de"},{"@type":"WebPage","@id":"https:\/\/www.stachristiana.at\/volksschule-wiener-neustadt\/news\/erstkommunion\/","url":"https:\/\/www.stachristiana.at\/volksschule-wiener-neustadt\/news\/erstkommunion\/","name":"Erstkommunion - Volksschule Wr. Neustadt","isPartOf":{"@id":"https:\/\/www.stachristiana.at\/volksschule-wiener-neustadt\/#website"},"primaryImageOfPage":{"@id":"https:\/\/www.stachristiana.at\/volksschule-wiener-neustadt\/news\/erstkommunion\/#primaryimage"},"image":{"@id":"https:\/\/www.stachristiana.at\/volksschule-wiener-neustadt\/news\/erstkommunion\/#primaryimage"},"thumbnailUrl":"https:\/\/www.stachristiana.at\/app\/uploads\/sites\/10\/2025\/04\/kom.3.jpg","datePublished":"2025-04-27T16:27:04+00:00","dateModified":"2025-05-06T08:34:48+00:00","breadcrumb":{"@id":"https:\/\/www.stachristiana.at\/volksschule-wiener-neustadt\/news\/erstkommunion\/#breadcrumb"},"inLanguage":"de","potentialAction":[{"@type":"ReadAction","target":["https:\/\/www.stachristiana.at\/volksschule-wiener-neustadt\/news\/erstkommunion\/"]}]},{"@type":"ImageObject","inLanguage":"de","@id":"https:\/\/www.stachristiana.at\/volksschule-wiener-neustadt\/news\/erstkommunion\/#primaryimage","url":"https:\/\/www.stachristiana.at\/app\/uploads\/sites\/10\/2025\/04\/kom.3.jpg","contentUrl":"https:\/\/www.stachristiana.at\/app\/uploads\/sites\/10\/2025\/04\/kom.3.jpg","width":900,"height":420},{"@type":"BreadcrumbList","@id":"https:\/\/www.stachristiana.at\/volksschule-wiener-neustadt\/news\/erstkommunion\/#breadcrumb","itemListElement":[{"@type":"ListItem","position":1,"name":"Start","item":"https:\/\/www.stachristiana.at\/"},{"@type":"ListItem","position":2,"name":"News 3a 25\/26","item":"https:\/\/www.stachristiana.at\/volksschule-wiener-neustadt\/berichte\/news-3a-25-26\/"},{"@type":"ListItem","position":3,"name":"Erstkommunion"}]},{"@type":"WebSite","@id":"https:\/\/www.stachristiana.at\/volksschule-wiener-neustadt\/#website","url":"https:\/\/www.stachristiana.at\/volksschule-wiener-neustadt\/","name":"Sta. Christiana - Private Volksschule Wr. Neustadt","description":"Sta. Christiana - Schulen zum Leben","publisher":{"@id":"https:\/\/www.stachristiana.at\/volksschule-wiener-neustadt\/#organization"},"alternateName":"Private Volksschule Wr. Neustadt","potentialAction":[{"@type":"SearchAction","target":{"@type":"EntryPoint","urlTemplate":"https:\/\/www.stachristiana.at\/volksschule-wiener-neustadt\/?s={search_term_string}"},"query-input":{"@type":"PropertyValueSpecification","valueRequired":true,"valueName":"search_term_string"}}],"inLanguage":"de"},{"@type":"Organization","@id":"https:\/\/www.stachristiana.at\/volksschule-wiener-neustadt\/#organization","name":"Sta. Christiana - Private Volksschule Wr. Neustadt","alternateName":"Private Volksschule Wr. Neustadt","url":"https:\/\/www.stachristiana.at\/volksschule-wiener-neustadt\/","logo":{"@type":"ImageObject","inLanguage":"de","@id":"https:\/\/www.stachristiana.at\/volksschule-wiener-neustadt\/#\/schema\/logo\/image\/","url":"https:\/\/www.stachristiana.at\/app\/uploads\/sites\/10\/2022\/05\/logo-sta-christiana.png","contentUrl":"https:\/\/www.stachristiana.at\/app\/uploads\/sites\/10\/2022\/05\/logo-sta-christiana.png","width":1200,"height":491,"caption":"Sta. Christiana - Private Volksschule Wr. Neustadt"},"image":{"@id":"https:\/\/www.stachristiana.at\/volksschule-wiener-neustadt\/#\/schema\/logo\/image\/"}},{"@type":"Person","@id":"https:\/\/www.stachristiana.at\/volksschule-wiener-neustadt\/#\/schema\/person\/a2f1681ea0a0526f634b50fbe5effc17","name":"helgapaku63","image":{"@type":"ImageObject","inLanguage":"de","@id":"https:\/\/www.stachristiana.at\/volksschule-wiener-neustadt\/#\/schema\/person\/image\/","url":"https:\/\/secure.gravatar.com\/avatar\/2f39a88bafc6fabd106e203b59798c0ed27f35c9565b3b80fc7834aae13bd8aa?s=96&d=mm&r=g","contentUrl":"https:\/\/secure.gravatar.com\/avatar\/2f39a88bafc6fabd106e203b59798c0ed27f35c9565b3b80fc7834aae13bd8aa?s=96&d=mm&r=g","caption":"helgapaku63"},"url":"https:\/\/www.stachristiana.at\/volksschule-wiener-neustadt\/author\/helgapaku63\/"}]}},"_links":{"self":[{"href":"https:\/\/www.stachristiana.at\/volksschule-wiener-neustadt\/wp-json\/wp\/v2\/posts\/7633","targetHints":{"allow":["GET"]}}],"collection":[{"href":"https:\/\/www.stachristiana.at\/volksschule-wiener-neustadt\/wp-json\/wp\/v2\/posts"}],"about":[{"href":"https:\/\/www.stachristiana.at\/volksschule-wiener-neustadt\/wp-json\/wp\/v2\/types\/post"}],"author":[{"embeddable":true,"href":"https:\/\/www.stachristiana.at\/volksschule-wiener-neustadt\/wp-json\/wp\/v2\/users\/48"}],"replies":[{"embeddable":true,"href":"https:\/\/www.stachristiana.at\/volksschule-wiener-neustadt\/wp-json\/wp\/v2\/comments?post=7633"}],"version-history":[{"count":2,"href":"https:\/\/www.stachristiana.at\/volksschule-wiener-neustadt\/wp-json\/wp\/v2\/posts\/7633\/revisions"}],"predecessor-version":[{"id":7635,"href":"https:\/\/www.stachristiana.at\/volksschule-wiener-neustadt\/wp-json\/wp\/v2\/posts\/7633\/revisions\/7635"}],"wp:featuredmedia":[{"embeddable":true,"href":"https:\/\/www.stachristiana.at\/volksschule-wiener-neustadt\/wp-json\/wp\/v2\/media\/7616"}],"wp:attachment":[{"href":"https:\/\/www.stachristiana.at\/volksschule-wiener-neustadt\/wp-json\/wp\/v2\/media?parent=7633"}],"wp:term":[{"taxonomy":"category","embeddable":true,"href":"https:\/\/www.stachristiana.at\/volksschule-wiener-neustadt\/wp-json\/wp\/v2\/categories?post=7633"},{"taxonomy":"post_tag","embeddable":true,"href":"https:\/\/www.stachristiana.at\/volksschule-wiener-neustadt\/wp-json\/wp\/v2\/tags?post=7633"}],"curies":[{"name":"wp","href":"https:\/\/api.w.org\/{rel}","templated":true}]}}