{"id":7136,"date":"2025-03-05T11:48:51","date_gmt":"2025-03-05T10:48:51","guid":{"rendered":"https:\/\/www.stachristiana.at\/volksschule-wiener-neustadt\/?p=7136"},"modified":"2025-03-05T11:49:24","modified_gmt":"2025-03-05T10:49:24","slug":"beginn-der-oesterlichen-busszeit","status":"publish","type":"post","link":"https:\/\/www.stachristiana.at\/volksschule-wiener-neustadt\/news\/beginn-der-oesterlichen-busszeit\/","title":{"rendered":"Beginn der \u00f6sterlichen Bu\u00dfzeit"},"content":{"rendered":"\n<p>Ganz bewusst wurde am Aschermittwoch die \u00f6sterliche Bu\u00dfzeit begonnen. <br>Im Hof fand eine Aschenkreuzfeier statt und die Kinder hatten die Gelegenheit ihre Vors\u00e4tze an ein Kreuz zu h\u00e4ngen.<\/p>\n\n\n\n<div id=\"gallery-block_828c50f2e9ee3bb1b63ee83032832146\" class=\"gallery\">\n\t\t\n\t\t<a href=\"https:\/\/www.stachristiana.at\/app\/uploads\/sites\/10\/2025\/03\/IMG_20250305_063448_resized_20250305_114101020.jpg\" class=\"gallery-item\" data-caption=\"&lt;strong&gt;IMG_20250305_063448_resized_20250305_114101020&lt;\/strong&gt;\" data-fancybox=\"gallery-block_828c50f2e9ee3bb1b63ee83032832146\" data-width=\"2000\" data-height=\"968\"><img loading=\"lazy\" decoding=\"async\" width=\"400\" height=\"194\" src=\"https:\/\/www.stachristiana.at\/app\/uploads\/sites\/10\/2025\/03\/IMG_20250305_063448_resized_20250305_114101020-400x194.jpg\" class=\"attachment-medium size-medium\" alt=\"\" srcset=\"https:\/\/www.stachristiana.at\/app\/uploads\/sites\/10\/2025\/03\/IMG_20250305_063448_resized_20250305_114101020-400x194.jpg 400w, https:\/\/www.stachristiana.at\/app\/uploads\/sites\/10\/2025\/03\/IMG_20250305_063448_resized_20250305_114101020-1024x496.jpg 1024w, https:\/\/www.stachristiana.at\/app\/uploads\/sites\/10\/2025\/03\/IMG_20250305_063448_resized_20250305_114101020-768x372.jpg 768w, https:\/\/www.stachristiana.at\/app\/uploads\/sites\/10\/2025\/03\/IMG_20250305_063448_resized_20250305_114101020-1536x743.jpg 1536w, https:\/\/www.stachristiana.at\/app\/uploads\/sites\/10\/2025\/03\/IMG_20250305_063448_resized_20250305_114101020-890x431.jpg 890w, https:\/\/www.stachristiana.at\/app\/uploads\/sites\/10\/2025\/03\/IMG_20250305_063448_resized_20250305_114101020-155x75.jpg 155w, https:\/\/www.stachristiana.at\/app\/uploads\/sites\/10\/2025\/03\/IMG_20250305_063448_resized_20250305_114101020.jpg 2000w\" sizes=\"auto, (max-width: 400px) 100vw, 400px\" \/><\/a>\n\n\t\t\n\t\t<a href=\"https:\/\/www.stachristiana.at\/app\/uploads\/sites\/10\/2025\/03\/IMG_20250305_081236_resized_20250305_114101450.jpg\" class=\"gallery-item\" data-caption=\"&lt;strong&gt;IMG_20250305_081236_resized_20250305_114101450&lt;\/strong&gt;\" data-fancybox=\"gallery-block_828c50f2e9ee3bb1b63ee83032832146\" data-width=\"1632\" data-height=\"784\"><img loading=\"lazy\" decoding=\"async\" width=\"400\" height=\"192\" src=\"https:\/\/www.stachristiana.at\/app\/uploads\/sites\/10\/2025\/03\/IMG_20250305_081236_resized_20250305_114101450-400x192.jpg\" class=\"attachment-medium size-medium\" alt=\"\" srcset=\"https:\/\/www.stachristiana.at\/app\/uploads\/sites\/10\/2025\/03\/IMG_20250305_081236_resized_20250305_114101450-400x192.jpg 400w, https:\/\/www.stachristiana.at\/app\/uploads\/sites\/10\/2025\/03\/IMG_20250305_081236_resized_20250305_114101450-1024x492.jpg 1024w, https:\/\/www.stachristiana.at\/app\/uploads\/sites\/10\/2025\/03\/IMG_20250305_081236_resized_20250305_114101450-768x369.jpg 768w, https:\/\/www.stachristiana.at\/app\/uploads\/sites\/10\/2025\/03\/IMG_20250305_081236_resized_20250305_114101450-1536x738.jpg 1536w, https:\/\/www.stachristiana.at\/app\/uploads\/sites\/10\/2025\/03\/IMG_20250305_081236_resized_20250305_114101450-890x428.jpg 890w, https:\/\/www.stachristiana.at\/app\/uploads\/sites\/10\/2025\/03\/IMG_20250305_081236_resized_20250305_114101450-156x75.jpg 156w, https:\/\/www.stachristiana.at\/app\/uploads\/sites\/10\/2025\/03\/IMG_20250305_081236_resized_20250305_114101450.jpg 1632w\" sizes=\"auto, (max-width: 400px) 100vw, 400px\" \/><\/a>\n\n\t\t\n\t\t<a href=\"https:\/\/www.stachristiana.at\/app\/uploads\/sites\/10\/2025\/03\/IMG_20250305_092945_resized_20250305_112314697.jpg\" class=\"gallery-item\" data-caption=\"&lt;strong&gt;IMG_20250305_092945_resized_20250305_112314697&lt;\/strong&gt;\" data-fancybox=\"gallery-block_828c50f2e9ee3bb1b63ee83032832146\" data-width=\"1452\" data-height=\"3000\"><img loading=\"lazy\" decoding=\"async\" width=\"194\" height=\"400\" src=\"https:\/\/www.stachristiana.at\/app\/uploads\/sites\/10\/2025\/03\/IMG_20250305_092945_resized_20250305_112314697-194x400.jpg\" class=\"attachment-medium size-medium\" alt=\"\" srcset=\"https:\/\/www.stachristiana.at\/app\/uploads\/sites\/10\/2025\/03\/IMG_20250305_092945_resized_20250305_112314697-194x400.jpg 194w, https:\/\/www.stachristiana.at\/app\/uploads\/sites\/10\/2025\/03\/IMG_20250305_092945_resized_20250305_112314697-496x1024.jpg 496w, https:\/\/www.stachristiana.at\/app\/uploads\/sites\/10\/2025\/03\/IMG_20250305_092945_resized_20250305_112314697-768x1587.jpg 768w, https:\/\/www.stachristiana.at\/app\/uploads\/sites\/10\/2025\/03\/IMG_20250305_092945_resized_20250305_112314697-743x1536.jpg 743w, https:\/\/www.stachristiana.at\/app\/uploads\/sites\/10\/2025\/03\/IMG_20250305_092945_resized_20250305_112314697-991x2048.jpg 991w, https:\/\/www.stachristiana.at\/app\/uploads\/sites\/10\/2025\/03\/IMG_20250305_092945_resized_20250305_112314697-223x460.jpg 223w, https:\/\/www.stachristiana.at\/app\/uploads\/sites\/10\/2025\/03\/IMG_20250305_092945_resized_20250305_112314697-36x75.jpg 36w, https:\/\/www.stachristiana.at\/app\/uploads\/sites\/10\/2025\/03\/IMG_20250305_092945_resized_20250305_112314697.jpg 1452w\" sizes=\"auto, (max-width: 194px) 100vw, 194px\" \/><\/a>\n\n\t\t\n\t\t<a href=\"https:\/\/www.stachristiana.at\/app\/uploads\/sites\/10\/2025\/03\/IMG_20250305_075315_resized_20250305_114447559.jpg\" class=\"gallery-item\" data-caption=\"&lt;strong&gt;IMG_20250305_075315_resized_20250305_114447559&lt;\/strong&gt;\" data-fancybox=\"gallery-block_828c50f2e9ee3bb1b63ee83032832146\" data-width=\"1632\" data-height=\"784\"><img loading=\"lazy\" decoding=\"async\" width=\"400\" height=\"192\" src=\"https:\/\/www.stachristiana.at\/app\/uploads\/sites\/10\/2025\/03\/IMG_20250305_075315_resized_20250305_114447559-400x192.jpg\" class=\"attachment-medium size-medium\" alt=\"\" srcset=\"https:\/\/www.stachristiana.at\/app\/uploads\/sites\/10\/2025\/03\/IMG_20250305_075315_resized_20250305_114447559-400x192.jpg 400w, https:\/\/www.stachristiana.at\/app\/uploads\/sites\/10\/2025\/03\/IMG_20250305_075315_resized_20250305_114447559-1024x492.jpg 1024w, https:\/\/www.stachristiana.at\/app\/uploads\/sites\/10\/2025\/03\/IMG_20250305_075315_resized_20250305_114447559-768x369.jpg 768w, https:\/\/www.stachristiana.at\/app\/uploads\/sites\/10\/2025\/03\/IMG_20250305_075315_resized_20250305_114447559-1536x738.jpg 1536w, https:\/\/www.stachristiana.at\/app\/uploads\/sites\/10\/2025\/03\/IMG_20250305_075315_resized_20250305_114447559-890x428.jpg 890w, https:\/\/www.stachristiana.at\/app\/uploads\/sites\/10\/2025\/03\/IMG_20250305_075315_resized_20250305_114447559-156x75.jpg 156w, https:\/\/www.stachristiana.at\/app\/uploads\/sites\/10\/2025\/03\/IMG_20250305_075315_resized_20250305_114447559.jpg 1632w\" sizes=\"auto, (max-width: 400px) 100vw, 400px\" \/><\/a>\n\n\t\t\n\t\t<a href=\"https:\/\/www.stachristiana.at\/app\/uploads\/sites\/10\/2025\/03\/IMG_20250305_081107_resized_20250305_114447243.jpg\" class=\"gallery-item\" data-caption=\"&lt;strong&gt;IMG_20250305_081107_resized_20250305_114447243&lt;\/strong&gt;\" data-fancybox=\"gallery-block_828c50f2e9ee3bb1b63ee83032832146\" data-width=\"1632\" data-height=\"784\"><img loading=\"lazy\" decoding=\"async\" width=\"400\" height=\"192\" src=\"https:\/\/www.stachristiana.at\/app\/uploads\/sites\/10\/2025\/03\/IMG_20250305_081107_resized_20250305_114447243-400x192.jpg\" class=\"attachment-medium size-medium\" alt=\"\" srcset=\"https:\/\/www.stachristiana.at\/app\/uploads\/sites\/10\/2025\/03\/IMG_20250305_081107_resized_20250305_114447243-400x192.jpg 400w, https:\/\/www.stachristiana.at\/app\/uploads\/sites\/10\/2025\/03\/IMG_20250305_081107_resized_20250305_114447243-1024x492.jpg 1024w, https:\/\/www.stachristiana.at\/app\/uploads\/sites\/10\/2025\/03\/IMG_20250305_081107_resized_20250305_114447243-768x369.jpg 768w, https:\/\/www.stachristiana.at\/app\/uploads\/sites\/10\/2025\/03\/IMG_20250305_081107_resized_20250305_114447243-1536x738.jpg 1536w, https:\/\/www.stachristiana.at\/app\/uploads\/sites\/10\/2025\/03\/IMG_20250305_081107_resized_20250305_114447243-890x428.jpg 890w, https:\/\/www.stachristiana.at\/app\/uploads\/sites\/10\/2025\/03\/IMG_20250305_081107_resized_20250305_114447243-156x75.jpg 156w, https:\/\/www.stachristiana.at\/app\/uploads\/sites\/10\/2025\/03\/IMG_20250305_081107_resized_20250305_114447243.jpg 1632w\" sizes=\"auto, (max-width: 400px) 100vw, 400px\" \/><\/a>\n\n\t\t\n\t\t<a href=\"https:\/\/www.stachristiana.at\/app\/uploads\/sites\/10\/2025\/03\/IMG_20250305_084433_resized_20250305_114446995.jpg\" class=\"gallery-item\" data-caption=\"&lt;strong&gt;IMG_20250305_084433_resized_20250305_114446995&lt;\/strong&gt;\" data-fancybox=\"gallery-block_828c50f2e9ee3bb1b63ee83032832146\" data-width=\"1632\" data-height=\"784\"><img loading=\"lazy\" decoding=\"async\" width=\"400\" height=\"192\" src=\"https:\/\/www.stachristiana.at\/app\/uploads\/sites\/10\/2025\/03\/IMG_20250305_084433_resized_20250305_114446995-400x192.jpg\" class=\"attachment-medium size-medium\" alt=\"\" srcset=\"https:\/\/www.stachristiana.at\/app\/uploads\/sites\/10\/2025\/03\/IMG_20250305_084433_resized_20250305_114446995-400x192.jpg 400w, https:\/\/www.stachristiana.at\/app\/uploads\/sites\/10\/2025\/03\/IMG_20250305_084433_resized_20250305_114446995-1024x492.jpg 1024w, https:\/\/www.stachristiana.at\/app\/uploads\/sites\/10\/2025\/03\/IMG_20250305_084433_resized_20250305_114446995-768x369.jpg 768w, https:\/\/www.stachristiana.at\/app\/uploads\/sites\/10\/2025\/03\/IMG_20250305_084433_resized_20250305_114446995-1536x738.jpg 1536w, https:\/\/www.stachristiana.at\/app\/uploads\/sites\/10\/2025\/03\/IMG_20250305_084433_resized_20250305_114446995-890x428.jpg 890w, https:\/\/www.stachristiana.at\/app\/uploads\/sites\/10\/2025\/03\/IMG_20250305_084433_resized_20250305_114446995-156x75.jpg 156w, https:\/\/www.stachristiana.at\/app\/uploads\/sites\/10\/2025\/03\/IMG_20250305_084433_resized_20250305_114446995.jpg 1632w\" sizes=\"auto, (max-width: 400px) 100vw, 400px\" \/><\/a>\n\n\t\t\n\t\t<a href=\"https:\/\/www.stachristiana.at\/app\/uploads\/sites\/10\/2025\/03\/IMG_20250305_092812_resized_20250305_114446521.jpg\" class=\"gallery-item\" data-caption=\"&lt;strong&gt;IMG_20250305_092812_resized_20250305_114446521&lt;\/strong&gt;\" data-fancybox=\"gallery-block_828c50f2e9ee3bb1b63ee83032832146\" data-width=\"968\" data-height=\"2000\"><img loading=\"lazy\" decoding=\"async\" width=\"194\" height=\"400\" src=\"https:\/\/www.stachristiana.at\/app\/uploads\/sites\/10\/2025\/03\/IMG_20250305_092812_resized_20250305_114446521-194x400.jpg\" class=\"attachment-medium size-medium\" alt=\"\" srcset=\"https:\/\/www.stachristiana.at\/app\/uploads\/sites\/10\/2025\/03\/IMG_20250305_092812_resized_20250305_114446521-194x400.jpg 194w, https:\/\/www.stachristiana.at\/app\/uploads\/sites\/10\/2025\/03\/IMG_20250305_092812_resized_20250305_114446521-496x1024.jpg 496w, https:\/\/www.stachristiana.at\/app\/uploads\/sites\/10\/2025\/03\/IMG_20250305_092812_resized_20250305_114446521-768x1587.jpg 768w, https:\/\/www.stachristiana.at\/app\/uploads\/sites\/10\/2025\/03\/IMG_20250305_092812_resized_20250305_114446521-743x1536.jpg 743w, https:\/\/www.stachristiana.at\/app\/uploads\/sites\/10\/2025\/03\/IMG_20250305_092812_resized_20250305_114446521-223x460.jpg 223w, https:\/\/www.stachristiana.at\/app\/uploads\/sites\/10\/2025\/03\/IMG_20250305_092812_resized_20250305_114446521-36x75.jpg 36w, https:\/\/www.stachristiana.at\/app\/uploads\/sites\/10\/2025\/03\/IMG_20250305_092812_resized_20250305_114446521.jpg 968w\" sizes=\"auto, (max-width: 194px) 100vw, 194px\" \/><\/a>\n\n\t<\/div>\n\n","protected":false},"excerpt":{"rendered":"<p>Ganz bewusst wurde am Aschermittwoch die \u00f6sterliche Bu\u00dfzeit begonnen. Im Hof fand eine Aschenkreuzfeier statt und die Kinder hatten die Gelegenheit ihre Vors\u00e4tze an ein Kreuz zu h\u00e4ngen.<\/p>\n","protected":false},"author":28,"featured_media":7140,"comment_status":"closed","ping_status":"closed","sticky":false,"template":"","format":"standard","meta":{"footnotes":""},"categories":[1,26],"tags":[],"class_list":["post-7136","post","type-post","status-publish","format-standard","has-post-thumbnail","hentry","category-news","category-news-rel"],"acf":[],"yoast_head":"<!-- This site is optimized with the Yoast SEO plugin v26.8 - https:\/\/yoast.com\/product\/yoast-seo-wordpress\/ -->\n<title>Beginn der \u00f6sterlichen Bu\u00dfzeit - Volksschule Wr. Neustadt<\/title>\n<meta name=\"robots\" content=\"index, follow, max-snippet:-1, max-image-preview:large, max-video-preview:-1\" \/>\n<link rel=\"canonical\" href=\"https:\/\/www.stachristiana.at\/volksschule-wiener-neustadt\/news\/beginn-der-oesterlichen-busszeit\/\" \/>\n<meta property=\"og:locale\" content=\"de_DE\" \/>\n<meta property=\"og:type\" content=\"article\" \/>\n<meta property=\"og:title\" content=\"Beginn der \u00f6sterlichen Bu\u00dfzeit - Volksschule Wr. Neustadt\" \/>\n<meta property=\"og:description\" content=\"Ganz bewusst wurde am Aschermittwoch die \u00f6sterliche Bu\u00dfzeit begonnen. Im Hof fand eine Aschenkreuzfeier statt und die Kinder hatten die Gelegenheit ihre Vors\u00e4tze an ein Kreuz zu h\u00e4ngen.\" \/>\n<meta property=\"og:url\" content=\"https:\/\/www.stachristiana.at\/volksschule-wiener-neustadt\/news\/beginn-der-oesterlichen-busszeit\/\" \/>\n<meta property=\"og:site_name\" content=\"Volksschule Wr. Neustadt\" \/>\n<meta property=\"article:published_time\" content=\"2025-03-05T10:48:51+00:00\" \/>\n<meta property=\"article:modified_time\" content=\"2025-03-05T10:49:24+00:00\" \/>\n<meta property=\"og:image\" content=\"https:\/\/www.stachristiana.at\/app\/uploads\/sites\/10\/2025\/03\/IMG_20250305_081107_resized_20250305_114447243.jpg\" \/>\n\t<meta property=\"og:image:width\" content=\"1632\" \/>\n\t<meta property=\"og:image:height\" content=\"784\" \/>\n\t<meta property=\"og:image:type\" content=\"image\/jpeg\" \/>\n<meta name=\"author\" content=\"martina\" \/>\n<meta name=\"twitter:card\" content=\"summary_large_image\" \/>\n<meta name=\"twitter:label1\" content=\"Verfasst von\" \/>\n\t<meta name=\"twitter:data1\" content=\"martina\" \/>\n\t<meta name=\"twitter:label2\" content=\"Gesch\u00e4tzte Lesezeit\" \/>\n\t<meta name=\"twitter:data2\" content=\"1\u00a0Minute\" \/>\n<script type=\"application\/ld+json\" class=\"yoast-schema-graph\">{\"@context\":\"https:\/\/schema.org\",\"@graph\":[{\"@type\":\"Article\",\"@id\":\"https:\/\/www.stachristiana.at\/volksschule-wiener-neustadt\/news\/beginn-der-oesterlichen-busszeit\/#article\",\"isPartOf\":{\"@id\":\"https:\/\/www.stachristiana.at\/volksschule-wiener-neustadt\/news\/beginn-der-oesterlichen-busszeit\/\"},\"author\":{\"name\":\"martina\",\"@id\":\"https:\/\/www.stachristiana.at\/volksschule-wiener-neustadt\/#\/schema\/person\/2085142df5962a80b63fd5730970b5b3\"},\"headline\":\"Beginn der \u00f6sterlichen Bu\u00dfzeit\",\"datePublished\":\"2025-03-05T10:48:51+00:00\",\"dateModified\":\"2025-03-05T10:49:24+00:00\",\"mainEntityOfPage\":{\"@id\":\"https:\/\/www.stachristiana.at\/volksschule-wiener-neustadt\/news\/beginn-der-oesterlichen-busszeit\/\"},\"wordCount\":36,\"publisher\":{\"@id\":\"https:\/\/www.stachristiana.at\/volksschule-wiener-neustadt\/#organization\"},\"image\":{\"@id\":\"https:\/\/www.stachristiana.at\/volksschule-wiener-neustadt\/news\/beginn-der-oesterlichen-busszeit\/#primaryimage\"},\"thumbnailUrl\":\"https:\/\/www.stachristiana.at\/app\/uploads\/sites\/10\/2025\/03\/IMG_20250305_081107_resized_20250305_114447243.jpg\",\"articleSection\":[\"News\",\"News REL\"],\"inLanguage\":\"de\"},{\"@type\":\"WebPage\",\"@id\":\"https:\/\/www.stachristiana.at\/volksschule-wiener-neustadt\/news\/beginn-der-oesterlichen-busszeit\/\",\"url\":\"https:\/\/www.stachristiana.at\/volksschule-wiener-neustadt\/news\/beginn-der-oesterlichen-busszeit\/\",\"name\":\"Beginn der \u00f6sterlichen Bu\u00dfzeit - Volksschule Wr. Neustadt\",\"isPartOf\":{\"@id\":\"https:\/\/www.stachristiana.at\/volksschule-wiener-neustadt\/#website\"},\"primaryImageOfPage\":{\"@id\":\"https:\/\/www.stachristiana.at\/volksschule-wiener-neustadt\/news\/beginn-der-oesterlichen-busszeit\/#primaryimage\"},\"image\":{\"@id\":\"https:\/\/www.stachristiana.at\/volksschule-wiener-neustadt\/news\/beginn-der-oesterlichen-busszeit\/#primaryimage\"},\"thumbnailUrl\":\"https:\/\/www.stachristiana.at\/app\/uploads\/sites\/10\/2025\/03\/IMG_20250305_081107_resized_20250305_114447243.jpg\",\"datePublished\":\"2025-03-05T10:48:51+00:00\",\"dateModified\":\"2025-03-05T10:49:24+00:00\",\"breadcrumb\":{\"@id\":\"https:\/\/www.stachristiana.at\/volksschule-wiener-neustadt\/news\/beginn-der-oesterlichen-busszeit\/#breadcrumb\"},\"inLanguage\":\"de\",\"potentialAction\":[{\"@type\":\"ReadAction\",\"target\":[\"https:\/\/www.stachristiana.at\/volksschule-wiener-neustadt\/news\/beginn-der-oesterlichen-busszeit\/\"]}]},{\"@type\":\"ImageObject\",\"inLanguage\":\"de\",\"@id\":\"https:\/\/www.stachristiana.at\/volksschule-wiener-neustadt\/news\/beginn-der-oesterlichen-busszeit\/#primaryimage\",\"url\":\"https:\/\/www.stachristiana.at\/app\/uploads\/sites\/10\/2025\/03\/IMG_20250305_081107_resized_20250305_114447243.jpg\",\"contentUrl\":\"https:\/\/www.stachristiana.at\/app\/uploads\/sites\/10\/2025\/03\/IMG_20250305_081107_resized_20250305_114447243.jpg\",\"width\":1632,\"height\":784},{\"@type\":\"BreadcrumbList\",\"@id\":\"https:\/\/www.stachristiana.at\/volksschule-wiener-neustadt\/news\/beginn-der-oesterlichen-busszeit\/#breadcrumb\",\"itemListElement\":[{\"@type\":\"ListItem\",\"position\":1,\"name\":\"Start\",\"item\":\"https:\/\/www.stachristiana.at\/\"},{\"@type\":\"ListItem\",\"position\":2,\"name\":\"News\",\"item\":\"https:\/\/www.stachristiana.at\/volksschule-wiener-neustadt\/berichte\/news\/\"},{\"@type\":\"ListItem\",\"position\":3,\"name\":\"Beginn der \u00f6sterlichen Bu\u00dfzeit\"}]},{\"@type\":\"WebSite\",\"@id\":\"https:\/\/www.stachristiana.at\/volksschule-wiener-neustadt\/#website\",\"url\":\"https:\/\/www.stachristiana.at\/volksschule-wiener-neustadt\/\",\"name\":\"Sta. Christiana - Private Volksschule Wr. Neustadt\",\"description\":\"Sta. Christiana - Schulen zum Leben\",\"publisher\":{\"@id\":\"https:\/\/www.stachristiana.at\/volksschule-wiener-neustadt\/#organization\"},\"alternateName\":\"Private Volksschule Wr. Neustadt\",\"potentialAction\":[{\"@type\":\"SearchAction\",\"target\":{\"@type\":\"EntryPoint\",\"urlTemplate\":\"https:\/\/www.stachristiana.at\/volksschule-wiener-neustadt\/?s={search_term_string}\"},\"query-input\":{\"@type\":\"PropertyValueSpecification\",\"valueRequired\":true,\"valueName\":\"search_term_string\"}}],\"inLanguage\":\"de\"},{\"@type\":\"Organization\",\"@id\":\"https:\/\/www.stachristiana.at\/volksschule-wiener-neustadt\/#organization\",\"name\":\"Sta. Christiana - Private Volksschule Wr. Neustadt\",\"alternateName\":\"Private Volksschule Wr. Neustadt\",\"url\":\"https:\/\/www.stachristiana.at\/volksschule-wiener-neustadt\/\",\"logo\":{\"@type\":\"ImageObject\",\"inLanguage\":\"de\",\"@id\":\"https:\/\/www.stachristiana.at\/volksschule-wiener-neustadt\/#\/schema\/logo\/image\/\",\"url\":\"https:\/\/www.stachristiana.at\/app\/uploads\/sites\/10\/2022\/05\/logo-sta-christiana.png\",\"contentUrl\":\"https:\/\/www.stachristiana.at\/app\/uploads\/sites\/10\/2022\/05\/logo-sta-christiana.png\",\"width\":1200,\"height\":491,\"caption\":\"Sta. Christiana - Private Volksschule Wr. Neustadt\"},\"image\":{\"@id\":\"https:\/\/www.stachristiana.at\/volksschule-wiener-neustadt\/#\/schema\/logo\/image\/\"}},{\"@type\":\"Person\",\"@id\":\"https:\/\/www.stachristiana.at\/volksschule-wiener-neustadt\/#\/schema\/person\/2085142df5962a80b63fd5730970b5b3\",\"name\":\"martina\",\"image\":{\"@type\":\"ImageObject\",\"inLanguage\":\"de\",\"@id\":\"https:\/\/www.stachristiana.at\/volksschule-wiener-neustadt\/#\/schema\/person\/image\/\",\"url\":\"https:\/\/secure.gravatar.com\/avatar\/930b30f26d0da25b10d82130dd2c3c10fd16fa60d52c3913eec5445937ea1c91?s=96&d=mm&r=g\",\"contentUrl\":\"https:\/\/secure.gravatar.com\/avatar\/930b30f26d0da25b10d82130dd2c3c10fd16fa60d52c3913eec5445937ea1c91?s=96&d=mm&r=g\",\"caption\":\"martina\"},\"url\":\"https:\/\/www.stachristiana.at\/volksschule-wiener-neustadt\/author\/martina\/\"}]}<\/script>\n<!-- \/ Yoast SEO plugin. -->","yoast_head_json":{"title":"Beginn der \u00f6sterlichen Bu\u00dfzeit - Volksschule Wr. Neustadt","robots":{"index":"index","follow":"follow","max-snippet":"max-snippet:-1","max-image-preview":"max-image-preview:large","max-video-preview":"max-video-preview:-1"},"canonical":"https:\/\/www.stachristiana.at\/volksschule-wiener-neustadt\/news\/beginn-der-oesterlichen-busszeit\/","og_locale":"de_DE","og_type":"article","og_title":"Beginn der \u00f6sterlichen Bu\u00dfzeit - Volksschule Wr. Neustadt","og_description":"Ganz bewusst wurde am Aschermittwoch die \u00f6sterliche Bu\u00dfzeit begonnen. Im Hof fand eine Aschenkreuzfeier statt und die Kinder hatten die Gelegenheit ihre Vors\u00e4tze an ein Kreuz zu h\u00e4ngen.","og_url":"https:\/\/www.stachristiana.at\/volksschule-wiener-neustadt\/news\/beginn-der-oesterlichen-busszeit\/","og_site_name":"Volksschule Wr. Neustadt","article_published_time":"2025-03-05T10:48:51+00:00","article_modified_time":"2025-03-05T10:49:24+00:00","og_image":[{"width":1632,"height":784,"url":"https:\/\/www.stachristiana.at\/app\/uploads\/sites\/10\/2025\/03\/IMG_20250305_081107_resized_20250305_114447243.jpg","type":"image\/jpeg"}],"author":"martina","twitter_card":"summary_large_image","twitter_misc":{"Verfasst von":"martina","Gesch\u00e4tzte Lesezeit":"1\u00a0Minute"},"schema":{"@context":"https:\/\/schema.org","@graph":[{"@type":"Article","@id":"https:\/\/www.stachristiana.at\/volksschule-wiener-neustadt\/news\/beginn-der-oesterlichen-busszeit\/#article","isPartOf":{"@id":"https:\/\/www.stachristiana.at\/volksschule-wiener-neustadt\/news\/beginn-der-oesterlichen-busszeit\/"},"author":{"name":"martina","@id":"https:\/\/www.stachristiana.at\/volksschule-wiener-neustadt\/#\/schema\/person\/2085142df5962a80b63fd5730970b5b3"},"headline":"Beginn der \u00f6sterlichen Bu\u00dfzeit","datePublished":"2025-03-05T10:48:51+00:00","dateModified":"2025-03-05T10:49:24+00:00","mainEntityOfPage":{"@id":"https:\/\/www.stachristiana.at\/volksschule-wiener-neustadt\/news\/beginn-der-oesterlichen-busszeit\/"},"wordCount":36,"publisher":{"@id":"https:\/\/www.stachristiana.at\/volksschule-wiener-neustadt\/#organization"},"image":{"@id":"https:\/\/www.stachristiana.at\/volksschule-wiener-neustadt\/news\/beginn-der-oesterlichen-busszeit\/#primaryimage"},"thumbnailUrl":"https:\/\/www.stachristiana.at\/app\/uploads\/sites\/10\/2025\/03\/IMG_20250305_081107_resized_20250305_114447243.jpg","articleSection":["News","News REL"],"inLanguage":"de"},{"@type":"WebPage","@id":"https:\/\/www.stachristiana.at\/volksschule-wiener-neustadt\/news\/beginn-der-oesterlichen-busszeit\/","url":"https:\/\/www.stachristiana.at\/volksschule-wiener-neustadt\/news\/beginn-der-oesterlichen-busszeit\/","name":"Beginn der \u00f6sterlichen Bu\u00dfzeit - Volksschule Wr. Neustadt","isPartOf":{"@id":"https:\/\/www.stachristiana.at\/volksschule-wiener-neustadt\/#website"},"primaryImageOfPage":{"@id":"https:\/\/www.stachristiana.at\/volksschule-wiener-neustadt\/news\/beginn-der-oesterlichen-busszeit\/#primaryimage"},"image":{"@id":"https:\/\/www.stachristiana.at\/volksschule-wiener-neustadt\/news\/beginn-der-oesterlichen-busszeit\/#primaryimage"},"thumbnailUrl":"https:\/\/www.stachristiana.at\/app\/uploads\/sites\/10\/2025\/03\/IMG_20250305_081107_resized_20250305_114447243.jpg","datePublished":"2025-03-05T10:48:51+00:00","dateModified":"2025-03-05T10:49:24+00:00","breadcrumb":{"@id":"https:\/\/www.stachristiana.at\/volksschule-wiener-neustadt\/news\/beginn-der-oesterlichen-busszeit\/#breadcrumb"},"inLanguage":"de","potentialAction":[{"@type":"ReadAction","target":["https:\/\/www.stachristiana.at\/volksschule-wiener-neustadt\/news\/beginn-der-oesterlichen-busszeit\/"]}]},{"@type":"ImageObject","inLanguage":"de","@id":"https:\/\/www.stachristiana.at\/volksschule-wiener-neustadt\/news\/beginn-der-oesterlichen-busszeit\/#primaryimage","url":"https:\/\/www.stachristiana.at\/app\/uploads\/sites\/10\/2025\/03\/IMG_20250305_081107_resized_20250305_114447243.jpg","contentUrl":"https:\/\/www.stachristiana.at\/app\/uploads\/sites\/10\/2025\/03\/IMG_20250305_081107_resized_20250305_114447243.jpg","width":1632,"height":784},{"@type":"BreadcrumbList","@id":"https:\/\/www.stachristiana.at\/volksschule-wiener-neustadt\/news\/beginn-der-oesterlichen-busszeit\/#breadcrumb","itemListElement":[{"@type":"ListItem","position":1,"name":"Start","item":"https:\/\/www.stachristiana.at\/"},{"@type":"ListItem","position":2,"name":"News","item":"https:\/\/www.stachristiana.at\/volksschule-wiener-neustadt\/berichte\/news\/"},{"@type":"ListItem","position":3,"name":"Beginn der \u00f6sterlichen Bu\u00dfzeit"}]},{"@type":"WebSite","@id":"https:\/\/www.stachristiana.at\/volksschule-wiener-neustadt\/#website","url":"https:\/\/www.stachristiana.at\/volksschule-wiener-neustadt\/","name":"Sta. Christiana - Private Volksschule Wr. Neustadt","description":"Sta. Christiana - Schulen zum Leben","publisher":{"@id":"https:\/\/www.stachristiana.at\/volksschule-wiener-neustadt\/#organization"},"alternateName":"Private Volksschule Wr. Neustadt","potentialAction":[{"@type":"SearchAction","target":{"@type":"EntryPoint","urlTemplate":"https:\/\/www.stachristiana.at\/volksschule-wiener-neustadt\/?s={search_term_string}"},"query-input":{"@type":"PropertyValueSpecification","valueRequired":true,"valueName":"search_term_string"}}],"inLanguage":"de"},{"@type":"Organization","@id":"https:\/\/www.stachristiana.at\/volksschule-wiener-neustadt\/#organization","name":"Sta. Christiana - Private Volksschule Wr. Neustadt","alternateName":"Private Volksschule Wr. Neustadt","url":"https:\/\/www.stachristiana.at\/volksschule-wiener-neustadt\/","logo":{"@type":"ImageObject","inLanguage":"de","@id":"https:\/\/www.stachristiana.at\/volksschule-wiener-neustadt\/#\/schema\/logo\/image\/","url":"https:\/\/www.stachristiana.at\/app\/uploads\/sites\/10\/2022\/05\/logo-sta-christiana.png","contentUrl":"https:\/\/www.stachristiana.at\/app\/uploads\/sites\/10\/2022\/05\/logo-sta-christiana.png","width":1200,"height":491,"caption":"Sta. Christiana - Private Volksschule Wr. Neustadt"},"image":{"@id":"https:\/\/www.stachristiana.at\/volksschule-wiener-neustadt\/#\/schema\/logo\/image\/"}},{"@type":"Person","@id":"https:\/\/www.stachristiana.at\/volksschule-wiener-neustadt\/#\/schema\/person\/2085142df5962a80b63fd5730970b5b3","name":"martina","image":{"@type":"ImageObject","inLanguage":"de","@id":"https:\/\/www.stachristiana.at\/volksschule-wiener-neustadt\/#\/schema\/person\/image\/","url":"https:\/\/secure.gravatar.com\/avatar\/930b30f26d0da25b10d82130dd2c3c10fd16fa60d52c3913eec5445937ea1c91?s=96&d=mm&r=g","contentUrl":"https:\/\/secure.gravatar.com\/avatar\/930b30f26d0da25b10d82130dd2c3c10fd16fa60d52c3913eec5445937ea1c91?s=96&d=mm&r=g","caption":"martina"},"url":"https:\/\/www.stachristiana.at\/volksschule-wiener-neustadt\/author\/martina\/"}]}},"_links":{"self":[{"href":"https:\/\/www.stachristiana.at\/volksschule-wiener-neustadt\/wp-json\/wp\/v2\/posts\/7136","targetHints":{"allow":["GET"]}}],"collection":[{"href":"https:\/\/www.stachristiana.at\/volksschule-wiener-neustadt\/wp-json\/wp\/v2\/posts"}],"about":[{"href":"https:\/\/www.stachristiana.at\/volksschule-wiener-neustadt\/wp-json\/wp\/v2\/types\/post"}],"author":[{"embeddable":true,"href":"https:\/\/www.stachristiana.at\/volksschule-wiener-neustadt\/wp-json\/wp\/v2\/users\/28"}],"replies":[{"embeddable":true,"href":"https:\/\/www.stachristiana.at\/volksschule-wiener-neustadt\/wp-json\/wp\/v2\/comments?post=7136"}],"version-history":[{"count":1,"href":"https:\/\/www.stachristiana.at\/volksschule-wiener-neustadt\/wp-json\/wp\/v2\/posts\/7136\/revisions"}],"predecessor-version":[{"id":7143,"href":"https:\/\/www.stachristiana.at\/volksschule-wiener-neustadt\/wp-json\/wp\/v2\/posts\/7136\/revisions\/7143"}],"wp:featuredmedia":[{"embeddable":true,"href":"https:\/\/www.stachristiana.at\/volksschule-wiener-neustadt\/wp-json\/wp\/v2\/media\/7140"}],"wp:attachment":[{"href":"https:\/\/www.stachristiana.at\/volksschule-wiener-neustadt\/wp-json\/wp\/v2\/media?parent=7136"}],"wp:term":[{"taxonomy":"category","embeddable":true,"href":"https:\/\/www.stachristiana.at\/volksschule-wiener-neustadt\/wp-json\/wp\/v2\/categories?post=7136"},{"taxonomy":"post_tag","embeddable":true,"href":"https:\/\/www.stachristiana.at\/volksschule-wiener-neustadt\/wp-json\/wp\/v2\/tags?post=7136"}],"curies":[{"name":"wp","href":"https:\/\/api.w.org\/{rel}","templated":true}]}}