{"id":6508,"date":"2024-10-22T20:54:29","date_gmt":"2024-10-22T18:54:29","guid":{"rendered":"https:\/\/www.stachristiana.at\/volksschule-wiener-neustadt\/?p=6508"},"modified":"2025-08-30T20:39:16","modified_gmt":"2025-08-30T18:39:16","slug":"vorhang-auf-fuer-die-friedenssucher","status":"publish","type":"post","link":"https:\/\/www.stachristiana.at\/volksschule-wiener-neustadt\/news-3a-25-26\/vorhang-auf-fuer-die-friedenssucher\/","title":{"rendered":"Vorhang auf f\u00fcr die Friedenssucher"},"content":{"rendered":"\n<p>Die 2a und die 4c luden zur Projektpr\u00e4sentation des Buches \u201eDer Friedenssucher\u201c von Rainer Oberth\u00fcr. Nach intensiver Besch\u00e4ftigung mit dem Buch brachten die Kinder das St\u00fcck auf die B\u00fchne. Umrahmt von Liedern zum Frieden sowie einem Tanz und einem interreligi\u00f6sen Gebet zeigten die Klassen, wie wichtig es ist, sich auf den Weg zum Frieden zu machen.<\/p>\n\n\n\n<div id=\"gallery-block_ee3994390f67bf045dfd0d161211ba60\" class=\"gallery\">\n\t\t\n\t\t<a href=\"https:\/\/www.stachristiana.at\/app\/uploads\/sites\/10\/2024\/10\/Friede-2.jpg\" class=\"gallery-item\" data-caption=\"&lt;strong&gt;Friede 2&lt;\/strong&gt;\" data-fancybox=\"gallery-block_ee3994390f67bf045dfd0d161211ba60\" data-width=\"900\" data-height=\"675\"><img loading=\"lazy\" decoding=\"async\" width=\"400\" height=\"300\" src=\"https:\/\/www.stachristiana.at\/app\/uploads\/sites\/10\/2024\/10\/Friede-2-400x300.jpg\" class=\"attachment-medium size-medium\" alt=\"\" srcset=\"https:\/\/www.stachristiana.at\/app\/uploads\/sites\/10\/2024\/10\/Friede-2-400x300.jpg 400w, https:\/\/www.stachristiana.at\/app\/uploads\/sites\/10\/2024\/10\/Friede-2-768x576.jpg 768w, https:\/\/www.stachristiana.at\/app\/uploads\/sites\/10\/2024\/10\/Friede-2-613x460.jpg 613w, https:\/\/www.stachristiana.at\/app\/uploads\/sites\/10\/2024\/10\/Friede-2-100x75.jpg 100w, https:\/\/www.stachristiana.at\/app\/uploads\/sites\/10\/2024\/10\/Friede-2.jpg 900w\" sizes=\"auto, (max-width: 400px) 100vw, 400px\" \/><\/a>\n\n\t\t\n\t\t<a href=\"https:\/\/www.stachristiana.at\/app\/uploads\/sites\/10\/2024\/10\/Friede-1.jpg\" class=\"gallery-item\" data-caption=\"&lt;strong&gt;Friede 1&lt;\/strong&gt;\" data-fancybox=\"gallery-block_ee3994390f67bf045dfd0d161211ba60\" data-width=\"900\" data-height=\"675\"><img loading=\"lazy\" decoding=\"async\" width=\"400\" height=\"300\" src=\"https:\/\/www.stachristiana.at\/app\/uploads\/sites\/10\/2024\/10\/Friede-1-400x300.jpg\" class=\"attachment-medium size-medium\" alt=\"\" srcset=\"https:\/\/www.stachristiana.at\/app\/uploads\/sites\/10\/2024\/10\/Friede-1-400x300.jpg 400w, https:\/\/www.stachristiana.at\/app\/uploads\/sites\/10\/2024\/10\/Friede-1-768x576.jpg 768w, https:\/\/www.stachristiana.at\/app\/uploads\/sites\/10\/2024\/10\/Friede-1-613x460.jpg 613w, https:\/\/www.stachristiana.at\/app\/uploads\/sites\/10\/2024\/10\/Friede-1-100x75.jpg 100w, https:\/\/www.stachristiana.at\/app\/uploads\/sites\/10\/2024\/10\/Friede-1.jpg 900w\" sizes=\"auto, (max-width: 400px) 100vw, 400px\" \/><\/a>\n\n\t\t\n\t\t<a href=\"https:\/\/www.stachristiana.at\/app\/uploads\/sites\/10\/2024\/10\/Friede-3.jpg\" class=\"gallery-item\" data-caption=\"&lt;strong&gt;Friede 3&lt;\/strong&gt;\" data-fancybox=\"gallery-block_ee3994390f67bf045dfd0d161211ba60\" data-width=\"900\" data-height=\"675\"><img loading=\"lazy\" decoding=\"async\" width=\"400\" height=\"300\" src=\"https:\/\/www.stachristiana.at\/app\/uploads\/sites\/10\/2024\/10\/Friede-3-400x300.jpg\" class=\"attachment-medium size-medium\" alt=\"\" srcset=\"https:\/\/www.stachristiana.at\/app\/uploads\/sites\/10\/2024\/10\/Friede-3-400x300.jpg 400w, https:\/\/www.stachristiana.at\/app\/uploads\/sites\/10\/2024\/10\/Friede-3-768x576.jpg 768w, https:\/\/www.stachristiana.at\/app\/uploads\/sites\/10\/2024\/10\/Friede-3-613x460.jpg 613w, https:\/\/www.stachristiana.at\/app\/uploads\/sites\/10\/2024\/10\/Friede-3-100x75.jpg 100w, https:\/\/www.stachristiana.at\/app\/uploads\/sites\/10\/2024\/10\/Friede-3.jpg 900w\" sizes=\"auto, (max-width: 400px) 100vw, 400px\" \/><\/a>\n\n\t\t\n\t\t<a href=\"https:\/\/www.stachristiana.at\/app\/uploads\/sites\/10\/2024\/10\/Friede-4.jpg\" class=\"gallery-item\" data-caption=\"&lt;strong&gt;Friede 4&lt;\/strong&gt;\" data-fancybox=\"gallery-block_ee3994390f67bf045dfd0d161211ba60\" data-width=\"900\" data-height=\"675\"><img loading=\"lazy\" decoding=\"async\" width=\"400\" height=\"300\" src=\"https:\/\/www.stachristiana.at\/app\/uploads\/sites\/10\/2024\/10\/Friede-4-400x300.jpg\" class=\"attachment-medium size-medium\" alt=\"\" srcset=\"https:\/\/www.stachristiana.at\/app\/uploads\/sites\/10\/2024\/10\/Friede-4-400x300.jpg 400w, https:\/\/www.stachristiana.at\/app\/uploads\/sites\/10\/2024\/10\/Friede-4-768x576.jpg 768w, https:\/\/www.stachristiana.at\/app\/uploads\/sites\/10\/2024\/10\/Friede-4-613x460.jpg 613w, https:\/\/www.stachristiana.at\/app\/uploads\/sites\/10\/2024\/10\/Friede-4-100x75.jpg 100w, https:\/\/www.stachristiana.at\/app\/uploads\/sites\/10\/2024\/10\/Friede-4.jpg 900w\" sizes=\"auto, (max-width: 400px) 100vw, 400px\" \/><\/a>\n\n\t\t\n\t\t<a href=\"https:\/\/www.stachristiana.at\/app\/uploads\/sites\/10\/2024\/10\/Friede-5.jpg\" class=\"gallery-item\" data-caption=\"&lt;strong&gt;Friede 5&lt;\/strong&gt;\" data-fancybox=\"gallery-block_ee3994390f67bf045dfd0d161211ba60\" data-width=\"900\" data-height=\"675\"><img loading=\"lazy\" decoding=\"async\" width=\"400\" height=\"300\" src=\"https:\/\/www.stachristiana.at\/app\/uploads\/sites\/10\/2024\/10\/Friede-5-400x300.jpg\" class=\"attachment-medium size-medium\" alt=\"\" srcset=\"https:\/\/www.stachristiana.at\/app\/uploads\/sites\/10\/2024\/10\/Friede-5-400x300.jpg 400w, https:\/\/www.stachristiana.at\/app\/uploads\/sites\/10\/2024\/10\/Friede-5-768x576.jpg 768w, https:\/\/www.stachristiana.at\/app\/uploads\/sites\/10\/2024\/10\/Friede-5-613x460.jpg 613w, https:\/\/www.stachristiana.at\/app\/uploads\/sites\/10\/2024\/10\/Friede-5-100x75.jpg 100w, https:\/\/www.stachristiana.at\/app\/uploads\/sites\/10\/2024\/10\/Friede-5.jpg 900w\" sizes=\"auto, (max-width: 400px) 100vw, 400px\" \/><\/a>\n\n\t\t\n\t\t<a href=\"https:\/\/www.stachristiana.at\/app\/uploads\/sites\/10\/2024\/10\/Friede-6.jpg\" class=\"gallery-item\" data-caption=\"&lt;strong&gt;Friede 6&lt;\/strong&gt;\" data-fancybox=\"gallery-block_ee3994390f67bf045dfd0d161211ba60\" data-width=\"900\" data-height=\"675\"><img loading=\"lazy\" decoding=\"async\" width=\"400\" height=\"300\" src=\"https:\/\/www.stachristiana.at\/app\/uploads\/sites\/10\/2024\/10\/Friede-6-400x300.jpg\" class=\"attachment-medium size-medium\" alt=\"\" srcset=\"https:\/\/www.stachristiana.at\/app\/uploads\/sites\/10\/2024\/10\/Friede-6-400x300.jpg 400w, https:\/\/www.stachristiana.at\/app\/uploads\/sites\/10\/2024\/10\/Friede-6-768x576.jpg 768w, https:\/\/www.stachristiana.at\/app\/uploads\/sites\/10\/2024\/10\/Friede-6-613x460.jpg 613w, https:\/\/www.stachristiana.at\/app\/uploads\/sites\/10\/2024\/10\/Friede-6-100x75.jpg 100w, https:\/\/www.stachristiana.at\/app\/uploads\/sites\/10\/2024\/10\/Friede-6.jpg 900w\" sizes=\"auto, (max-width: 400px) 100vw, 400px\" \/><\/a>\n\n\t\t\n\t\t<a href=\"https:\/\/www.stachristiana.at\/app\/uploads\/sites\/10\/2024\/10\/Friede-8.jpg\" class=\"gallery-item\" data-caption=\"&lt;strong&gt;Friede 8&lt;\/strong&gt;\" data-fancybox=\"gallery-block_ee3994390f67bf045dfd0d161211ba60\" data-width=\"900\" data-height=\"675\"><img loading=\"lazy\" decoding=\"async\" width=\"400\" height=\"300\" src=\"https:\/\/www.stachristiana.at\/app\/uploads\/sites\/10\/2024\/10\/Friede-8-400x300.jpg\" class=\"attachment-medium size-medium\" alt=\"\" srcset=\"https:\/\/www.stachristiana.at\/app\/uploads\/sites\/10\/2024\/10\/Friede-8-400x300.jpg 400w, https:\/\/www.stachristiana.at\/app\/uploads\/sites\/10\/2024\/10\/Friede-8-768x576.jpg 768w, https:\/\/www.stachristiana.at\/app\/uploads\/sites\/10\/2024\/10\/Friede-8-613x460.jpg 613w, https:\/\/www.stachristiana.at\/app\/uploads\/sites\/10\/2024\/10\/Friede-8-100x75.jpg 100w, https:\/\/www.stachristiana.at\/app\/uploads\/sites\/10\/2024\/10\/Friede-8.jpg 900w\" sizes=\"auto, (max-width: 400px) 100vw, 400px\" \/><\/a>\n\n\t\t\n\t\t<a href=\"https:\/\/www.stachristiana.at\/app\/uploads\/sites\/10\/2024\/10\/Friede9.jpg\" class=\"gallery-item\" data-caption=\"&lt;strong&gt;Friede9&lt;\/strong&gt;\" data-fancybox=\"gallery-block_ee3994390f67bf045dfd0d161211ba60\" data-width=\"900\" data-height=\"675\"><img loading=\"lazy\" decoding=\"async\" width=\"400\" height=\"300\" src=\"https:\/\/www.stachristiana.at\/app\/uploads\/sites\/10\/2024\/10\/Friede9-400x300.jpg\" class=\"attachment-medium size-medium\" alt=\"\" srcset=\"https:\/\/www.stachristiana.at\/app\/uploads\/sites\/10\/2024\/10\/Friede9-400x300.jpg 400w, https:\/\/www.stachristiana.at\/app\/uploads\/sites\/10\/2024\/10\/Friede9-768x576.jpg 768w, https:\/\/www.stachristiana.at\/app\/uploads\/sites\/10\/2024\/10\/Friede9-613x460.jpg 613w, https:\/\/www.stachristiana.at\/app\/uploads\/sites\/10\/2024\/10\/Friede9-100x75.jpg 100w, https:\/\/www.stachristiana.at\/app\/uploads\/sites\/10\/2024\/10\/Friede9.jpg 900w\" sizes=\"auto, (max-width: 400px) 100vw, 400px\" \/><\/a>\n\n\t\t\n\t\t<a href=\"https:\/\/www.stachristiana.at\/app\/uploads\/sites\/10\/2024\/10\/Friede-10a.jpg\" class=\"gallery-item\" data-caption=\"&lt;strong&gt;Friede 10a&lt;\/strong&gt;\" data-fancybox=\"gallery-block_ee3994390f67bf045dfd0d161211ba60\" data-width=\"900\" data-height=\"675\"><img loading=\"lazy\" decoding=\"async\" width=\"400\" height=\"300\" src=\"https:\/\/www.stachristiana.at\/app\/uploads\/sites\/10\/2024\/10\/Friede-10a-400x300.jpg\" class=\"attachment-medium size-medium\" alt=\"\" srcset=\"https:\/\/www.stachristiana.at\/app\/uploads\/sites\/10\/2024\/10\/Friede-10a-400x300.jpg 400w, https:\/\/www.stachristiana.at\/app\/uploads\/sites\/10\/2024\/10\/Friede-10a-768x576.jpg 768w, https:\/\/www.stachristiana.at\/app\/uploads\/sites\/10\/2024\/10\/Friede-10a-613x460.jpg 613w, https:\/\/www.stachristiana.at\/app\/uploads\/sites\/10\/2024\/10\/Friede-10a-100x75.jpg 100w, https:\/\/www.stachristiana.at\/app\/uploads\/sites\/10\/2024\/10\/Friede-10a.jpg 900w\" sizes=\"auto, (max-width: 400px) 100vw, 400px\" \/><\/a>\n\n\t\t\n\t\t<a href=\"https:\/\/www.stachristiana.at\/app\/uploads\/sites\/10\/2024\/10\/Friede-10b.jpg\" class=\"gallery-item\" data-caption=\"&lt;strong&gt;Friede 10b&lt;\/strong&gt;\" data-fancybox=\"gallery-block_ee3994390f67bf045dfd0d161211ba60\" data-width=\"900\" data-height=\"675\"><img loading=\"lazy\" decoding=\"async\" width=\"400\" height=\"300\" src=\"https:\/\/www.stachristiana.at\/app\/uploads\/sites\/10\/2024\/10\/Friede-10b-400x300.jpg\" class=\"attachment-medium size-medium\" alt=\"\" srcset=\"https:\/\/www.stachristiana.at\/app\/uploads\/sites\/10\/2024\/10\/Friede-10b-400x300.jpg 400w, https:\/\/www.stachristiana.at\/app\/uploads\/sites\/10\/2024\/10\/Friede-10b-768x576.jpg 768w, https:\/\/www.stachristiana.at\/app\/uploads\/sites\/10\/2024\/10\/Friede-10b-613x460.jpg 613w, https:\/\/www.stachristiana.at\/app\/uploads\/sites\/10\/2024\/10\/Friede-10b-100x75.jpg 100w, https:\/\/www.stachristiana.at\/app\/uploads\/sites\/10\/2024\/10\/Friede-10b.jpg 900w\" sizes=\"auto, (max-width: 400px) 100vw, 400px\" \/><\/a>\n\n\t\t\n\t\t<a href=\"https:\/\/www.stachristiana.at\/app\/uploads\/sites\/10\/2024\/10\/Friede-10.jpg\" class=\"gallery-item\" data-caption=\"&lt;strong&gt;Friede 10&lt;\/strong&gt;\" data-fancybox=\"gallery-block_ee3994390f67bf045dfd0d161211ba60\" data-width=\"900\" data-height=\"675\"><img loading=\"lazy\" decoding=\"async\" width=\"400\" height=\"300\" src=\"https:\/\/www.stachristiana.at\/app\/uploads\/sites\/10\/2024\/10\/Friede-10-400x300.jpg\" class=\"attachment-medium size-medium\" alt=\"\" srcset=\"https:\/\/www.stachristiana.at\/app\/uploads\/sites\/10\/2024\/10\/Friede-10-400x300.jpg 400w, https:\/\/www.stachristiana.at\/app\/uploads\/sites\/10\/2024\/10\/Friede-10-768x576.jpg 768w, https:\/\/www.stachristiana.at\/app\/uploads\/sites\/10\/2024\/10\/Friede-10-613x460.jpg 613w, https:\/\/www.stachristiana.at\/app\/uploads\/sites\/10\/2024\/10\/Friede-10-100x75.jpg 100w, https:\/\/www.stachristiana.at\/app\/uploads\/sites\/10\/2024\/10\/Friede-10.jpg 900w\" sizes=\"auto, (max-width: 400px) 100vw, 400px\" \/><\/a>\n\n\t\t\n\t\t<a href=\"https:\/\/www.stachristiana.at\/app\/uploads\/sites\/10\/2024\/10\/Friede-7.jpg\" class=\"gallery-item\" data-caption=\"&lt;strong&gt;Friede 7&lt;\/strong&gt;\" data-fancybox=\"gallery-block_ee3994390f67bf045dfd0d161211ba60\" data-width=\"900\" data-height=\"675\"><img loading=\"lazy\" decoding=\"async\" width=\"400\" height=\"300\" src=\"https:\/\/www.stachristiana.at\/app\/uploads\/sites\/10\/2024\/10\/Friede-7-400x300.jpg\" class=\"attachment-medium size-medium\" alt=\"\" srcset=\"https:\/\/www.stachristiana.at\/app\/uploads\/sites\/10\/2024\/10\/Friede-7-400x300.jpg 400w, https:\/\/www.stachristiana.at\/app\/uploads\/sites\/10\/2024\/10\/Friede-7-768x576.jpg 768w, https:\/\/www.stachristiana.at\/app\/uploads\/sites\/10\/2024\/10\/Friede-7-613x460.jpg 613w, https:\/\/www.stachristiana.at\/app\/uploads\/sites\/10\/2024\/10\/Friede-7-100x75.jpg 100w, https:\/\/www.stachristiana.at\/app\/uploads\/sites\/10\/2024\/10\/Friede-7.jpg 900w\" sizes=\"auto, (max-width: 400px) 100vw, 400px\" \/><\/a>\n\n\t<\/div>\n\n","protected":false},"excerpt":{"rendered":"<p>Die 2a und die 4c luden zur Projektpr\u00e4sentation des Buches \u201eDer Friedenssucher\u201c von Rainer Oberth\u00fcr. Nach intensiver Besch\u00e4ftigung mit dem Buch brachten die Kinder das St\u00fcck auf die B\u00fchne. Umrahmt von Liedern zum Frieden sowie einem Tanz und einem interreligi\u00f6sen Gebet zeigten die Klassen, wie wichtig es ist, sich auf den Weg zum Frieden zu [&hellip;]<\/p>\n","protected":false},"author":46,"featured_media":6507,"comment_status":"closed","ping_status":"closed","sticky":false,"template":"","format":"standard","meta":{"footnotes":""},"categories":[1,15,26],"tags":[],"class_list":["post-6508","post","type-post","status-publish","format-standard","has-post-thumbnail","hentry","category-news","category-news-3a-25-26","category-news-rel"],"acf":[],"yoast_head":"<!-- This site is optimized with the Yoast SEO plugin v26.8 - https:\/\/yoast.com\/product\/yoast-seo-wordpress\/ -->\n<title>Vorhang auf f\u00fcr die Friedenssucher - Volksschule Wr. Neustadt<\/title>\n<meta name=\"robots\" content=\"index, follow, max-snippet:-1, max-image-preview:large, max-video-preview:-1\" \/>\n<link rel=\"canonical\" href=\"https:\/\/www.stachristiana.at\/volksschule-wiener-neustadt\/news\/vorhang-auf-fuer-die-friedenssucher\/\" \/>\n<meta property=\"og:locale\" content=\"de_DE\" \/>\n<meta property=\"og:type\" content=\"article\" \/>\n<meta property=\"og:title\" content=\"Vorhang auf f\u00fcr die Friedenssucher - Volksschule Wr. Neustadt\" \/>\n<meta property=\"og:description\" content=\"Die 2a und die 4c luden zur Projektpr\u00e4sentation des Buches \u201eDer Friedenssucher\u201c von Rainer Oberth\u00fcr. Nach intensiver Besch\u00e4ftigung mit dem Buch brachten die Kinder das St\u00fcck auf die B\u00fchne. Umrahmt von Liedern zum Frieden sowie einem Tanz und einem interreligi\u00f6sen Gebet zeigten die Klassen, wie wichtig es ist, sich auf den Weg zum Frieden zu [&hellip;]\" \/>\n<meta property=\"og:url\" content=\"https:\/\/www.stachristiana.at\/volksschule-wiener-neustadt\/news\/vorhang-auf-fuer-die-friedenssucher\/\" \/>\n<meta property=\"og:site_name\" content=\"Volksschule Wr. Neustadt\" \/>\n<meta property=\"article:published_time\" content=\"2024-10-22T18:54:29+00:00\" \/>\n<meta property=\"article:modified_time\" content=\"2025-08-30T18:39:16+00:00\" \/>\n<meta property=\"og:image\" content=\"https:\/\/www.stachristiana.at\/app\/uploads\/sites\/10\/2024\/10\/Friede-xx.jpg\" \/>\n\t<meta property=\"og:image:width\" content=\"900\" \/>\n\t<meta property=\"og:image:height\" content=\"675\" \/>\n\t<meta property=\"og:image:type\" content=\"image\/jpeg\" \/>\n<meta name=\"author\" content=\"ashackl\" \/>\n<meta name=\"twitter:card\" content=\"summary_large_image\" \/>\n<meta name=\"twitter:label1\" content=\"Verfasst von\" \/>\n\t<meta name=\"twitter:data1\" content=\"ashackl\" \/>\n\t<meta name=\"twitter:label2\" content=\"Gesch\u00e4tzte Lesezeit\" \/>\n\t<meta name=\"twitter:data2\" content=\"1\u00a0Minute\" \/>\n<script type=\"application\/ld+json\" class=\"yoast-schema-graph\">{\"@context\":\"https:\/\/schema.org\",\"@graph\":[{\"@type\":\"Article\",\"@id\":\"https:\/\/www.stachristiana.at\/volksschule-wiener-neustadt\/news\/vorhang-auf-fuer-die-friedenssucher\/#article\",\"isPartOf\":{\"@id\":\"https:\/\/www.stachristiana.at\/volksschule-wiener-neustadt\/news\/vorhang-auf-fuer-die-friedenssucher\/\"},\"author\":{\"name\":\"ashackl\",\"@id\":\"https:\/\/www.stachristiana.at\/volksschule-wiener-neustadt\/#\/schema\/person\/0aaf909c2a85a9b2cfedf3b5e9eb1588\"},\"headline\":\"Vorhang auf f\u00fcr die Friedenssucher\",\"datePublished\":\"2024-10-22T18:54:29+00:00\",\"dateModified\":\"2025-08-30T18:39:16+00:00\",\"mainEntityOfPage\":{\"@id\":\"https:\/\/www.stachristiana.at\/volksschule-wiener-neustadt\/news\/vorhang-auf-fuer-die-friedenssucher\/\"},\"wordCount\":68,\"publisher\":{\"@id\":\"https:\/\/www.stachristiana.at\/volksschule-wiener-neustadt\/#organization\"},\"image\":{\"@id\":\"https:\/\/www.stachristiana.at\/volksschule-wiener-neustadt\/news\/vorhang-auf-fuer-die-friedenssucher\/#primaryimage\"},\"thumbnailUrl\":\"https:\/\/www.stachristiana.at\/app\/uploads\/sites\/10\/2024\/10\/Friede-xx.jpg\",\"articleSection\":[\"News\",\"News 3a 25\/26\",\"News REL\"],\"inLanguage\":\"de\"},{\"@type\":\"WebPage\",\"@id\":\"https:\/\/www.stachristiana.at\/volksschule-wiener-neustadt\/news\/vorhang-auf-fuer-die-friedenssucher\/\",\"url\":\"https:\/\/www.stachristiana.at\/volksschule-wiener-neustadt\/news\/vorhang-auf-fuer-die-friedenssucher\/\",\"name\":\"Vorhang auf f\u00fcr die Friedenssucher - Volksschule Wr. Neustadt\",\"isPartOf\":{\"@id\":\"https:\/\/www.stachristiana.at\/volksschule-wiener-neustadt\/#website\"},\"primaryImageOfPage\":{\"@id\":\"https:\/\/www.stachristiana.at\/volksschule-wiener-neustadt\/news\/vorhang-auf-fuer-die-friedenssucher\/#primaryimage\"},\"image\":{\"@id\":\"https:\/\/www.stachristiana.at\/volksschule-wiener-neustadt\/news\/vorhang-auf-fuer-die-friedenssucher\/#primaryimage\"},\"thumbnailUrl\":\"https:\/\/www.stachristiana.at\/app\/uploads\/sites\/10\/2024\/10\/Friede-xx.jpg\",\"datePublished\":\"2024-10-22T18:54:29+00:00\",\"dateModified\":\"2025-08-30T18:39:16+00:00\",\"breadcrumb\":{\"@id\":\"https:\/\/www.stachristiana.at\/volksschule-wiener-neustadt\/news\/vorhang-auf-fuer-die-friedenssucher\/#breadcrumb\"},\"inLanguage\":\"de\",\"potentialAction\":[{\"@type\":\"ReadAction\",\"target\":[\"https:\/\/www.stachristiana.at\/volksschule-wiener-neustadt\/news\/vorhang-auf-fuer-die-friedenssucher\/\"]}]},{\"@type\":\"ImageObject\",\"inLanguage\":\"de\",\"@id\":\"https:\/\/www.stachristiana.at\/volksschule-wiener-neustadt\/news\/vorhang-auf-fuer-die-friedenssucher\/#primaryimage\",\"url\":\"https:\/\/www.stachristiana.at\/app\/uploads\/sites\/10\/2024\/10\/Friede-xx.jpg\",\"contentUrl\":\"https:\/\/www.stachristiana.at\/app\/uploads\/sites\/10\/2024\/10\/Friede-xx.jpg\",\"width\":900,\"height\":675},{\"@type\":\"BreadcrumbList\",\"@id\":\"https:\/\/www.stachristiana.at\/volksschule-wiener-neustadt\/news\/vorhang-auf-fuer-die-friedenssucher\/#breadcrumb\",\"itemListElement\":[{\"@type\":\"ListItem\",\"position\":1,\"name\":\"Start\",\"item\":\"https:\/\/www.stachristiana.at\/\"},{\"@type\":\"ListItem\",\"position\":2,\"name\":\"News 3a 25\/26\",\"item\":\"https:\/\/www.stachristiana.at\/volksschule-wiener-neustadt\/berichte\/news-3a-25-26\/\"},{\"@type\":\"ListItem\",\"position\":3,\"name\":\"Vorhang auf f\u00fcr die Friedenssucher\"}]},{\"@type\":\"WebSite\",\"@id\":\"https:\/\/www.stachristiana.at\/volksschule-wiener-neustadt\/#website\",\"url\":\"https:\/\/www.stachristiana.at\/volksschule-wiener-neustadt\/\",\"name\":\"Sta. Christiana - Private Volksschule Wr. Neustadt\",\"description\":\"Sta. Christiana - Schulen zum Leben\",\"publisher\":{\"@id\":\"https:\/\/www.stachristiana.at\/volksschule-wiener-neustadt\/#organization\"},\"alternateName\":\"Private Volksschule Wr. Neustadt\",\"potentialAction\":[{\"@type\":\"SearchAction\",\"target\":{\"@type\":\"EntryPoint\",\"urlTemplate\":\"https:\/\/www.stachristiana.at\/volksschule-wiener-neustadt\/?s={search_term_string}\"},\"query-input\":{\"@type\":\"PropertyValueSpecification\",\"valueRequired\":true,\"valueName\":\"search_term_string\"}}],\"inLanguage\":\"de\"},{\"@type\":\"Organization\",\"@id\":\"https:\/\/www.stachristiana.at\/volksschule-wiener-neustadt\/#organization\",\"name\":\"Sta. Christiana - Private Volksschule Wr. Neustadt\",\"alternateName\":\"Private Volksschule Wr. Neustadt\",\"url\":\"https:\/\/www.stachristiana.at\/volksschule-wiener-neustadt\/\",\"logo\":{\"@type\":\"ImageObject\",\"inLanguage\":\"de\",\"@id\":\"https:\/\/www.stachristiana.at\/volksschule-wiener-neustadt\/#\/schema\/logo\/image\/\",\"url\":\"https:\/\/www.stachristiana.at\/app\/uploads\/sites\/10\/2022\/05\/logo-sta-christiana.png\",\"contentUrl\":\"https:\/\/www.stachristiana.at\/app\/uploads\/sites\/10\/2022\/05\/logo-sta-christiana.png\",\"width\":1200,\"height\":491,\"caption\":\"Sta. Christiana - Private Volksschule Wr. Neustadt\"},\"image\":{\"@id\":\"https:\/\/www.stachristiana.at\/volksschule-wiener-neustadt\/#\/schema\/logo\/image\/\"}},{\"@type\":\"Person\",\"@id\":\"https:\/\/www.stachristiana.at\/volksschule-wiener-neustadt\/#\/schema\/person\/0aaf909c2a85a9b2cfedf3b5e9eb1588\",\"name\":\"ashackl\",\"image\":{\"@type\":\"ImageObject\",\"inLanguage\":\"de\",\"@id\":\"https:\/\/www.stachristiana.at\/volksschule-wiener-neustadt\/#\/schema\/person\/image\/\",\"url\":\"https:\/\/secure.gravatar.com\/avatar\/ba7a69e03397160b22a185e8274cce887b4da486040cd7a629b0697deaa2744b?s=96&d=mm&r=g\",\"contentUrl\":\"https:\/\/secure.gravatar.com\/avatar\/ba7a69e03397160b22a185e8274cce887b4da486040cd7a629b0697deaa2744b?s=96&d=mm&r=g\",\"caption\":\"ashackl\"},\"url\":\"https:\/\/www.stachristiana.at\/volksschule-wiener-neustadt\/author\/ashackl\/\"}]}<\/script>\n<!-- \/ Yoast SEO plugin. -->","yoast_head_json":{"title":"Vorhang auf f\u00fcr die Friedenssucher - Volksschule Wr. Neustadt","robots":{"index":"index","follow":"follow","max-snippet":"max-snippet:-1","max-image-preview":"max-image-preview:large","max-video-preview":"max-video-preview:-1"},"canonical":"https:\/\/www.stachristiana.at\/volksschule-wiener-neustadt\/news\/vorhang-auf-fuer-die-friedenssucher\/","og_locale":"de_DE","og_type":"article","og_title":"Vorhang auf f\u00fcr die Friedenssucher - Volksschule Wr. Neustadt","og_description":"Die 2a und die 4c luden zur Projektpr\u00e4sentation des Buches \u201eDer Friedenssucher\u201c von Rainer Oberth\u00fcr. Nach intensiver Besch\u00e4ftigung mit dem Buch brachten die Kinder das St\u00fcck auf die B\u00fchne. Umrahmt von Liedern zum Frieden sowie einem Tanz und einem interreligi\u00f6sen Gebet zeigten die Klassen, wie wichtig es ist, sich auf den Weg zum Frieden zu [&hellip;]","og_url":"https:\/\/www.stachristiana.at\/volksschule-wiener-neustadt\/news\/vorhang-auf-fuer-die-friedenssucher\/","og_site_name":"Volksschule Wr. Neustadt","article_published_time":"2024-10-22T18:54:29+00:00","article_modified_time":"2025-08-30T18:39:16+00:00","og_image":[{"width":900,"height":675,"url":"https:\/\/www.stachristiana.at\/app\/uploads\/sites\/10\/2024\/10\/Friede-xx.jpg","type":"image\/jpeg"}],"author":"ashackl","twitter_card":"summary_large_image","twitter_misc":{"Verfasst von":"ashackl","Gesch\u00e4tzte Lesezeit":"1\u00a0Minute"},"schema":{"@context":"https:\/\/schema.org","@graph":[{"@type":"Article","@id":"https:\/\/www.stachristiana.at\/volksschule-wiener-neustadt\/news\/vorhang-auf-fuer-die-friedenssucher\/#article","isPartOf":{"@id":"https:\/\/www.stachristiana.at\/volksschule-wiener-neustadt\/news\/vorhang-auf-fuer-die-friedenssucher\/"},"author":{"name":"ashackl","@id":"https:\/\/www.stachristiana.at\/volksschule-wiener-neustadt\/#\/schema\/person\/0aaf909c2a85a9b2cfedf3b5e9eb1588"},"headline":"Vorhang auf f\u00fcr die Friedenssucher","datePublished":"2024-10-22T18:54:29+00:00","dateModified":"2025-08-30T18:39:16+00:00","mainEntityOfPage":{"@id":"https:\/\/www.stachristiana.at\/volksschule-wiener-neustadt\/news\/vorhang-auf-fuer-die-friedenssucher\/"},"wordCount":68,"publisher":{"@id":"https:\/\/www.stachristiana.at\/volksschule-wiener-neustadt\/#organization"},"image":{"@id":"https:\/\/www.stachristiana.at\/volksschule-wiener-neustadt\/news\/vorhang-auf-fuer-die-friedenssucher\/#primaryimage"},"thumbnailUrl":"https:\/\/www.stachristiana.at\/app\/uploads\/sites\/10\/2024\/10\/Friede-xx.jpg","articleSection":["News","News 3a 25\/26","News REL"],"inLanguage":"de"},{"@type":"WebPage","@id":"https:\/\/www.stachristiana.at\/volksschule-wiener-neustadt\/news\/vorhang-auf-fuer-die-friedenssucher\/","url":"https:\/\/www.stachristiana.at\/volksschule-wiener-neustadt\/news\/vorhang-auf-fuer-die-friedenssucher\/","name":"Vorhang auf f\u00fcr die Friedenssucher - Volksschule Wr. Neustadt","isPartOf":{"@id":"https:\/\/www.stachristiana.at\/volksschule-wiener-neustadt\/#website"},"primaryImageOfPage":{"@id":"https:\/\/www.stachristiana.at\/volksschule-wiener-neustadt\/news\/vorhang-auf-fuer-die-friedenssucher\/#primaryimage"},"image":{"@id":"https:\/\/www.stachristiana.at\/volksschule-wiener-neustadt\/news\/vorhang-auf-fuer-die-friedenssucher\/#primaryimage"},"thumbnailUrl":"https:\/\/www.stachristiana.at\/app\/uploads\/sites\/10\/2024\/10\/Friede-xx.jpg","datePublished":"2024-10-22T18:54:29+00:00","dateModified":"2025-08-30T18:39:16+00:00","breadcrumb":{"@id":"https:\/\/www.stachristiana.at\/volksschule-wiener-neustadt\/news\/vorhang-auf-fuer-die-friedenssucher\/#breadcrumb"},"inLanguage":"de","potentialAction":[{"@type":"ReadAction","target":["https:\/\/www.stachristiana.at\/volksschule-wiener-neustadt\/news\/vorhang-auf-fuer-die-friedenssucher\/"]}]},{"@type":"ImageObject","inLanguage":"de","@id":"https:\/\/www.stachristiana.at\/volksschule-wiener-neustadt\/news\/vorhang-auf-fuer-die-friedenssucher\/#primaryimage","url":"https:\/\/www.stachristiana.at\/app\/uploads\/sites\/10\/2024\/10\/Friede-xx.jpg","contentUrl":"https:\/\/www.stachristiana.at\/app\/uploads\/sites\/10\/2024\/10\/Friede-xx.jpg","width":900,"height":675},{"@type":"BreadcrumbList","@id":"https:\/\/www.stachristiana.at\/volksschule-wiener-neustadt\/news\/vorhang-auf-fuer-die-friedenssucher\/#breadcrumb","itemListElement":[{"@type":"ListItem","position":1,"name":"Start","item":"https:\/\/www.stachristiana.at\/"},{"@type":"ListItem","position":2,"name":"News 3a 25\/26","item":"https:\/\/www.stachristiana.at\/volksschule-wiener-neustadt\/berichte\/news-3a-25-26\/"},{"@type":"ListItem","position":3,"name":"Vorhang auf f\u00fcr die Friedenssucher"}]},{"@type":"WebSite","@id":"https:\/\/www.stachristiana.at\/volksschule-wiener-neustadt\/#website","url":"https:\/\/www.stachristiana.at\/volksschule-wiener-neustadt\/","name":"Sta. Christiana - Private Volksschule Wr. Neustadt","description":"Sta. Christiana - Schulen zum Leben","publisher":{"@id":"https:\/\/www.stachristiana.at\/volksschule-wiener-neustadt\/#organization"},"alternateName":"Private Volksschule Wr. Neustadt","potentialAction":[{"@type":"SearchAction","target":{"@type":"EntryPoint","urlTemplate":"https:\/\/www.stachristiana.at\/volksschule-wiener-neustadt\/?s={search_term_string}"},"query-input":{"@type":"PropertyValueSpecification","valueRequired":true,"valueName":"search_term_string"}}],"inLanguage":"de"},{"@type":"Organization","@id":"https:\/\/www.stachristiana.at\/volksschule-wiener-neustadt\/#organization","name":"Sta. Christiana - Private Volksschule Wr. Neustadt","alternateName":"Private Volksschule Wr. Neustadt","url":"https:\/\/www.stachristiana.at\/volksschule-wiener-neustadt\/","logo":{"@type":"ImageObject","inLanguage":"de","@id":"https:\/\/www.stachristiana.at\/volksschule-wiener-neustadt\/#\/schema\/logo\/image\/","url":"https:\/\/www.stachristiana.at\/app\/uploads\/sites\/10\/2022\/05\/logo-sta-christiana.png","contentUrl":"https:\/\/www.stachristiana.at\/app\/uploads\/sites\/10\/2022\/05\/logo-sta-christiana.png","width":1200,"height":491,"caption":"Sta. Christiana - Private Volksschule Wr. Neustadt"},"image":{"@id":"https:\/\/www.stachristiana.at\/volksschule-wiener-neustadt\/#\/schema\/logo\/image\/"}},{"@type":"Person","@id":"https:\/\/www.stachristiana.at\/volksschule-wiener-neustadt\/#\/schema\/person\/0aaf909c2a85a9b2cfedf3b5e9eb1588","name":"ashackl","image":{"@type":"ImageObject","inLanguage":"de","@id":"https:\/\/www.stachristiana.at\/volksschule-wiener-neustadt\/#\/schema\/person\/image\/","url":"https:\/\/secure.gravatar.com\/avatar\/ba7a69e03397160b22a185e8274cce887b4da486040cd7a629b0697deaa2744b?s=96&d=mm&r=g","contentUrl":"https:\/\/secure.gravatar.com\/avatar\/ba7a69e03397160b22a185e8274cce887b4da486040cd7a629b0697deaa2744b?s=96&d=mm&r=g","caption":"ashackl"},"url":"https:\/\/www.stachristiana.at\/volksschule-wiener-neustadt\/author\/ashackl\/"}]}},"_links":{"self":[{"href":"https:\/\/www.stachristiana.at\/volksschule-wiener-neustadt\/wp-json\/wp\/v2\/posts\/6508","targetHints":{"allow":["GET"]}}],"collection":[{"href":"https:\/\/www.stachristiana.at\/volksschule-wiener-neustadt\/wp-json\/wp\/v2\/posts"}],"about":[{"href":"https:\/\/www.stachristiana.at\/volksschule-wiener-neustadt\/wp-json\/wp\/v2\/types\/post"}],"author":[{"embeddable":true,"href":"https:\/\/www.stachristiana.at\/volksschule-wiener-neustadt\/wp-json\/wp\/v2\/users\/46"}],"replies":[{"embeddable":true,"href":"https:\/\/www.stachristiana.at\/volksschule-wiener-neustadt\/wp-json\/wp\/v2\/comments?post=6508"}],"version-history":[{"count":2,"href":"https:\/\/www.stachristiana.at\/volksschule-wiener-neustadt\/wp-json\/wp\/v2\/posts\/6508\/revisions"}],"predecessor-version":[{"id":6510,"href":"https:\/\/www.stachristiana.at\/volksschule-wiener-neustadt\/wp-json\/wp\/v2\/posts\/6508\/revisions\/6510"}],"wp:featuredmedia":[{"embeddable":true,"href":"https:\/\/www.stachristiana.at\/volksschule-wiener-neustadt\/wp-json\/wp\/v2\/media\/6507"}],"wp:attachment":[{"href":"https:\/\/www.stachristiana.at\/volksschule-wiener-neustadt\/wp-json\/wp\/v2\/media?parent=6508"}],"wp:term":[{"taxonomy":"category","embeddable":true,"href":"https:\/\/www.stachristiana.at\/volksschule-wiener-neustadt\/wp-json\/wp\/v2\/categories?post=6508"},{"taxonomy":"post_tag","embeddable":true,"href":"https:\/\/www.stachristiana.at\/volksschule-wiener-neustadt\/wp-json\/wp\/v2\/tags?post=6508"}],"curies":[{"name":"wp","href":"https:\/\/api.w.org\/{rel}","templated":true}]}}