{"id":5389,"date":"2024-04-17T20:19:10","date_gmt":"2024-04-17T18:19:10","guid":{"rendered":"https:\/\/www.stachristiana.at\/volksschule-wiener-neustadt\/?p=5389"},"modified":"2024-04-24T09:02:39","modified_gmt":"2024-04-24T07:02:39","slug":"fruehlingsblumen","status":"publish","type":"post","link":"https:\/\/www.stachristiana.at\/volksschule-wiener-neustadt\/news-3a-25-26\/fruehlingsblumen\/","title":{"rendered":"Fr\u00fchlingsblumen"},"content":{"rendered":"\n<p>Zur Ankunft des Fr\u00fchlings malten die Kinder wundersch\u00f6ne Tulpen!<\/p>\n\n\n\n<div id=\"classes-block_4c70c37c7d4a9d5d7df64ed5e9e401ed\" class=\"classes\">\n\t\t\n\t\t<a href=\"https:\/\/www.stachristiana.at\/app\/uploads\/sites\/10\/2024\/04\/Z1.jpg\" class=\"classes-item\" data-caption=\"&lt;strong&gt;Z1&lt;\/strong&gt; \" data-fancybox=\"classes-block_4c70c37c7d4a9d5d7df64ed5e9e401ed\" data-width=\"900\" data-height=\"405\">\n\t\t\t<img loading=\"lazy\" decoding=\"async\" width=\"400\" height=\"180\" src=\"https:\/\/www.stachristiana.at\/app\/uploads\/sites\/10\/2024\/04\/Z1-400x180.jpg\" class=\"attachment-medium size-medium\" alt=\"\" srcset=\"https:\/\/www.stachristiana.at\/app\/uploads\/sites\/10\/2024\/04\/Z1-400x180.jpg 400w, https:\/\/www.stachristiana.at\/app\/uploads\/sites\/10\/2024\/04\/Z1-768x346.jpg 768w, https:\/\/www.stachristiana.at\/app\/uploads\/sites\/10\/2024\/04\/Z1-890x401.jpg 890w, https:\/\/www.stachristiana.at\/app\/uploads\/sites\/10\/2024\/04\/Z1-167x75.jpg 167w, https:\/\/www.stachristiana.at\/app\/uploads\/sites\/10\/2024\/04\/Z1.jpg 900w\" sizes=\"auto, (max-width: 400px) 100vw, 400px\" \/>\t\t\t<span class=\"classes-item-caption\">\n\t\t\t\t<span class=\"caption-short\">Z1<\/span>\n\t\t\t\t<span class=\"caption-supervisors\"><\/span>\n\t\t\t<\/span>\n\t\t<\/a>\n\n\t\t\n\t\t<a href=\"https:\/\/www.stachristiana.at\/app\/uploads\/sites\/10\/2024\/04\/Z2.jpg\" class=\"classes-item\" data-caption=\"&lt;strong&gt;Z2&lt;\/strong&gt; \" data-fancybox=\"classes-block_4c70c37c7d4a9d5d7df64ed5e9e401ed\" data-width=\"900\" data-height=\"405\">\n\t\t\t<img loading=\"lazy\" decoding=\"async\" width=\"400\" height=\"180\" src=\"https:\/\/www.stachristiana.at\/app\/uploads\/sites\/10\/2024\/04\/Z2-400x180.jpg\" class=\"attachment-medium size-medium\" alt=\"\" srcset=\"https:\/\/www.stachristiana.at\/app\/uploads\/sites\/10\/2024\/04\/Z2-400x180.jpg 400w, https:\/\/www.stachristiana.at\/app\/uploads\/sites\/10\/2024\/04\/Z2-768x346.jpg 768w, https:\/\/www.stachristiana.at\/app\/uploads\/sites\/10\/2024\/04\/Z2-890x401.jpg 890w, https:\/\/www.stachristiana.at\/app\/uploads\/sites\/10\/2024\/04\/Z2-167x75.jpg 167w, https:\/\/www.stachristiana.at\/app\/uploads\/sites\/10\/2024\/04\/Z2.jpg 900w\" sizes=\"auto, (max-width: 400px) 100vw, 400px\" \/>\t\t\t<span class=\"classes-item-caption\">\n\t\t\t\t<span class=\"caption-short\">Z2<\/span>\n\t\t\t\t<span class=\"caption-supervisors\"><\/span>\n\t\t\t<\/span>\n\t\t<\/a>\n\n\t<\/div>\n","protected":false},"excerpt":{"rendered":"<p>Zur Ankunft des Fr\u00fchlings malten die Kinder wundersch\u00f6ne Tulpen!<\/p>\n","protected":false},"author":48,"featured_media":5378,"comment_status":"closed","ping_status":"closed","sticky":false,"template":"","format":"standard","meta":{"footnotes":""},"categories":[1,15],"tags":[],"class_list":["post-5389","post","type-post","status-publish","format-standard","has-post-thumbnail","hentry","category-news","category-news-3a-25-26"],"acf":[],"yoast_head":"<!-- This site is optimized with the Yoast SEO plugin v26.8 - https:\/\/yoast.com\/product\/yoast-seo-wordpress\/ -->\n<title>Fr\u00fchlingsblumen - Volksschule Wr. Neustadt<\/title>\n<meta name=\"robots\" content=\"index, follow, max-snippet:-1, max-image-preview:large, max-video-preview:-1\" \/>\n<link rel=\"canonical\" href=\"https:\/\/www.stachristiana.at\/volksschule-wiener-neustadt\/news\/fruehlingsblumen\/\" \/>\n<meta property=\"og:locale\" content=\"de_DE\" \/>\n<meta property=\"og:type\" content=\"article\" \/>\n<meta property=\"og:title\" content=\"Fr\u00fchlingsblumen - Volksschule Wr. Neustadt\" \/>\n<meta property=\"og:description\" content=\"Zur Ankunft des Fr\u00fchlings malten die Kinder wundersch\u00f6ne Tulpen!\" \/>\n<meta property=\"og:url\" content=\"https:\/\/www.stachristiana.at\/volksschule-wiener-neustadt\/news\/fruehlingsblumen\/\" \/>\n<meta property=\"og:site_name\" content=\"Volksschule Wr. Neustadt\" \/>\n<meta property=\"article:published_time\" content=\"2024-04-17T18:19:10+00:00\" \/>\n<meta property=\"article:modified_time\" content=\"2024-04-24T07:02:39+00:00\" \/>\n<meta property=\"og:image\" content=\"https:\/\/www.stachristiana.at\/app\/uploads\/sites\/10\/2024\/04\/Z2.jpg\" \/>\n\t<meta property=\"og:image:width\" content=\"900\" \/>\n\t<meta property=\"og:image:height\" content=\"405\" \/>\n\t<meta property=\"og:image:type\" content=\"image\/jpeg\" \/>\n<meta name=\"author\" content=\"helgapaku63\" \/>\n<meta name=\"twitter:card\" content=\"summary_large_image\" \/>\n<meta name=\"twitter:label1\" content=\"Verfasst von\" \/>\n\t<meta name=\"twitter:data1\" content=\"helgapaku63\" \/>\n\t<meta name=\"twitter:label2\" content=\"Gesch\u00e4tzte Lesezeit\" \/>\n\t<meta name=\"twitter:data2\" content=\"1\u00a0Minute\" \/>\n<script type=\"application\/ld+json\" class=\"yoast-schema-graph\">{\"@context\":\"https:\/\/schema.org\",\"@graph\":[{\"@type\":\"Article\",\"@id\":\"https:\/\/www.stachristiana.at\/volksschule-wiener-neustadt\/news\/fruehlingsblumen\/#article\",\"isPartOf\":{\"@id\":\"https:\/\/www.stachristiana.at\/volksschule-wiener-neustadt\/news\/fruehlingsblumen\/\"},\"author\":{\"name\":\"helgapaku63\",\"@id\":\"https:\/\/www.stachristiana.at\/volksschule-wiener-neustadt\/#\/schema\/person\/a2f1681ea0a0526f634b50fbe5effc17\"},\"headline\":\"Fr\u00fchlingsblumen\",\"datePublished\":\"2024-04-17T18:19:10+00:00\",\"dateModified\":\"2024-04-24T07:02:39+00:00\",\"mainEntityOfPage\":{\"@id\":\"https:\/\/www.stachristiana.at\/volksschule-wiener-neustadt\/news\/fruehlingsblumen\/\"},\"wordCount\":13,\"publisher\":{\"@id\":\"https:\/\/www.stachristiana.at\/volksschule-wiener-neustadt\/#organization\"},\"image\":{\"@id\":\"https:\/\/www.stachristiana.at\/volksschule-wiener-neustadt\/news\/fruehlingsblumen\/#primaryimage\"},\"thumbnailUrl\":\"https:\/\/www.stachristiana.at\/app\/uploads\/sites\/10\/2024\/04\/Z2.jpg\",\"articleSection\":[\"News\",\"News 3a 25\/26\"],\"inLanguage\":\"de\"},{\"@type\":\"WebPage\",\"@id\":\"https:\/\/www.stachristiana.at\/volksschule-wiener-neustadt\/news\/fruehlingsblumen\/\",\"url\":\"https:\/\/www.stachristiana.at\/volksschule-wiener-neustadt\/news\/fruehlingsblumen\/\",\"name\":\"Fr\u00fchlingsblumen - Volksschule Wr. Neustadt\",\"isPartOf\":{\"@id\":\"https:\/\/www.stachristiana.at\/volksschule-wiener-neustadt\/#website\"},\"primaryImageOfPage\":{\"@id\":\"https:\/\/www.stachristiana.at\/volksschule-wiener-neustadt\/news\/fruehlingsblumen\/#primaryimage\"},\"image\":{\"@id\":\"https:\/\/www.stachristiana.at\/volksschule-wiener-neustadt\/news\/fruehlingsblumen\/#primaryimage\"},\"thumbnailUrl\":\"https:\/\/www.stachristiana.at\/app\/uploads\/sites\/10\/2024\/04\/Z2.jpg\",\"datePublished\":\"2024-04-17T18:19:10+00:00\",\"dateModified\":\"2024-04-24T07:02:39+00:00\",\"breadcrumb\":{\"@id\":\"https:\/\/www.stachristiana.at\/volksschule-wiener-neustadt\/news\/fruehlingsblumen\/#breadcrumb\"},\"inLanguage\":\"de\",\"potentialAction\":[{\"@type\":\"ReadAction\",\"target\":[\"https:\/\/www.stachristiana.at\/volksschule-wiener-neustadt\/news\/fruehlingsblumen\/\"]}]},{\"@type\":\"ImageObject\",\"inLanguage\":\"de\",\"@id\":\"https:\/\/www.stachristiana.at\/volksschule-wiener-neustadt\/news\/fruehlingsblumen\/#primaryimage\",\"url\":\"https:\/\/www.stachristiana.at\/app\/uploads\/sites\/10\/2024\/04\/Z2.jpg\",\"contentUrl\":\"https:\/\/www.stachristiana.at\/app\/uploads\/sites\/10\/2024\/04\/Z2.jpg\",\"width\":900,\"height\":405},{\"@type\":\"BreadcrumbList\",\"@id\":\"https:\/\/www.stachristiana.at\/volksschule-wiener-neustadt\/news\/fruehlingsblumen\/#breadcrumb\",\"itemListElement\":[{\"@type\":\"ListItem\",\"position\":1,\"name\":\"Start\",\"item\":\"https:\/\/www.stachristiana.at\/\"},{\"@type\":\"ListItem\",\"position\":2,\"name\":\"News 3a 25\/26\",\"item\":\"https:\/\/www.stachristiana.at\/volksschule-wiener-neustadt\/berichte\/news-3a-25-26\/\"},{\"@type\":\"ListItem\",\"position\":3,\"name\":\"Fr\u00fchlingsblumen\"}]},{\"@type\":\"WebSite\",\"@id\":\"https:\/\/www.stachristiana.at\/volksschule-wiener-neustadt\/#website\",\"url\":\"https:\/\/www.stachristiana.at\/volksschule-wiener-neustadt\/\",\"name\":\"Sta. Christiana - Private Volksschule Wr. Neustadt\",\"description\":\"Sta. Christiana - Schulen zum Leben\",\"publisher\":{\"@id\":\"https:\/\/www.stachristiana.at\/volksschule-wiener-neustadt\/#organization\"},\"alternateName\":\"Private Volksschule Wr. Neustadt\",\"potentialAction\":[{\"@type\":\"SearchAction\",\"target\":{\"@type\":\"EntryPoint\",\"urlTemplate\":\"https:\/\/www.stachristiana.at\/volksschule-wiener-neustadt\/?s={search_term_string}\"},\"query-input\":{\"@type\":\"PropertyValueSpecification\",\"valueRequired\":true,\"valueName\":\"search_term_string\"}}],\"inLanguage\":\"de\"},{\"@type\":\"Organization\",\"@id\":\"https:\/\/www.stachristiana.at\/volksschule-wiener-neustadt\/#organization\",\"name\":\"Sta. Christiana - Private Volksschule Wr. Neustadt\",\"alternateName\":\"Private Volksschule Wr. Neustadt\",\"url\":\"https:\/\/www.stachristiana.at\/volksschule-wiener-neustadt\/\",\"logo\":{\"@type\":\"ImageObject\",\"inLanguage\":\"de\",\"@id\":\"https:\/\/www.stachristiana.at\/volksschule-wiener-neustadt\/#\/schema\/logo\/image\/\",\"url\":\"https:\/\/www.stachristiana.at\/app\/uploads\/sites\/10\/2022\/05\/logo-sta-christiana.png\",\"contentUrl\":\"https:\/\/www.stachristiana.at\/app\/uploads\/sites\/10\/2022\/05\/logo-sta-christiana.png\",\"width\":1200,\"height\":491,\"caption\":\"Sta. Christiana - Private Volksschule Wr. Neustadt\"},\"image\":{\"@id\":\"https:\/\/www.stachristiana.at\/volksschule-wiener-neustadt\/#\/schema\/logo\/image\/\"}},{\"@type\":\"Person\",\"@id\":\"https:\/\/www.stachristiana.at\/volksschule-wiener-neustadt\/#\/schema\/person\/a2f1681ea0a0526f634b50fbe5effc17\",\"name\":\"helgapaku63\",\"image\":{\"@type\":\"ImageObject\",\"inLanguage\":\"de\",\"@id\":\"https:\/\/www.stachristiana.at\/volksschule-wiener-neustadt\/#\/schema\/person\/image\/\",\"url\":\"https:\/\/secure.gravatar.com\/avatar\/2f39a88bafc6fabd106e203b59798c0ed27f35c9565b3b80fc7834aae13bd8aa?s=96&d=mm&r=g\",\"contentUrl\":\"https:\/\/secure.gravatar.com\/avatar\/2f39a88bafc6fabd106e203b59798c0ed27f35c9565b3b80fc7834aae13bd8aa?s=96&d=mm&r=g\",\"caption\":\"helgapaku63\"},\"url\":\"https:\/\/www.stachristiana.at\/volksschule-wiener-neustadt\/author\/helgapaku63\/\"}]}<\/script>\n<!-- \/ Yoast SEO plugin. -->","yoast_head_json":{"title":"Fr\u00fchlingsblumen - Volksschule Wr. Neustadt","robots":{"index":"index","follow":"follow","max-snippet":"max-snippet:-1","max-image-preview":"max-image-preview:large","max-video-preview":"max-video-preview:-1"},"canonical":"https:\/\/www.stachristiana.at\/volksschule-wiener-neustadt\/news\/fruehlingsblumen\/","og_locale":"de_DE","og_type":"article","og_title":"Fr\u00fchlingsblumen - Volksschule Wr. Neustadt","og_description":"Zur Ankunft des Fr\u00fchlings malten die Kinder wundersch\u00f6ne Tulpen!","og_url":"https:\/\/www.stachristiana.at\/volksschule-wiener-neustadt\/news\/fruehlingsblumen\/","og_site_name":"Volksschule Wr. Neustadt","article_published_time":"2024-04-17T18:19:10+00:00","article_modified_time":"2024-04-24T07:02:39+00:00","og_image":[{"width":900,"height":405,"url":"https:\/\/www.stachristiana.at\/app\/uploads\/sites\/10\/2024\/04\/Z2.jpg","type":"image\/jpeg"}],"author":"helgapaku63","twitter_card":"summary_large_image","twitter_misc":{"Verfasst von":"helgapaku63","Gesch\u00e4tzte Lesezeit":"1\u00a0Minute"},"schema":{"@context":"https:\/\/schema.org","@graph":[{"@type":"Article","@id":"https:\/\/www.stachristiana.at\/volksschule-wiener-neustadt\/news\/fruehlingsblumen\/#article","isPartOf":{"@id":"https:\/\/www.stachristiana.at\/volksschule-wiener-neustadt\/news\/fruehlingsblumen\/"},"author":{"name":"helgapaku63","@id":"https:\/\/www.stachristiana.at\/volksschule-wiener-neustadt\/#\/schema\/person\/a2f1681ea0a0526f634b50fbe5effc17"},"headline":"Fr\u00fchlingsblumen","datePublished":"2024-04-17T18:19:10+00:00","dateModified":"2024-04-24T07:02:39+00:00","mainEntityOfPage":{"@id":"https:\/\/www.stachristiana.at\/volksschule-wiener-neustadt\/news\/fruehlingsblumen\/"},"wordCount":13,"publisher":{"@id":"https:\/\/www.stachristiana.at\/volksschule-wiener-neustadt\/#organization"},"image":{"@id":"https:\/\/www.stachristiana.at\/volksschule-wiener-neustadt\/news\/fruehlingsblumen\/#primaryimage"},"thumbnailUrl":"https:\/\/www.stachristiana.at\/app\/uploads\/sites\/10\/2024\/04\/Z2.jpg","articleSection":["News","News 3a 25\/26"],"inLanguage":"de"},{"@type":"WebPage","@id":"https:\/\/www.stachristiana.at\/volksschule-wiener-neustadt\/news\/fruehlingsblumen\/","url":"https:\/\/www.stachristiana.at\/volksschule-wiener-neustadt\/news\/fruehlingsblumen\/","name":"Fr\u00fchlingsblumen - Volksschule Wr. Neustadt","isPartOf":{"@id":"https:\/\/www.stachristiana.at\/volksschule-wiener-neustadt\/#website"},"primaryImageOfPage":{"@id":"https:\/\/www.stachristiana.at\/volksschule-wiener-neustadt\/news\/fruehlingsblumen\/#primaryimage"},"image":{"@id":"https:\/\/www.stachristiana.at\/volksschule-wiener-neustadt\/news\/fruehlingsblumen\/#primaryimage"},"thumbnailUrl":"https:\/\/www.stachristiana.at\/app\/uploads\/sites\/10\/2024\/04\/Z2.jpg","datePublished":"2024-04-17T18:19:10+00:00","dateModified":"2024-04-24T07:02:39+00:00","breadcrumb":{"@id":"https:\/\/www.stachristiana.at\/volksschule-wiener-neustadt\/news\/fruehlingsblumen\/#breadcrumb"},"inLanguage":"de","potentialAction":[{"@type":"ReadAction","target":["https:\/\/www.stachristiana.at\/volksschule-wiener-neustadt\/news\/fruehlingsblumen\/"]}]},{"@type":"ImageObject","inLanguage":"de","@id":"https:\/\/www.stachristiana.at\/volksschule-wiener-neustadt\/news\/fruehlingsblumen\/#primaryimage","url":"https:\/\/www.stachristiana.at\/app\/uploads\/sites\/10\/2024\/04\/Z2.jpg","contentUrl":"https:\/\/www.stachristiana.at\/app\/uploads\/sites\/10\/2024\/04\/Z2.jpg","width":900,"height":405},{"@type":"BreadcrumbList","@id":"https:\/\/www.stachristiana.at\/volksschule-wiener-neustadt\/news\/fruehlingsblumen\/#breadcrumb","itemListElement":[{"@type":"ListItem","position":1,"name":"Start","item":"https:\/\/www.stachristiana.at\/"},{"@type":"ListItem","position":2,"name":"News 3a 25\/26","item":"https:\/\/www.stachristiana.at\/volksschule-wiener-neustadt\/berichte\/news-3a-25-26\/"},{"@type":"ListItem","position":3,"name":"Fr\u00fchlingsblumen"}]},{"@type":"WebSite","@id":"https:\/\/www.stachristiana.at\/volksschule-wiener-neustadt\/#website","url":"https:\/\/www.stachristiana.at\/volksschule-wiener-neustadt\/","name":"Sta. Christiana - Private Volksschule Wr. Neustadt","description":"Sta. Christiana - Schulen zum Leben","publisher":{"@id":"https:\/\/www.stachristiana.at\/volksschule-wiener-neustadt\/#organization"},"alternateName":"Private Volksschule Wr. Neustadt","potentialAction":[{"@type":"SearchAction","target":{"@type":"EntryPoint","urlTemplate":"https:\/\/www.stachristiana.at\/volksschule-wiener-neustadt\/?s={search_term_string}"},"query-input":{"@type":"PropertyValueSpecification","valueRequired":true,"valueName":"search_term_string"}}],"inLanguage":"de"},{"@type":"Organization","@id":"https:\/\/www.stachristiana.at\/volksschule-wiener-neustadt\/#organization","name":"Sta. Christiana - Private Volksschule Wr. Neustadt","alternateName":"Private Volksschule Wr. Neustadt","url":"https:\/\/www.stachristiana.at\/volksschule-wiener-neustadt\/","logo":{"@type":"ImageObject","inLanguage":"de","@id":"https:\/\/www.stachristiana.at\/volksschule-wiener-neustadt\/#\/schema\/logo\/image\/","url":"https:\/\/www.stachristiana.at\/app\/uploads\/sites\/10\/2022\/05\/logo-sta-christiana.png","contentUrl":"https:\/\/www.stachristiana.at\/app\/uploads\/sites\/10\/2022\/05\/logo-sta-christiana.png","width":1200,"height":491,"caption":"Sta. Christiana - Private Volksschule Wr. Neustadt"},"image":{"@id":"https:\/\/www.stachristiana.at\/volksschule-wiener-neustadt\/#\/schema\/logo\/image\/"}},{"@type":"Person","@id":"https:\/\/www.stachristiana.at\/volksschule-wiener-neustadt\/#\/schema\/person\/a2f1681ea0a0526f634b50fbe5effc17","name":"helgapaku63","image":{"@type":"ImageObject","inLanguage":"de","@id":"https:\/\/www.stachristiana.at\/volksschule-wiener-neustadt\/#\/schema\/person\/image\/","url":"https:\/\/secure.gravatar.com\/avatar\/2f39a88bafc6fabd106e203b59798c0ed27f35c9565b3b80fc7834aae13bd8aa?s=96&d=mm&r=g","contentUrl":"https:\/\/secure.gravatar.com\/avatar\/2f39a88bafc6fabd106e203b59798c0ed27f35c9565b3b80fc7834aae13bd8aa?s=96&d=mm&r=g","caption":"helgapaku63"},"url":"https:\/\/www.stachristiana.at\/volksschule-wiener-neustadt\/author\/helgapaku63\/"}]}},"_links":{"self":[{"href":"https:\/\/www.stachristiana.at\/volksschule-wiener-neustadt\/wp-json\/wp\/v2\/posts\/5389","targetHints":{"allow":["GET"]}}],"collection":[{"href":"https:\/\/www.stachristiana.at\/volksschule-wiener-neustadt\/wp-json\/wp\/v2\/posts"}],"about":[{"href":"https:\/\/www.stachristiana.at\/volksschule-wiener-neustadt\/wp-json\/wp\/v2\/types\/post"}],"author":[{"embeddable":true,"href":"https:\/\/www.stachristiana.at\/volksschule-wiener-neustadt\/wp-json\/wp\/v2\/users\/48"}],"replies":[{"embeddable":true,"href":"https:\/\/www.stachristiana.at\/volksschule-wiener-neustadt\/wp-json\/wp\/v2\/comments?post=5389"}],"version-history":[{"count":2,"href":"https:\/\/www.stachristiana.at\/volksschule-wiener-neustadt\/wp-json\/wp\/v2\/posts\/5389\/revisions"}],"predecessor-version":[{"id":5391,"href":"https:\/\/www.stachristiana.at\/volksschule-wiener-neustadt\/wp-json\/wp\/v2\/posts\/5389\/revisions\/5391"}],"wp:featuredmedia":[{"embeddable":true,"href":"https:\/\/www.stachristiana.at\/volksschule-wiener-neustadt\/wp-json\/wp\/v2\/media\/5378"}],"wp:attachment":[{"href":"https:\/\/www.stachristiana.at\/volksschule-wiener-neustadt\/wp-json\/wp\/v2\/media?parent=5389"}],"wp:term":[{"taxonomy":"category","embeddable":true,"href":"https:\/\/www.stachristiana.at\/volksschule-wiener-neustadt\/wp-json\/wp\/v2\/categories?post=5389"},{"taxonomy":"post_tag","embeddable":true,"href":"https:\/\/www.stachristiana.at\/volksschule-wiener-neustadt\/wp-json\/wp\/v2\/tags?post=5389"}],"curies":[{"name":"wp","href":"https:\/\/api.w.org\/{rel}","templated":true}]}}