{"id":5353,"date":"2024-04-17T07:55:01","date_gmt":"2024-04-17T05:55:01","guid":{"rendered":"https:\/\/www.stachristiana.at\/volksschule-wiener-neustadt\/?p=5353"},"modified":"2024-04-17T08:10:22","modified_gmt":"2024-04-17T06:10:22","slug":"erstkommunion-2024","status":"publish","type":"post","link":"https:\/\/www.stachristiana.at\/volksschule-wiener-neustadt\/news\/erstkommunion-2024\/","title":{"rendered":"Erstkommunion 2024"},"content":{"rendered":"\n<p>Am 14.4.2024 fand die Erstkommunion f\u00fcr die Kinder der 2a statt. Nach einer wundersch\u00f6nen Messe in der Kirche St.Leopold, gab es in der Schule eine Agape und eine Jause f\u00fcr die Kinder. Die Sonne erw\u00e4rmte diesen besonderen Tag.<\/p>\n\n\n\n<div id=\"gallery-block_1554b6df58653c9e7bacdf84ff9f80d0\" class=\"gallery\">\n\t\t\n\t\t<a href=\"https:\/\/www.stachristiana.at\/app\/uploads\/sites\/10\/2024\/04\/IMG-20240413-WA0014.jpg\" class=\"gallery-item\" data-caption=\"&lt;strong&gt;IMG-20240413-WA0014&lt;\/strong&gt;\" data-fancybox=\"gallery-block_1554b6df58653c9e7bacdf84ff9f80d0\" data-width=\"1536\" data-height=\"2048\"><img loading=\"lazy\" decoding=\"async\" width=\"300\" height=\"400\" src=\"https:\/\/www.stachristiana.at\/app\/uploads\/sites\/10\/2024\/04\/IMG-20240413-WA0014-300x400.jpg\" class=\"attachment-medium size-medium\" alt=\"\" srcset=\"https:\/\/www.stachristiana.at\/app\/uploads\/sites\/10\/2024\/04\/IMG-20240413-WA0014-300x400.jpg 300w, https:\/\/www.stachristiana.at\/app\/uploads\/sites\/10\/2024\/04\/IMG-20240413-WA0014-768x1024.jpg 768w, https:\/\/www.stachristiana.at\/app\/uploads\/sites\/10\/2024\/04\/IMG-20240413-WA0014-1152x1536.jpg 1152w, https:\/\/www.stachristiana.at\/app\/uploads\/sites\/10\/2024\/04\/IMG-20240413-WA0014-345x460.jpg 345w, https:\/\/www.stachristiana.at\/app\/uploads\/sites\/10\/2024\/04\/IMG-20240413-WA0014-56x75.jpg 56w, https:\/\/www.stachristiana.at\/app\/uploads\/sites\/10\/2024\/04\/IMG-20240413-WA0014.jpg 1536w\" sizes=\"auto, (max-width: 300px) 100vw, 300px\" \/><\/a>\n\n\t\t\n\t\t<a href=\"https:\/\/www.stachristiana.at\/app\/uploads\/sites\/10\/2024\/04\/IMG-20240413-WA0013.jpg\" class=\"gallery-item\" data-caption=\"&lt;strong&gt;IMG-20240413-WA0013&lt;\/strong&gt;\" data-fancybox=\"gallery-block_1554b6df58653c9e7bacdf84ff9f80d0\" data-width=\"2846\" data-height=\"2262\"><img loading=\"lazy\" decoding=\"async\" width=\"400\" height=\"318\" src=\"https:\/\/www.stachristiana.at\/app\/uploads\/sites\/10\/2024\/04\/IMG-20240413-WA0013-400x318.jpg\" class=\"attachment-medium size-medium\" alt=\"\" srcset=\"https:\/\/www.stachristiana.at\/app\/uploads\/sites\/10\/2024\/04\/IMG-20240413-WA0013-400x318.jpg 400w, https:\/\/www.stachristiana.at\/app\/uploads\/sites\/10\/2024\/04\/IMG-20240413-WA0013-1024x814.jpg 1024w, https:\/\/www.stachristiana.at\/app\/uploads\/sites\/10\/2024\/04\/IMG-20240413-WA0013-768x610.jpg 768w, https:\/\/www.stachristiana.at\/app\/uploads\/sites\/10\/2024\/04\/IMG-20240413-WA0013-1536x1221.jpg 1536w, https:\/\/www.stachristiana.at\/app\/uploads\/sites\/10\/2024\/04\/IMG-20240413-WA0013-2048x1628.jpg 2048w, https:\/\/www.stachristiana.at\/app\/uploads\/sites\/10\/2024\/04\/IMG-20240413-WA0013-579x460.jpg 579w, https:\/\/www.stachristiana.at\/app\/uploads\/sites\/10\/2024\/04\/IMG-20240413-WA0013-94x75.jpg 94w\" sizes=\"auto, (max-width: 400px) 100vw, 400px\" \/><\/a>\n\n\t\t\n\t\t<a href=\"https:\/\/www.stachristiana.at\/app\/uploads\/sites\/10\/2024\/04\/IMG-20240413-WA0006.jpg\" class=\"gallery-item\" data-caption=\"&lt;strong&gt;IMG-20240413-WA0006&lt;\/strong&gt;\" data-fancybox=\"gallery-block_1554b6df58653c9e7bacdf84ff9f80d0\" data-width=\"2048\" data-height=\"1536\"><img loading=\"lazy\" decoding=\"async\" width=\"400\" height=\"300\" src=\"https:\/\/www.stachristiana.at\/app\/uploads\/sites\/10\/2024\/04\/IMG-20240413-WA0006-400x300.jpg\" class=\"attachment-medium size-medium\" alt=\"\" srcset=\"https:\/\/www.stachristiana.at\/app\/uploads\/sites\/10\/2024\/04\/IMG-20240413-WA0006-400x300.jpg 400w, https:\/\/www.stachristiana.at\/app\/uploads\/sites\/10\/2024\/04\/IMG-20240413-WA0006-1024x768.jpg 1024w, https:\/\/www.stachristiana.at\/app\/uploads\/sites\/10\/2024\/04\/IMG-20240413-WA0006-768x576.jpg 768w, https:\/\/www.stachristiana.at\/app\/uploads\/sites\/10\/2024\/04\/IMG-20240413-WA0006-1536x1152.jpg 1536w, https:\/\/www.stachristiana.at\/app\/uploads\/sites\/10\/2024\/04\/IMG-20240413-WA0006-613x460.jpg 613w, https:\/\/www.stachristiana.at\/app\/uploads\/sites\/10\/2024\/04\/IMG-20240413-WA0006-100x75.jpg 100w, https:\/\/www.stachristiana.at\/app\/uploads\/sites\/10\/2024\/04\/IMG-20240413-WA0006.jpg 2048w\" sizes=\"auto, (max-width: 400px) 100vw, 400px\" \/><\/a>\n\n\t\t\n\t\t<a href=\"https:\/\/www.stachristiana.at\/app\/uploads\/sites\/10\/2024\/04\/IMG_20240412_094009_resized_20240417_064024997.jpg\" class=\"gallery-item\" data-caption=\"&lt;strong&gt;IMG_20240412_094009_resized_20240417_064024997&lt;\/strong&gt;\" data-fancybox=\"gallery-block_1554b6df58653c9e7bacdf84ff9f80d0\" data-width=\"2448\" data-height=\"1176\"><img loading=\"lazy\" decoding=\"async\" width=\"400\" height=\"192\" src=\"https:\/\/www.stachristiana.at\/app\/uploads\/sites\/10\/2024\/04\/IMG_20240412_094009_resized_20240417_064024997-400x192.jpg\" class=\"attachment-medium size-medium\" alt=\"\" srcset=\"https:\/\/www.stachristiana.at\/app\/uploads\/sites\/10\/2024\/04\/IMG_20240412_094009_resized_20240417_064024997-400x192.jpg 400w, https:\/\/www.stachristiana.at\/app\/uploads\/sites\/10\/2024\/04\/IMG_20240412_094009_resized_20240417_064024997-1024x492.jpg 1024w, https:\/\/www.stachristiana.at\/app\/uploads\/sites\/10\/2024\/04\/IMG_20240412_094009_resized_20240417_064024997-768x369.jpg 768w, https:\/\/www.stachristiana.at\/app\/uploads\/sites\/10\/2024\/04\/IMG_20240412_094009_resized_20240417_064024997-1536x738.jpg 1536w, https:\/\/www.stachristiana.at\/app\/uploads\/sites\/10\/2024\/04\/IMG_20240412_094009_resized_20240417_064024997-2048x984.jpg 2048w, https:\/\/www.stachristiana.at\/app\/uploads\/sites\/10\/2024\/04\/IMG_20240412_094009_resized_20240417_064024997-890x428.jpg 890w, https:\/\/www.stachristiana.at\/app\/uploads\/sites\/10\/2024\/04\/IMG_20240412_094009_resized_20240417_064024997-156x75.jpg 156w\" sizes=\"auto, (max-width: 400px) 100vw, 400px\" \/><\/a>\n\n\t\t\n\t\t<a href=\"https:\/\/www.stachristiana.at\/app\/uploads\/sites\/10\/2024\/04\/IMG_20240412_094000_resized_20240417_064006710.jpg\" class=\"gallery-item\" data-caption=\"&lt;strong&gt;IMG_20240412_094000_resized_20240417_064006710&lt;\/strong&gt;\" data-fancybox=\"gallery-block_1554b6df58653c9e7bacdf84ff9f80d0\" data-width=\"1176\" data-height=\"2448\"><img loading=\"lazy\" decoding=\"async\" width=\"192\" height=\"400\" src=\"https:\/\/www.stachristiana.at\/app\/uploads\/sites\/10\/2024\/04\/IMG_20240412_094000_resized_20240417_064006710-192x400.jpg\" class=\"attachment-medium size-medium\" alt=\"\" srcset=\"https:\/\/www.stachristiana.at\/app\/uploads\/sites\/10\/2024\/04\/IMG_20240412_094000_resized_20240417_064006710-192x400.jpg 192w, https:\/\/www.stachristiana.at\/app\/uploads\/sites\/10\/2024\/04\/IMG_20240412_094000_resized_20240417_064006710-492x1024.jpg 492w, https:\/\/www.stachristiana.at\/app\/uploads\/sites\/10\/2024\/04\/IMG_20240412_094000_resized_20240417_064006710-768x1599.jpg 768w, https:\/\/www.stachristiana.at\/app\/uploads\/sites\/10\/2024\/04\/IMG_20240412_094000_resized_20240417_064006710-738x1536.jpg 738w, https:\/\/www.stachristiana.at\/app\/uploads\/sites\/10\/2024\/04\/IMG_20240412_094000_resized_20240417_064006710-984x2048.jpg 984w, https:\/\/www.stachristiana.at\/app\/uploads\/sites\/10\/2024\/04\/IMG_20240412_094000_resized_20240417_064006710-221x460.jpg 221w, https:\/\/www.stachristiana.at\/app\/uploads\/sites\/10\/2024\/04\/IMG_20240412_094000_resized_20240417_064006710-36x75.jpg 36w, https:\/\/www.stachristiana.at\/app\/uploads\/sites\/10\/2024\/04\/IMG_20240412_094000_resized_20240417_064006710.jpg 1176w\" sizes=\"auto, (max-width: 192px) 100vw, 192px\" \/><\/a>\n\n\t<\/div>\n\n","protected":false},"excerpt":{"rendered":"<p>Am 14.4.2024 fand die Erstkommunion f\u00fcr die Kinder der 2a statt. Nach einer wundersch\u00f6nen Messe in der Kirche St.Leopold, gab es in der Schule eine Agape und eine Jause f\u00fcr die Kinder. Die Sonne erw\u00e4rmte diesen besonderen Tag.<\/p>\n","protected":false},"author":28,"featured_media":5347,"comment_status":"closed","ping_status":"closed","sticky":false,"template":"","format":"standard","meta":{"footnotes":""},"categories":[1,9,26],"tags":[],"class_list":["post-5353","post","type-post","status-publish","format-standard","has-post-thumbnail","hentry","category-news","category-news-4a-25-26","category-news-rel"],"acf":[],"yoast_head":"<!-- This site is optimized with the Yoast SEO plugin v26.8 - https:\/\/yoast.com\/product\/yoast-seo-wordpress\/ -->\n<title>Erstkommunion 2024 - Volksschule Wr. Neustadt<\/title>\n<meta name=\"robots\" content=\"index, follow, max-snippet:-1, max-image-preview:large, max-video-preview:-1\" \/>\n<link rel=\"canonical\" href=\"https:\/\/www.stachristiana.at\/volksschule-wiener-neustadt\/news\/erstkommunion-2024\/\" \/>\n<meta property=\"og:locale\" content=\"de_DE\" \/>\n<meta property=\"og:type\" content=\"article\" \/>\n<meta property=\"og:title\" content=\"Erstkommunion 2024 - Volksschule Wr. Neustadt\" \/>\n<meta property=\"og:description\" content=\"Am 14.4.2024 fand die Erstkommunion f\u00fcr die Kinder der 2a statt. Nach einer wundersch\u00f6nen Messe in der Kirche St.Leopold, gab es in der Schule eine Agape und eine Jause f\u00fcr die Kinder. Die Sonne erw\u00e4rmte diesen besonderen Tag.\" \/>\n<meta property=\"og:url\" content=\"https:\/\/www.stachristiana.at\/volksschule-wiener-neustadt\/news\/erstkommunion-2024\/\" \/>\n<meta property=\"og:site_name\" content=\"Volksschule Wr. Neustadt\" \/>\n<meta property=\"article:published_time\" content=\"2024-04-17T05:55:01+00:00\" \/>\n<meta property=\"article:modified_time\" content=\"2024-04-17T06:10:22+00:00\" \/>\n<meta property=\"og:image\" content=\"https:\/\/www.stachristiana.at\/app\/uploads\/sites\/10\/2024\/04\/IMG_20240412_094009_resized_20240417_064024997.jpg\" \/>\n\t<meta property=\"og:image:width\" content=\"2448\" \/>\n\t<meta property=\"og:image:height\" content=\"1176\" \/>\n\t<meta property=\"og:image:type\" content=\"image\/jpeg\" \/>\n<meta name=\"author\" content=\"martina\" \/>\n<meta name=\"twitter:card\" content=\"summary_large_image\" \/>\n<meta name=\"twitter:label1\" content=\"Verfasst von\" \/>\n\t<meta name=\"twitter:data1\" content=\"martina\" \/>\n\t<meta name=\"twitter:label2\" content=\"Gesch\u00e4tzte Lesezeit\" \/>\n\t<meta name=\"twitter:data2\" content=\"1\u00a0Minute\" \/>\n<script type=\"application\/ld+json\" class=\"yoast-schema-graph\">{\"@context\":\"https:\/\/schema.org\",\"@graph\":[{\"@type\":\"Article\",\"@id\":\"https:\/\/www.stachristiana.at\/volksschule-wiener-neustadt\/news\/erstkommunion-2024\/#article\",\"isPartOf\":{\"@id\":\"https:\/\/www.stachristiana.at\/volksschule-wiener-neustadt\/news\/erstkommunion-2024\/\"},\"author\":{\"name\":\"martina\",\"@id\":\"https:\/\/www.stachristiana.at\/volksschule-wiener-neustadt\/#\/schema\/person\/2085142df5962a80b63fd5730970b5b3\"},\"headline\":\"Erstkommunion 2024\",\"datePublished\":\"2024-04-17T05:55:01+00:00\",\"dateModified\":\"2024-04-17T06:10:22+00:00\",\"mainEntityOfPage\":{\"@id\":\"https:\/\/www.stachristiana.at\/volksschule-wiener-neustadt\/news\/erstkommunion-2024\/\"},\"wordCount\":43,\"publisher\":{\"@id\":\"https:\/\/www.stachristiana.at\/volksschule-wiener-neustadt\/#organization\"},\"image\":{\"@id\":\"https:\/\/www.stachristiana.at\/volksschule-wiener-neustadt\/news\/erstkommunion-2024\/#primaryimage\"},\"thumbnailUrl\":\"https:\/\/www.stachristiana.at\/app\/uploads\/sites\/10\/2024\/04\/IMG_20240412_094009_resized_20240417_064024997.jpg\",\"articleSection\":[\"News\",\"News 4a 25\/26\",\"News REL\"],\"inLanguage\":\"de\"},{\"@type\":\"WebPage\",\"@id\":\"https:\/\/www.stachristiana.at\/volksschule-wiener-neustadt\/news\/erstkommunion-2024\/\",\"url\":\"https:\/\/www.stachristiana.at\/volksschule-wiener-neustadt\/news\/erstkommunion-2024\/\",\"name\":\"Erstkommunion 2024 - Volksschule Wr. Neustadt\",\"isPartOf\":{\"@id\":\"https:\/\/www.stachristiana.at\/volksschule-wiener-neustadt\/#website\"},\"primaryImageOfPage\":{\"@id\":\"https:\/\/www.stachristiana.at\/volksschule-wiener-neustadt\/news\/erstkommunion-2024\/#primaryimage\"},\"image\":{\"@id\":\"https:\/\/www.stachristiana.at\/volksschule-wiener-neustadt\/news\/erstkommunion-2024\/#primaryimage\"},\"thumbnailUrl\":\"https:\/\/www.stachristiana.at\/app\/uploads\/sites\/10\/2024\/04\/IMG_20240412_094009_resized_20240417_064024997.jpg\",\"datePublished\":\"2024-04-17T05:55:01+00:00\",\"dateModified\":\"2024-04-17T06:10:22+00:00\",\"breadcrumb\":{\"@id\":\"https:\/\/www.stachristiana.at\/volksschule-wiener-neustadt\/news\/erstkommunion-2024\/#breadcrumb\"},\"inLanguage\":\"de\",\"potentialAction\":[{\"@type\":\"ReadAction\",\"target\":[\"https:\/\/www.stachristiana.at\/volksschule-wiener-neustadt\/news\/erstkommunion-2024\/\"]}]},{\"@type\":\"ImageObject\",\"inLanguage\":\"de\",\"@id\":\"https:\/\/www.stachristiana.at\/volksschule-wiener-neustadt\/news\/erstkommunion-2024\/#primaryimage\",\"url\":\"https:\/\/www.stachristiana.at\/app\/uploads\/sites\/10\/2024\/04\/IMG_20240412_094009_resized_20240417_064024997.jpg\",\"contentUrl\":\"https:\/\/www.stachristiana.at\/app\/uploads\/sites\/10\/2024\/04\/IMG_20240412_094009_resized_20240417_064024997.jpg\",\"width\":2448,\"height\":1176},{\"@type\":\"BreadcrumbList\",\"@id\":\"https:\/\/www.stachristiana.at\/volksschule-wiener-neustadt\/news\/erstkommunion-2024\/#breadcrumb\",\"itemListElement\":[{\"@type\":\"ListItem\",\"position\":1,\"name\":\"Start\",\"item\":\"https:\/\/www.stachristiana.at\/\"},{\"@type\":\"ListItem\",\"position\":2,\"name\":\"News\",\"item\":\"https:\/\/www.stachristiana.at\/volksschule-wiener-neustadt\/berichte\/news\/\"},{\"@type\":\"ListItem\",\"position\":3,\"name\":\"Erstkommunion 2024\"}]},{\"@type\":\"WebSite\",\"@id\":\"https:\/\/www.stachristiana.at\/volksschule-wiener-neustadt\/#website\",\"url\":\"https:\/\/www.stachristiana.at\/volksschule-wiener-neustadt\/\",\"name\":\"Sta. Christiana - Private Volksschule Wr. Neustadt\",\"description\":\"Sta. Christiana - Schulen zum Leben\",\"publisher\":{\"@id\":\"https:\/\/www.stachristiana.at\/volksschule-wiener-neustadt\/#organization\"},\"alternateName\":\"Private Volksschule Wr. Neustadt\",\"potentialAction\":[{\"@type\":\"SearchAction\",\"target\":{\"@type\":\"EntryPoint\",\"urlTemplate\":\"https:\/\/www.stachristiana.at\/volksschule-wiener-neustadt\/?s={search_term_string}\"},\"query-input\":{\"@type\":\"PropertyValueSpecification\",\"valueRequired\":true,\"valueName\":\"search_term_string\"}}],\"inLanguage\":\"de\"},{\"@type\":\"Organization\",\"@id\":\"https:\/\/www.stachristiana.at\/volksschule-wiener-neustadt\/#organization\",\"name\":\"Sta. Christiana - Private Volksschule Wr. Neustadt\",\"alternateName\":\"Private Volksschule Wr. Neustadt\",\"url\":\"https:\/\/www.stachristiana.at\/volksschule-wiener-neustadt\/\",\"logo\":{\"@type\":\"ImageObject\",\"inLanguage\":\"de\",\"@id\":\"https:\/\/www.stachristiana.at\/volksschule-wiener-neustadt\/#\/schema\/logo\/image\/\",\"url\":\"https:\/\/www.stachristiana.at\/app\/uploads\/sites\/10\/2022\/05\/logo-sta-christiana.png\",\"contentUrl\":\"https:\/\/www.stachristiana.at\/app\/uploads\/sites\/10\/2022\/05\/logo-sta-christiana.png\",\"width\":1200,\"height\":491,\"caption\":\"Sta. Christiana - Private Volksschule Wr. Neustadt\"},\"image\":{\"@id\":\"https:\/\/www.stachristiana.at\/volksschule-wiener-neustadt\/#\/schema\/logo\/image\/\"}},{\"@type\":\"Person\",\"@id\":\"https:\/\/www.stachristiana.at\/volksschule-wiener-neustadt\/#\/schema\/person\/2085142df5962a80b63fd5730970b5b3\",\"name\":\"martina\",\"image\":{\"@type\":\"ImageObject\",\"inLanguage\":\"de\",\"@id\":\"https:\/\/www.stachristiana.at\/volksschule-wiener-neustadt\/#\/schema\/person\/image\/\",\"url\":\"https:\/\/secure.gravatar.com\/avatar\/930b30f26d0da25b10d82130dd2c3c10fd16fa60d52c3913eec5445937ea1c91?s=96&d=mm&r=g\",\"contentUrl\":\"https:\/\/secure.gravatar.com\/avatar\/930b30f26d0da25b10d82130dd2c3c10fd16fa60d52c3913eec5445937ea1c91?s=96&d=mm&r=g\",\"caption\":\"martina\"},\"url\":\"https:\/\/www.stachristiana.at\/volksschule-wiener-neustadt\/author\/martina\/\"}]}<\/script>\n<!-- \/ Yoast SEO plugin. -->","yoast_head_json":{"title":"Erstkommunion 2024 - Volksschule Wr. Neustadt","robots":{"index":"index","follow":"follow","max-snippet":"max-snippet:-1","max-image-preview":"max-image-preview:large","max-video-preview":"max-video-preview:-1"},"canonical":"https:\/\/www.stachristiana.at\/volksschule-wiener-neustadt\/news\/erstkommunion-2024\/","og_locale":"de_DE","og_type":"article","og_title":"Erstkommunion 2024 - Volksschule Wr. Neustadt","og_description":"Am 14.4.2024 fand die Erstkommunion f\u00fcr die Kinder der 2a statt. Nach einer wundersch\u00f6nen Messe in der Kirche St.Leopold, gab es in der Schule eine Agape und eine Jause f\u00fcr die Kinder. Die Sonne erw\u00e4rmte diesen besonderen Tag.","og_url":"https:\/\/www.stachristiana.at\/volksschule-wiener-neustadt\/news\/erstkommunion-2024\/","og_site_name":"Volksschule Wr. Neustadt","article_published_time":"2024-04-17T05:55:01+00:00","article_modified_time":"2024-04-17T06:10:22+00:00","og_image":[{"width":2448,"height":1176,"url":"https:\/\/www.stachristiana.at\/app\/uploads\/sites\/10\/2024\/04\/IMG_20240412_094009_resized_20240417_064024997.jpg","type":"image\/jpeg"}],"author":"martina","twitter_card":"summary_large_image","twitter_misc":{"Verfasst von":"martina","Gesch\u00e4tzte Lesezeit":"1\u00a0Minute"},"schema":{"@context":"https:\/\/schema.org","@graph":[{"@type":"Article","@id":"https:\/\/www.stachristiana.at\/volksschule-wiener-neustadt\/news\/erstkommunion-2024\/#article","isPartOf":{"@id":"https:\/\/www.stachristiana.at\/volksschule-wiener-neustadt\/news\/erstkommunion-2024\/"},"author":{"name":"martina","@id":"https:\/\/www.stachristiana.at\/volksschule-wiener-neustadt\/#\/schema\/person\/2085142df5962a80b63fd5730970b5b3"},"headline":"Erstkommunion 2024","datePublished":"2024-04-17T05:55:01+00:00","dateModified":"2024-04-17T06:10:22+00:00","mainEntityOfPage":{"@id":"https:\/\/www.stachristiana.at\/volksschule-wiener-neustadt\/news\/erstkommunion-2024\/"},"wordCount":43,"publisher":{"@id":"https:\/\/www.stachristiana.at\/volksschule-wiener-neustadt\/#organization"},"image":{"@id":"https:\/\/www.stachristiana.at\/volksschule-wiener-neustadt\/news\/erstkommunion-2024\/#primaryimage"},"thumbnailUrl":"https:\/\/www.stachristiana.at\/app\/uploads\/sites\/10\/2024\/04\/IMG_20240412_094009_resized_20240417_064024997.jpg","articleSection":["News","News 4a 25\/26","News REL"],"inLanguage":"de"},{"@type":"WebPage","@id":"https:\/\/www.stachristiana.at\/volksschule-wiener-neustadt\/news\/erstkommunion-2024\/","url":"https:\/\/www.stachristiana.at\/volksschule-wiener-neustadt\/news\/erstkommunion-2024\/","name":"Erstkommunion 2024 - Volksschule Wr. Neustadt","isPartOf":{"@id":"https:\/\/www.stachristiana.at\/volksschule-wiener-neustadt\/#website"},"primaryImageOfPage":{"@id":"https:\/\/www.stachristiana.at\/volksschule-wiener-neustadt\/news\/erstkommunion-2024\/#primaryimage"},"image":{"@id":"https:\/\/www.stachristiana.at\/volksschule-wiener-neustadt\/news\/erstkommunion-2024\/#primaryimage"},"thumbnailUrl":"https:\/\/www.stachristiana.at\/app\/uploads\/sites\/10\/2024\/04\/IMG_20240412_094009_resized_20240417_064024997.jpg","datePublished":"2024-04-17T05:55:01+00:00","dateModified":"2024-04-17T06:10:22+00:00","breadcrumb":{"@id":"https:\/\/www.stachristiana.at\/volksschule-wiener-neustadt\/news\/erstkommunion-2024\/#breadcrumb"},"inLanguage":"de","potentialAction":[{"@type":"ReadAction","target":["https:\/\/www.stachristiana.at\/volksschule-wiener-neustadt\/news\/erstkommunion-2024\/"]}]},{"@type":"ImageObject","inLanguage":"de","@id":"https:\/\/www.stachristiana.at\/volksschule-wiener-neustadt\/news\/erstkommunion-2024\/#primaryimage","url":"https:\/\/www.stachristiana.at\/app\/uploads\/sites\/10\/2024\/04\/IMG_20240412_094009_resized_20240417_064024997.jpg","contentUrl":"https:\/\/www.stachristiana.at\/app\/uploads\/sites\/10\/2024\/04\/IMG_20240412_094009_resized_20240417_064024997.jpg","width":2448,"height":1176},{"@type":"BreadcrumbList","@id":"https:\/\/www.stachristiana.at\/volksschule-wiener-neustadt\/news\/erstkommunion-2024\/#breadcrumb","itemListElement":[{"@type":"ListItem","position":1,"name":"Start","item":"https:\/\/www.stachristiana.at\/"},{"@type":"ListItem","position":2,"name":"News","item":"https:\/\/www.stachristiana.at\/volksschule-wiener-neustadt\/berichte\/news\/"},{"@type":"ListItem","position":3,"name":"Erstkommunion 2024"}]},{"@type":"WebSite","@id":"https:\/\/www.stachristiana.at\/volksschule-wiener-neustadt\/#website","url":"https:\/\/www.stachristiana.at\/volksschule-wiener-neustadt\/","name":"Sta. Christiana - Private Volksschule Wr. Neustadt","description":"Sta. Christiana - Schulen zum Leben","publisher":{"@id":"https:\/\/www.stachristiana.at\/volksschule-wiener-neustadt\/#organization"},"alternateName":"Private Volksschule Wr. Neustadt","potentialAction":[{"@type":"SearchAction","target":{"@type":"EntryPoint","urlTemplate":"https:\/\/www.stachristiana.at\/volksschule-wiener-neustadt\/?s={search_term_string}"},"query-input":{"@type":"PropertyValueSpecification","valueRequired":true,"valueName":"search_term_string"}}],"inLanguage":"de"},{"@type":"Organization","@id":"https:\/\/www.stachristiana.at\/volksschule-wiener-neustadt\/#organization","name":"Sta. Christiana - Private Volksschule Wr. Neustadt","alternateName":"Private Volksschule Wr. Neustadt","url":"https:\/\/www.stachristiana.at\/volksschule-wiener-neustadt\/","logo":{"@type":"ImageObject","inLanguage":"de","@id":"https:\/\/www.stachristiana.at\/volksschule-wiener-neustadt\/#\/schema\/logo\/image\/","url":"https:\/\/www.stachristiana.at\/app\/uploads\/sites\/10\/2022\/05\/logo-sta-christiana.png","contentUrl":"https:\/\/www.stachristiana.at\/app\/uploads\/sites\/10\/2022\/05\/logo-sta-christiana.png","width":1200,"height":491,"caption":"Sta. Christiana - Private Volksschule Wr. Neustadt"},"image":{"@id":"https:\/\/www.stachristiana.at\/volksschule-wiener-neustadt\/#\/schema\/logo\/image\/"}},{"@type":"Person","@id":"https:\/\/www.stachristiana.at\/volksschule-wiener-neustadt\/#\/schema\/person\/2085142df5962a80b63fd5730970b5b3","name":"martina","image":{"@type":"ImageObject","inLanguage":"de","@id":"https:\/\/www.stachristiana.at\/volksschule-wiener-neustadt\/#\/schema\/person\/image\/","url":"https:\/\/secure.gravatar.com\/avatar\/930b30f26d0da25b10d82130dd2c3c10fd16fa60d52c3913eec5445937ea1c91?s=96&d=mm&r=g","contentUrl":"https:\/\/secure.gravatar.com\/avatar\/930b30f26d0da25b10d82130dd2c3c10fd16fa60d52c3913eec5445937ea1c91?s=96&d=mm&r=g","caption":"martina"},"url":"https:\/\/www.stachristiana.at\/volksschule-wiener-neustadt\/author\/martina\/"}]}},"_links":{"self":[{"href":"https:\/\/www.stachristiana.at\/volksschule-wiener-neustadt\/wp-json\/wp\/v2\/posts\/5353","targetHints":{"allow":["GET"]}}],"collection":[{"href":"https:\/\/www.stachristiana.at\/volksschule-wiener-neustadt\/wp-json\/wp\/v2\/posts"}],"about":[{"href":"https:\/\/www.stachristiana.at\/volksschule-wiener-neustadt\/wp-json\/wp\/v2\/types\/post"}],"author":[{"embeddable":true,"href":"https:\/\/www.stachristiana.at\/volksschule-wiener-neustadt\/wp-json\/wp\/v2\/users\/28"}],"replies":[{"embeddable":true,"href":"https:\/\/www.stachristiana.at\/volksschule-wiener-neustadt\/wp-json\/wp\/v2\/comments?post=5353"}],"version-history":[{"count":3,"href":"https:\/\/www.stachristiana.at\/volksschule-wiener-neustadt\/wp-json\/wp\/v2\/posts\/5353\/revisions"}],"predecessor-version":[{"id":5357,"href":"https:\/\/www.stachristiana.at\/volksschule-wiener-neustadt\/wp-json\/wp\/v2\/posts\/5353\/revisions\/5357"}],"wp:featuredmedia":[{"embeddable":true,"href":"https:\/\/www.stachristiana.at\/volksschule-wiener-neustadt\/wp-json\/wp\/v2\/media\/5347"}],"wp:attachment":[{"href":"https:\/\/www.stachristiana.at\/volksschule-wiener-neustadt\/wp-json\/wp\/v2\/media?parent=5353"}],"wp:term":[{"taxonomy":"category","embeddable":true,"href":"https:\/\/www.stachristiana.at\/volksschule-wiener-neustadt\/wp-json\/wp\/v2\/categories?post=5353"},{"taxonomy":"post_tag","embeddable":true,"href":"https:\/\/www.stachristiana.at\/volksschule-wiener-neustadt\/wp-json\/wp\/v2\/tags?post=5353"}],"curies":[{"name":"wp","href":"https:\/\/api.w.org\/{rel}","templated":true}]}}