{"id":1742,"date":"2023-02-09T16:09:16","date_gmt":"2023-02-09T15:09:16","guid":{"rendered":"https:\/\/www.stachristiana.at\/volksschule-wiener-neustadt\/?p=1742"},"modified":"2023-09-04T15:18:59","modified_gmt":"2023-09-04T13:18:59","slug":"lesenacht","status":"publish","type":"post","link":"https:\/\/www.stachristiana.at\/volksschule-wiener-neustadt\/news\/lesenacht\/","title":{"rendered":"Lesenacht"},"content":{"rendered":"\n<p>Im November verbrachten die Kinder der 4b mit ihrer Klassenlehrerin und Kollegin Fenz eine unvergessliche Lesenacht mit Nachtw\u00e4chterf\u00fchrung. Nachdem die Schlafpl\u00e4tze in der Bibliothek gerichtet und die Pizza verdr\u00fcckt war, ging es ab in die Innenstadt. Bei der Nachtw\u00e4chterf\u00fchrung erfuhren die Kinder und auch Lehrerinnen viel Neues \u00fcber ihre Stadt. <br>Anschlie\u00dfend krochen die Kinder in ihre kuscheligen Schlafs\u00e4cke und lasen mit ihren Taschenlampen noch bis ihnen die Augen zu fielen. <br>In der Fr\u00fch wurden wir von unserem Koch Christian mit einem guten Fr\u00fchst\u00fcck verw\u00f6hnt. Danke daf\u00fcr!<br>Wir werden unsere Lesenacht noch lange in Erinnerung behalten.<\/p>\n\n\n\n<div id=\"gallery-block_6eba5d3b1bf9ef59709812756188b09e\" class=\"gallery\">\n\t\t\n\t\t<a href=\"https:\/\/www.stachristiana.at\/app\/uploads\/sites\/10\/2023\/02\/Lesenacht11.jpeg\" class=\"gallery-item\" data-caption=\"&lt;strong&gt;Lesenacht11&lt;\/strong&gt;\" data-fancybox=\"gallery-block_6eba5d3b1bf9ef59709812756188b09e\" data-width=\"900\" data-height=\"675\"><img loading=\"lazy\" decoding=\"async\" width=\"400\" height=\"300\" src=\"https:\/\/www.stachristiana.at\/app\/uploads\/sites\/10\/2023\/02\/Lesenacht11-400x300.jpeg\" class=\"attachment-medium size-medium\" alt=\"\" srcset=\"https:\/\/www.stachristiana.at\/app\/uploads\/sites\/10\/2023\/02\/Lesenacht11-400x300.jpeg 400w, https:\/\/www.stachristiana.at\/app\/uploads\/sites\/10\/2023\/02\/Lesenacht11-768x576.jpeg 768w, https:\/\/www.stachristiana.at\/app\/uploads\/sites\/10\/2023\/02\/Lesenacht11-613x460.jpeg 613w, https:\/\/www.stachristiana.at\/app\/uploads\/sites\/10\/2023\/02\/Lesenacht11-100x75.jpeg 100w, https:\/\/www.stachristiana.at\/app\/uploads\/sites\/10\/2023\/02\/Lesenacht11.jpeg 900w\" sizes=\"auto, (max-width: 400px) 100vw, 400px\" \/><\/a>\n\n\t\t\n\t\t<a href=\"https:\/\/www.stachristiana.at\/app\/uploads\/sites\/10\/2023\/02\/Lesenacht10.jpeg\" class=\"gallery-item\" data-caption=\"&lt;strong&gt;Lesenacht10&lt;\/strong&gt;\" data-fancybox=\"gallery-block_6eba5d3b1bf9ef59709812756188b09e\" data-width=\"900\" data-height=\"675\"><img loading=\"lazy\" decoding=\"async\" width=\"400\" height=\"300\" src=\"https:\/\/www.stachristiana.at\/app\/uploads\/sites\/10\/2023\/02\/Lesenacht10-400x300.jpeg\" class=\"attachment-medium size-medium\" alt=\"\" srcset=\"https:\/\/www.stachristiana.at\/app\/uploads\/sites\/10\/2023\/02\/Lesenacht10-400x300.jpeg 400w, https:\/\/www.stachristiana.at\/app\/uploads\/sites\/10\/2023\/02\/Lesenacht10-768x576.jpeg 768w, https:\/\/www.stachristiana.at\/app\/uploads\/sites\/10\/2023\/02\/Lesenacht10-613x460.jpeg 613w, https:\/\/www.stachristiana.at\/app\/uploads\/sites\/10\/2023\/02\/Lesenacht10-100x75.jpeg 100w, https:\/\/www.stachristiana.at\/app\/uploads\/sites\/10\/2023\/02\/Lesenacht10.jpeg 900w\" sizes=\"auto, (max-width: 400px) 100vw, 400px\" \/><\/a>\n\n\t\t\n\t\t<a href=\"https:\/\/www.stachristiana.at\/app\/uploads\/sites\/10\/2023\/02\/Lesenacht9.jpeg\" class=\"gallery-item\" data-caption=\"&lt;strong&gt;Lesenacht9&lt;\/strong&gt;\" data-fancybox=\"gallery-block_6eba5d3b1bf9ef59709812756188b09e\" data-width=\"900\" data-height=\"675\"><img loading=\"lazy\" decoding=\"async\" width=\"400\" height=\"300\" src=\"https:\/\/www.stachristiana.at\/app\/uploads\/sites\/10\/2023\/02\/Lesenacht9-400x300.jpeg\" class=\"attachment-medium size-medium\" alt=\"\" srcset=\"https:\/\/www.stachristiana.at\/app\/uploads\/sites\/10\/2023\/02\/Lesenacht9-400x300.jpeg 400w, https:\/\/www.stachristiana.at\/app\/uploads\/sites\/10\/2023\/02\/Lesenacht9-768x576.jpeg 768w, https:\/\/www.stachristiana.at\/app\/uploads\/sites\/10\/2023\/02\/Lesenacht9-613x460.jpeg 613w, https:\/\/www.stachristiana.at\/app\/uploads\/sites\/10\/2023\/02\/Lesenacht9-100x75.jpeg 100w, https:\/\/www.stachristiana.at\/app\/uploads\/sites\/10\/2023\/02\/Lesenacht9.jpeg 900w\" sizes=\"auto, (max-width: 400px) 100vw, 400px\" \/><\/a>\n\n\t\t\n\t\t<a href=\"https:\/\/www.stachristiana.at\/app\/uploads\/sites\/10\/2023\/02\/Lesenacht8.jpeg\" class=\"gallery-item\" data-caption=\"&lt;strong&gt;Lesenacht8&lt;\/strong&gt;\" data-fancybox=\"gallery-block_6eba5d3b1bf9ef59709812756188b09e\" data-width=\"900\" data-height=\"675\"><img loading=\"lazy\" decoding=\"async\" width=\"400\" height=\"300\" src=\"https:\/\/www.stachristiana.at\/app\/uploads\/sites\/10\/2023\/02\/Lesenacht8-400x300.jpeg\" class=\"attachment-medium size-medium\" alt=\"\" srcset=\"https:\/\/www.stachristiana.at\/app\/uploads\/sites\/10\/2023\/02\/Lesenacht8-400x300.jpeg 400w, https:\/\/www.stachristiana.at\/app\/uploads\/sites\/10\/2023\/02\/Lesenacht8-768x576.jpeg 768w, https:\/\/www.stachristiana.at\/app\/uploads\/sites\/10\/2023\/02\/Lesenacht8-613x460.jpeg 613w, https:\/\/www.stachristiana.at\/app\/uploads\/sites\/10\/2023\/02\/Lesenacht8-100x75.jpeg 100w, https:\/\/www.stachristiana.at\/app\/uploads\/sites\/10\/2023\/02\/Lesenacht8.jpeg 900w\" sizes=\"auto, (max-width: 400px) 100vw, 400px\" \/><\/a>\n\n\t\t\n\t\t<a href=\"https:\/\/www.stachristiana.at\/app\/uploads\/sites\/10\/2023\/02\/Lesenacht6.jpeg\" class=\"gallery-item\" data-caption=\"&lt;strong&gt;Lesenacht6&lt;\/strong&gt;\" data-fancybox=\"gallery-block_6eba5d3b1bf9ef59709812756188b09e\" data-width=\"900\" data-height=\"675\"><img loading=\"lazy\" decoding=\"async\" width=\"400\" height=\"300\" src=\"https:\/\/www.stachristiana.at\/app\/uploads\/sites\/10\/2023\/02\/Lesenacht6-400x300.jpeg\" class=\"attachment-medium size-medium\" alt=\"\" srcset=\"https:\/\/www.stachristiana.at\/app\/uploads\/sites\/10\/2023\/02\/Lesenacht6-400x300.jpeg 400w, https:\/\/www.stachristiana.at\/app\/uploads\/sites\/10\/2023\/02\/Lesenacht6-768x576.jpeg 768w, https:\/\/www.stachristiana.at\/app\/uploads\/sites\/10\/2023\/02\/Lesenacht6-613x460.jpeg 613w, https:\/\/www.stachristiana.at\/app\/uploads\/sites\/10\/2023\/02\/Lesenacht6-100x75.jpeg 100w, https:\/\/www.stachristiana.at\/app\/uploads\/sites\/10\/2023\/02\/Lesenacht6.jpeg 900w\" sizes=\"auto, (max-width: 400px) 100vw, 400px\" \/><\/a>\n\n\t\t\n\t\t<a href=\"https:\/\/www.stachristiana.at\/app\/uploads\/sites\/10\/2023\/02\/Lesenacht5.jpeg\" class=\"gallery-item\" data-caption=\"&lt;strong&gt;Lesenacht5&lt;\/strong&gt;\" data-fancybox=\"gallery-block_6eba5d3b1bf9ef59709812756188b09e\" data-width=\"900\" data-height=\"675\"><img loading=\"lazy\" decoding=\"async\" width=\"400\" height=\"300\" src=\"https:\/\/www.stachristiana.at\/app\/uploads\/sites\/10\/2023\/02\/Lesenacht5-400x300.jpeg\" class=\"attachment-medium size-medium\" alt=\"\" srcset=\"https:\/\/www.stachristiana.at\/app\/uploads\/sites\/10\/2023\/02\/Lesenacht5-400x300.jpeg 400w, https:\/\/www.stachristiana.at\/app\/uploads\/sites\/10\/2023\/02\/Lesenacht5-768x576.jpeg 768w, https:\/\/www.stachristiana.at\/app\/uploads\/sites\/10\/2023\/02\/Lesenacht5-613x460.jpeg 613w, https:\/\/www.stachristiana.at\/app\/uploads\/sites\/10\/2023\/02\/Lesenacht5-100x75.jpeg 100w, https:\/\/www.stachristiana.at\/app\/uploads\/sites\/10\/2023\/02\/Lesenacht5.jpeg 900w\" sizes=\"auto, (max-width: 400px) 100vw, 400px\" \/><\/a>\n\n\t\t\n\t\t<a href=\"https:\/\/www.stachristiana.at\/app\/uploads\/sites\/10\/2023\/02\/Lesenacht3.jpeg\" class=\"gallery-item\" data-caption=\"&lt;strong&gt;Lesenacht3&lt;\/strong&gt;\" data-fancybox=\"gallery-block_6eba5d3b1bf9ef59709812756188b09e\" data-width=\"900\" data-height=\"675\"><img loading=\"lazy\" decoding=\"async\" width=\"400\" height=\"300\" src=\"https:\/\/www.stachristiana.at\/app\/uploads\/sites\/10\/2023\/02\/Lesenacht3-400x300.jpeg\" class=\"attachment-medium size-medium\" alt=\"\" srcset=\"https:\/\/www.stachristiana.at\/app\/uploads\/sites\/10\/2023\/02\/Lesenacht3-400x300.jpeg 400w, https:\/\/www.stachristiana.at\/app\/uploads\/sites\/10\/2023\/02\/Lesenacht3-768x576.jpeg 768w, https:\/\/www.stachristiana.at\/app\/uploads\/sites\/10\/2023\/02\/Lesenacht3-613x460.jpeg 613w, https:\/\/www.stachristiana.at\/app\/uploads\/sites\/10\/2023\/02\/Lesenacht3-100x75.jpeg 100w, https:\/\/www.stachristiana.at\/app\/uploads\/sites\/10\/2023\/02\/Lesenacht3.jpeg 900w\" sizes=\"auto, (max-width: 400px) 100vw, 400px\" \/><\/a>\n\n\t\t\n\t\t<a href=\"https:\/\/www.stachristiana.at\/app\/uploads\/sites\/10\/2023\/02\/Lesenacht1.jpeg\" class=\"gallery-item\" data-caption=\"&lt;strong&gt;Lesenacht1&lt;\/strong&gt;\" data-fancybox=\"gallery-block_6eba5d3b1bf9ef59709812756188b09e\" data-width=\"900\" data-height=\"675\"><img loading=\"lazy\" decoding=\"async\" width=\"400\" height=\"300\" src=\"https:\/\/www.stachristiana.at\/app\/uploads\/sites\/10\/2023\/02\/Lesenacht1-400x300.jpeg\" class=\"attachment-medium size-medium\" alt=\"\" srcset=\"https:\/\/www.stachristiana.at\/app\/uploads\/sites\/10\/2023\/02\/Lesenacht1-400x300.jpeg 400w, https:\/\/www.stachristiana.at\/app\/uploads\/sites\/10\/2023\/02\/Lesenacht1-768x576.jpeg 768w, https:\/\/www.stachristiana.at\/app\/uploads\/sites\/10\/2023\/02\/Lesenacht1-613x460.jpeg 613w, https:\/\/www.stachristiana.at\/app\/uploads\/sites\/10\/2023\/02\/Lesenacht1-100x75.jpeg 100w, https:\/\/www.stachristiana.at\/app\/uploads\/sites\/10\/2023\/02\/Lesenacht1.jpeg 900w\" sizes=\"auto, (max-width: 400px) 100vw, 400px\" \/><\/a>\n\n\t<\/div>\n\n","protected":false},"excerpt":{"rendered":"<p>Im November verbrachten die Kinder der 4b mit ihrer Klassenlehrerin und Kollegin Fenz eine unvergessliche Lesenacht mit Nachtw\u00e4chterf\u00fchrung. Nachdem die Schlafpl\u00e4tze in der Bibliothek gerichtet und die Pizza verdr\u00fcckt war, ging es ab in die Innenstadt. Bei der Nachtw\u00e4chterf\u00fchrung erfuhren die Kinder und auch Lehrerinnen viel Neues \u00fcber ihre Stadt. Anschlie\u00dfend krochen die Kinder in [&hellip;]<\/p>\n","protected":false},"author":62,"featured_media":1751,"comment_status":"closed","ping_status":"closed","sticky":false,"template":"","format":"standard","meta":{"footnotes":""},"categories":[1],"tags":[],"class_list":["post-1742","post","type-post","status-publish","format-standard","has-post-thumbnail","hentry","category-news"],"acf":[],"yoast_head":"<!-- This site is optimized with the Yoast SEO plugin v26.8 - https:\/\/yoast.com\/product\/yoast-seo-wordpress\/ -->\n<title>Lesenacht - Volksschule Wr. Neustadt<\/title>\n<meta name=\"robots\" content=\"index, follow, max-snippet:-1, max-image-preview:large, max-video-preview:-1\" \/>\n<link rel=\"canonical\" href=\"https:\/\/www.stachristiana.at\/volksschule-wiener-neustadt\/news\/lesenacht\/\" \/>\n<meta property=\"og:locale\" content=\"de_DE\" \/>\n<meta property=\"og:type\" content=\"article\" \/>\n<meta property=\"og:title\" content=\"Lesenacht - Volksschule Wr. Neustadt\" \/>\n<meta property=\"og:description\" content=\"Im November verbrachten die Kinder der 4b mit ihrer Klassenlehrerin und Kollegin Fenz eine unvergessliche Lesenacht mit Nachtw\u00e4chterf\u00fchrung. Nachdem die Schlafpl\u00e4tze in der Bibliothek gerichtet und die Pizza verdr\u00fcckt war, ging es ab in die Innenstadt. Bei der Nachtw\u00e4chterf\u00fchrung erfuhren die Kinder und auch Lehrerinnen viel Neues \u00fcber ihre Stadt. Anschlie\u00dfend krochen die Kinder in [&hellip;]\" \/>\n<meta property=\"og:url\" content=\"https:\/\/www.stachristiana.at\/volksschule-wiener-neustadt\/news\/lesenacht\/\" \/>\n<meta property=\"og:site_name\" content=\"Volksschule Wr. Neustadt\" \/>\n<meta property=\"article:published_time\" content=\"2023-02-09T15:09:16+00:00\" \/>\n<meta property=\"article:modified_time\" content=\"2023-09-04T13:18:59+00:00\" \/>\n<meta property=\"og:image\" content=\"https:\/\/www.stachristiana.at\/app\/uploads\/sites\/10\/2023\/02\/Lesenacht2.jpeg\" \/>\n\t<meta property=\"og:image:width\" content=\"900\" \/>\n\t<meta property=\"og:image:height\" content=\"675\" \/>\n\t<meta property=\"og:image:type\" content=\"image\/jpeg\" \/>\n<meta name=\"author\" content=\"evaholzapfel\" \/>\n<meta name=\"twitter:card\" content=\"summary_large_image\" \/>\n<meta name=\"twitter:label1\" content=\"Verfasst von\" \/>\n\t<meta name=\"twitter:data1\" content=\"evaholzapfel\" \/>\n\t<meta name=\"twitter:label2\" content=\"Gesch\u00e4tzte Lesezeit\" \/>\n\t<meta name=\"twitter:data2\" content=\"1\u00a0Minute\" \/>\n<script type=\"application\/ld+json\" class=\"yoast-schema-graph\">{\"@context\":\"https:\/\/schema.org\",\"@graph\":[{\"@type\":\"Article\",\"@id\":\"https:\/\/www.stachristiana.at\/volksschule-wiener-neustadt\/news\/lesenacht\/#article\",\"isPartOf\":{\"@id\":\"https:\/\/www.stachristiana.at\/volksschule-wiener-neustadt\/news\/lesenacht\/\"},\"author\":{\"name\":\"evaholzapfel\",\"@id\":\"https:\/\/www.stachristiana.at\/volksschule-wiener-neustadt\/#\/schema\/person\/6ac8c68a9d9fac54538f5c32a1dc3cc3\"},\"headline\":\"Lesenacht\",\"datePublished\":\"2023-02-09T15:09:16+00:00\",\"dateModified\":\"2023-09-04T13:18:59+00:00\",\"mainEntityOfPage\":{\"@id\":\"https:\/\/www.stachristiana.at\/volksschule-wiener-neustadt\/news\/lesenacht\/\"},\"wordCount\":109,\"publisher\":{\"@id\":\"https:\/\/www.stachristiana.at\/volksschule-wiener-neustadt\/#organization\"},\"image\":{\"@id\":\"https:\/\/www.stachristiana.at\/volksschule-wiener-neustadt\/news\/lesenacht\/#primaryimage\"},\"thumbnailUrl\":\"https:\/\/www.stachristiana.at\/app\/uploads\/sites\/10\/2023\/02\/Lesenacht2.jpeg\",\"articleSection\":[\"News\"],\"inLanguage\":\"de\"},{\"@type\":\"WebPage\",\"@id\":\"https:\/\/www.stachristiana.at\/volksschule-wiener-neustadt\/news\/lesenacht\/\",\"url\":\"https:\/\/www.stachristiana.at\/volksschule-wiener-neustadt\/news\/lesenacht\/\",\"name\":\"Lesenacht - Volksschule Wr. Neustadt\",\"isPartOf\":{\"@id\":\"https:\/\/www.stachristiana.at\/volksschule-wiener-neustadt\/#website\"},\"primaryImageOfPage\":{\"@id\":\"https:\/\/www.stachristiana.at\/volksschule-wiener-neustadt\/news\/lesenacht\/#primaryimage\"},\"image\":{\"@id\":\"https:\/\/www.stachristiana.at\/volksschule-wiener-neustadt\/news\/lesenacht\/#primaryimage\"},\"thumbnailUrl\":\"https:\/\/www.stachristiana.at\/app\/uploads\/sites\/10\/2023\/02\/Lesenacht2.jpeg\",\"datePublished\":\"2023-02-09T15:09:16+00:00\",\"dateModified\":\"2023-09-04T13:18:59+00:00\",\"breadcrumb\":{\"@id\":\"https:\/\/www.stachristiana.at\/volksschule-wiener-neustadt\/news\/lesenacht\/#breadcrumb\"},\"inLanguage\":\"de\",\"potentialAction\":[{\"@type\":\"ReadAction\",\"target\":[\"https:\/\/www.stachristiana.at\/volksschule-wiener-neustadt\/news\/lesenacht\/\"]}]},{\"@type\":\"ImageObject\",\"inLanguage\":\"de\",\"@id\":\"https:\/\/www.stachristiana.at\/volksschule-wiener-neustadt\/news\/lesenacht\/#primaryimage\",\"url\":\"https:\/\/www.stachristiana.at\/app\/uploads\/sites\/10\/2023\/02\/Lesenacht2.jpeg\",\"contentUrl\":\"https:\/\/www.stachristiana.at\/app\/uploads\/sites\/10\/2023\/02\/Lesenacht2.jpeg\",\"width\":900,\"height\":675},{\"@type\":\"BreadcrumbList\",\"@id\":\"https:\/\/www.stachristiana.at\/volksschule-wiener-neustadt\/news\/lesenacht\/#breadcrumb\",\"itemListElement\":[{\"@type\":\"ListItem\",\"position\":1,\"name\":\"Start\",\"item\":\"https:\/\/www.stachristiana.at\/\"},{\"@type\":\"ListItem\",\"position\":2,\"name\":\"News\",\"item\":\"https:\/\/www.stachristiana.at\/volksschule-wiener-neustadt\/berichte\/news\/\"},{\"@type\":\"ListItem\",\"position\":3,\"name\":\"Lesenacht\"}]},{\"@type\":\"WebSite\",\"@id\":\"https:\/\/www.stachristiana.at\/volksschule-wiener-neustadt\/#website\",\"url\":\"https:\/\/www.stachristiana.at\/volksschule-wiener-neustadt\/\",\"name\":\"Sta. Christiana - Private Volksschule Wr. Neustadt\",\"description\":\"Sta. Christiana - Schulen zum Leben\",\"publisher\":{\"@id\":\"https:\/\/www.stachristiana.at\/volksschule-wiener-neustadt\/#organization\"},\"alternateName\":\"Private Volksschule Wr. Neustadt\",\"potentialAction\":[{\"@type\":\"SearchAction\",\"target\":{\"@type\":\"EntryPoint\",\"urlTemplate\":\"https:\/\/www.stachristiana.at\/volksschule-wiener-neustadt\/?s={search_term_string}\"},\"query-input\":{\"@type\":\"PropertyValueSpecification\",\"valueRequired\":true,\"valueName\":\"search_term_string\"}}],\"inLanguage\":\"de\"},{\"@type\":\"Organization\",\"@id\":\"https:\/\/www.stachristiana.at\/volksschule-wiener-neustadt\/#organization\",\"name\":\"Sta. Christiana - Private Volksschule Wr. Neustadt\",\"alternateName\":\"Private Volksschule Wr. Neustadt\",\"url\":\"https:\/\/www.stachristiana.at\/volksschule-wiener-neustadt\/\",\"logo\":{\"@type\":\"ImageObject\",\"inLanguage\":\"de\",\"@id\":\"https:\/\/www.stachristiana.at\/volksschule-wiener-neustadt\/#\/schema\/logo\/image\/\",\"url\":\"https:\/\/www.stachristiana.at\/app\/uploads\/sites\/10\/2022\/05\/logo-sta-christiana.png\",\"contentUrl\":\"https:\/\/www.stachristiana.at\/app\/uploads\/sites\/10\/2022\/05\/logo-sta-christiana.png\",\"width\":1200,\"height\":491,\"caption\":\"Sta. Christiana - Private Volksschule Wr. Neustadt\"},\"image\":{\"@id\":\"https:\/\/www.stachristiana.at\/volksschule-wiener-neustadt\/#\/schema\/logo\/image\/\"}},{\"@type\":\"Person\",\"@id\":\"https:\/\/www.stachristiana.at\/volksschule-wiener-neustadt\/#\/schema\/person\/6ac8c68a9d9fac54538f5c32a1dc3cc3\",\"name\":\"evaholzapfel\",\"image\":{\"@type\":\"ImageObject\",\"inLanguage\":\"de\",\"@id\":\"https:\/\/www.stachristiana.at\/volksschule-wiener-neustadt\/#\/schema\/person\/image\/\",\"url\":\"https:\/\/secure.gravatar.com\/avatar\/5acd9cb170caa9f3e0f29d5a10d26b224be3b516b61f1597092b56ff280075ea?s=96&d=mm&r=g\",\"contentUrl\":\"https:\/\/secure.gravatar.com\/avatar\/5acd9cb170caa9f3e0f29d5a10d26b224be3b516b61f1597092b56ff280075ea?s=96&d=mm&r=g\",\"caption\":\"evaholzapfel\"},\"url\":\"https:\/\/www.stachristiana.at\/volksschule-wiener-neustadt\/author\/evaholzapfel\/\"}]}<\/script>\n<!-- \/ Yoast SEO plugin. -->","yoast_head_json":{"title":"Lesenacht - Volksschule Wr. Neustadt","robots":{"index":"index","follow":"follow","max-snippet":"max-snippet:-1","max-image-preview":"max-image-preview:large","max-video-preview":"max-video-preview:-1"},"canonical":"https:\/\/www.stachristiana.at\/volksschule-wiener-neustadt\/news\/lesenacht\/","og_locale":"de_DE","og_type":"article","og_title":"Lesenacht - Volksschule Wr. Neustadt","og_description":"Im November verbrachten die Kinder der 4b mit ihrer Klassenlehrerin und Kollegin Fenz eine unvergessliche Lesenacht mit Nachtw\u00e4chterf\u00fchrung. Nachdem die Schlafpl\u00e4tze in der Bibliothek gerichtet und die Pizza verdr\u00fcckt war, ging es ab in die Innenstadt. Bei der Nachtw\u00e4chterf\u00fchrung erfuhren die Kinder und auch Lehrerinnen viel Neues \u00fcber ihre Stadt. Anschlie\u00dfend krochen die Kinder in [&hellip;]","og_url":"https:\/\/www.stachristiana.at\/volksschule-wiener-neustadt\/news\/lesenacht\/","og_site_name":"Volksschule Wr. Neustadt","article_published_time":"2023-02-09T15:09:16+00:00","article_modified_time":"2023-09-04T13:18:59+00:00","og_image":[{"width":900,"height":675,"url":"https:\/\/www.stachristiana.at\/app\/uploads\/sites\/10\/2023\/02\/Lesenacht2.jpeg","type":"image\/jpeg"}],"author":"evaholzapfel","twitter_card":"summary_large_image","twitter_misc":{"Verfasst von":"evaholzapfel","Gesch\u00e4tzte Lesezeit":"1\u00a0Minute"},"schema":{"@context":"https:\/\/schema.org","@graph":[{"@type":"Article","@id":"https:\/\/www.stachristiana.at\/volksschule-wiener-neustadt\/news\/lesenacht\/#article","isPartOf":{"@id":"https:\/\/www.stachristiana.at\/volksschule-wiener-neustadt\/news\/lesenacht\/"},"author":{"name":"evaholzapfel","@id":"https:\/\/www.stachristiana.at\/volksschule-wiener-neustadt\/#\/schema\/person\/6ac8c68a9d9fac54538f5c32a1dc3cc3"},"headline":"Lesenacht","datePublished":"2023-02-09T15:09:16+00:00","dateModified":"2023-09-04T13:18:59+00:00","mainEntityOfPage":{"@id":"https:\/\/www.stachristiana.at\/volksschule-wiener-neustadt\/news\/lesenacht\/"},"wordCount":109,"publisher":{"@id":"https:\/\/www.stachristiana.at\/volksschule-wiener-neustadt\/#organization"},"image":{"@id":"https:\/\/www.stachristiana.at\/volksschule-wiener-neustadt\/news\/lesenacht\/#primaryimage"},"thumbnailUrl":"https:\/\/www.stachristiana.at\/app\/uploads\/sites\/10\/2023\/02\/Lesenacht2.jpeg","articleSection":["News"],"inLanguage":"de"},{"@type":"WebPage","@id":"https:\/\/www.stachristiana.at\/volksschule-wiener-neustadt\/news\/lesenacht\/","url":"https:\/\/www.stachristiana.at\/volksschule-wiener-neustadt\/news\/lesenacht\/","name":"Lesenacht - Volksschule Wr. Neustadt","isPartOf":{"@id":"https:\/\/www.stachristiana.at\/volksschule-wiener-neustadt\/#website"},"primaryImageOfPage":{"@id":"https:\/\/www.stachristiana.at\/volksschule-wiener-neustadt\/news\/lesenacht\/#primaryimage"},"image":{"@id":"https:\/\/www.stachristiana.at\/volksschule-wiener-neustadt\/news\/lesenacht\/#primaryimage"},"thumbnailUrl":"https:\/\/www.stachristiana.at\/app\/uploads\/sites\/10\/2023\/02\/Lesenacht2.jpeg","datePublished":"2023-02-09T15:09:16+00:00","dateModified":"2023-09-04T13:18:59+00:00","breadcrumb":{"@id":"https:\/\/www.stachristiana.at\/volksschule-wiener-neustadt\/news\/lesenacht\/#breadcrumb"},"inLanguage":"de","potentialAction":[{"@type":"ReadAction","target":["https:\/\/www.stachristiana.at\/volksschule-wiener-neustadt\/news\/lesenacht\/"]}]},{"@type":"ImageObject","inLanguage":"de","@id":"https:\/\/www.stachristiana.at\/volksschule-wiener-neustadt\/news\/lesenacht\/#primaryimage","url":"https:\/\/www.stachristiana.at\/app\/uploads\/sites\/10\/2023\/02\/Lesenacht2.jpeg","contentUrl":"https:\/\/www.stachristiana.at\/app\/uploads\/sites\/10\/2023\/02\/Lesenacht2.jpeg","width":900,"height":675},{"@type":"BreadcrumbList","@id":"https:\/\/www.stachristiana.at\/volksschule-wiener-neustadt\/news\/lesenacht\/#breadcrumb","itemListElement":[{"@type":"ListItem","position":1,"name":"Start","item":"https:\/\/www.stachristiana.at\/"},{"@type":"ListItem","position":2,"name":"News","item":"https:\/\/www.stachristiana.at\/volksschule-wiener-neustadt\/berichte\/news\/"},{"@type":"ListItem","position":3,"name":"Lesenacht"}]},{"@type":"WebSite","@id":"https:\/\/www.stachristiana.at\/volksschule-wiener-neustadt\/#website","url":"https:\/\/www.stachristiana.at\/volksschule-wiener-neustadt\/","name":"Sta. Christiana - Private Volksschule Wr. Neustadt","description":"Sta. Christiana - Schulen zum Leben","publisher":{"@id":"https:\/\/www.stachristiana.at\/volksschule-wiener-neustadt\/#organization"},"alternateName":"Private Volksschule Wr. Neustadt","potentialAction":[{"@type":"SearchAction","target":{"@type":"EntryPoint","urlTemplate":"https:\/\/www.stachristiana.at\/volksschule-wiener-neustadt\/?s={search_term_string}"},"query-input":{"@type":"PropertyValueSpecification","valueRequired":true,"valueName":"search_term_string"}}],"inLanguage":"de"},{"@type":"Organization","@id":"https:\/\/www.stachristiana.at\/volksschule-wiener-neustadt\/#organization","name":"Sta. Christiana - Private Volksschule Wr. Neustadt","alternateName":"Private Volksschule Wr. Neustadt","url":"https:\/\/www.stachristiana.at\/volksschule-wiener-neustadt\/","logo":{"@type":"ImageObject","inLanguage":"de","@id":"https:\/\/www.stachristiana.at\/volksschule-wiener-neustadt\/#\/schema\/logo\/image\/","url":"https:\/\/www.stachristiana.at\/app\/uploads\/sites\/10\/2022\/05\/logo-sta-christiana.png","contentUrl":"https:\/\/www.stachristiana.at\/app\/uploads\/sites\/10\/2022\/05\/logo-sta-christiana.png","width":1200,"height":491,"caption":"Sta. Christiana - Private Volksschule Wr. Neustadt"},"image":{"@id":"https:\/\/www.stachristiana.at\/volksschule-wiener-neustadt\/#\/schema\/logo\/image\/"}},{"@type":"Person","@id":"https:\/\/www.stachristiana.at\/volksschule-wiener-neustadt\/#\/schema\/person\/6ac8c68a9d9fac54538f5c32a1dc3cc3","name":"evaholzapfel","image":{"@type":"ImageObject","inLanguage":"de","@id":"https:\/\/www.stachristiana.at\/volksschule-wiener-neustadt\/#\/schema\/person\/image\/","url":"https:\/\/secure.gravatar.com\/avatar\/5acd9cb170caa9f3e0f29d5a10d26b224be3b516b61f1597092b56ff280075ea?s=96&d=mm&r=g","contentUrl":"https:\/\/secure.gravatar.com\/avatar\/5acd9cb170caa9f3e0f29d5a10d26b224be3b516b61f1597092b56ff280075ea?s=96&d=mm&r=g","caption":"evaholzapfel"},"url":"https:\/\/www.stachristiana.at\/volksschule-wiener-neustadt\/author\/evaholzapfel\/"}]}},"_links":{"self":[{"href":"https:\/\/www.stachristiana.at\/volksschule-wiener-neustadt\/wp-json\/wp\/v2\/posts\/1742","targetHints":{"allow":["GET"]}}],"collection":[{"href":"https:\/\/www.stachristiana.at\/volksschule-wiener-neustadt\/wp-json\/wp\/v2\/posts"}],"about":[{"href":"https:\/\/www.stachristiana.at\/volksschule-wiener-neustadt\/wp-json\/wp\/v2\/types\/post"}],"author":[{"embeddable":true,"href":"https:\/\/www.stachristiana.at\/volksschule-wiener-neustadt\/wp-json\/wp\/v2\/users\/62"}],"replies":[{"embeddable":true,"href":"https:\/\/www.stachristiana.at\/volksschule-wiener-neustadt\/wp-json\/wp\/v2\/comments?post=1742"}],"version-history":[{"count":3,"href":"https:\/\/www.stachristiana.at\/volksschule-wiener-neustadt\/wp-json\/wp\/v2\/posts\/1742\/revisions"}],"predecessor-version":[{"id":1756,"href":"https:\/\/www.stachristiana.at\/volksschule-wiener-neustadt\/wp-json\/wp\/v2\/posts\/1742\/revisions\/1756"}],"wp:featuredmedia":[{"embeddable":true,"href":"https:\/\/www.stachristiana.at\/volksschule-wiener-neustadt\/wp-json\/wp\/v2\/media\/1751"}],"wp:attachment":[{"href":"https:\/\/www.stachristiana.at\/volksschule-wiener-neustadt\/wp-json\/wp\/v2\/media?parent=1742"}],"wp:term":[{"taxonomy":"category","embeddable":true,"href":"https:\/\/www.stachristiana.at\/volksschule-wiener-neustadt\/wp-json\/wp\/v2\/categories?post=1742"},{"taxonomy":"post_tag","embeddable":true,"href":"https:\/\/www.stachristiana.at\/volksschule-wiener-neustadt\/wp-json\/wp\/v2\/tags?post=1742"}],"curies":[{"name":"wp","href":"https:\/\/api.w.org\/{rel}","templated":true}]}}