{"id":1710,"date":"2023-02-07T18:43:27","date_gmt":"2023-02-07T17:43:27","guid":{"rendered":"https:\/\/www.stachristiana.at\/volksschule-wiener-neustadt\/?p=1710"},"modified":"2023-09-04T15:21:46","modified_gmt":"2023-09-04T13:21:46","slug":"energieworkshop-die-erneuerbaren","status":"publish","type":"post","link":"https:\/\/www.stachristiana.at\/volksschule-wiener-neustadt\/news\/energieworkshop-die-erneuerbaren\/","title":{"rendered":"Energieworkshop &#8222;Die Erneuerbaren&#8220;"},"content":{"rendered":"\n<p>Johannes brachte uns die vielen Vorteile von Windenergie n\u00e4her.<\/p>\n\n\n\n<p>Die Nutzung der Windenergie durch Windr\u00e4der ist seit dem Altertum bekannt und Windkraft wird nat\u00fcrlich auch zur Fortbewegung genutzt. Dies alles und noch viel mehr erfuhren wir beim \u201eEnergieworkshop\u201c.<\/p>\n\n\n\n<p><\/p>\n\n\n\n<figure class=\"wp-block-image size-full\"><img loading=\"lazy\" decoding=\"async\" width=\"900\" height=\"600\" src=\"https:\/\/www.stachristiana.at\/app\/uploads\/sites\/10\/2023\/02\/IMG_20230127_091813-1-rotated.jpg\" alt=\"\" class=\"wp-image-1722\" srcset=\"https:\/\/www.stachristiana.at\/app\/uploads\/sites\/10\/2023\/02\/IMG_20230127_091813-1-rotated.jpg 900w, https:\/\/www.stachristiana.at\/app\/uploads\/sites\/10\/2023\/02\/IMG_20230127_091813-1-400x267.jpg 400w, https:\/\/www.stachristiana.at\/app\/uploads\/sites\/10\/2023\/02\/IMG_20230127_091813-1-768x512.jpg 768w, https:\/\/www.stachristiana.at\/app\/uploads\/sites\/10\/2023\/02\/IMG_20230127_091813-1-690x460.jpg 690w, https:\/\/www.stachristiana.at\/app\/uploads\/sites\/10\/2023\/02\/IMG_20230127_091813-1-113x75.jpg 113w\" sizes=\"auto, (max-width: 900px) 100vw, 900px\" \/><\/figure>\n\n\n\n<figure class=\"wp-block-image size-full\"><img loading=\"lazy\" decoding=\"async\" width=\"900\" height=\"600\" src=\"https:\/\/www.stachristiana.at\/app\/uploads\/sites\/10\/2023\/02\/IMG_20230127_091816-1.jpg\" alt=\"\" class=\"wp-image-1724\" srcset=\"https:\/\/www.stachristiana.at\/app\/uploads\/sites\/10\/2023\/02\/IMG_20230127_091816-1.jpg 900w, https:\/\/www.stachristiana.at\/app\/uploads\/sites\/10\/2023\/02\/IMG_20230127_091816-1-400x267.jpg 400w, https:\/\/www.stachristiana.at\/app\/uploads\/sites\/10\/2023\/02\/IMG_20230127_091816-1-768x512.jpg 768w, https:\/\/www.stachristiana.at\/app\/uploads\/sites\/10\/2023\/02\/IMG_20230127_091816-1-690x460.jpg 690w, https:\/\/www.stachristiana.at\/app\/uploads\/sites\/10\/2023\/02\/IMG_20230127_091816-1-113x75.jpg 113w\" sizes=\"auto, (max-width: 900px) 100vw, 900px\" \/><\/figure>\n","protected":false},"excerpt":{"rendered":"<p>Johannes brachte uns die vielen Vorteile von Windenergie n\u00e4her. Die Nutzung der Windenergie durch Windr\u00e4der ist seit dem Altertum bekannt und Windkraft wird nat\u00fcrlich auch zur Fortbewegung genutzt. Dies alles und noch viel mehr erfuhren wir beim \u201eEnergieworkshop\u201c.<\/p>\n","protected":false},"author":51,"featured_media":1709,"comment_status":"closed","ping_status":"closed","sticky":false,"template":"","format":"standard","meta":{"footnotes":""},"categories":[1],"tags":[],"class_list":["post-1710","post","type-post","status-publish","format-standard","has-post-thumbnail","hentry","category-news"],"acf":[],"yoast_head":"<!-- This site is optimized with the Yoast SEO plugin v26.8 - https:\/\/yoast.com\/product\/yoast-seo-wordpress\/ -->\n<title>Energieworkshop &quot;Die Erneuerbaren&quot; - Volksschule Wr. Neustadt<\/title>\n<meta name=\"robots\" content=\"index, follow, max-snippet:-1, max-image-preview:large, max-video-preview:-1\" \/>\n<link rel=\"canonical\" href=\"https:\/\/www.stachristiana.at\/volksschule-wiener-neustadt\/news\/energieworkshop-die-erneuerbaren\/\" \/>\n<meta property=\"og:locale\" content=\"de_DE\" \/>\n<meta property=\"og:type\" content=\"article\" \/>\n<meta property=\"og:title\" content=\"Energieworkshop &quot;Die Erneuerbaren&quot; - Volksschule Wr. Neustadt\" \/>\n<meta property=\"og:description\" content=\"Johannes brachte uns die vielen Vorteile von Windenergie n\u00e4her. Die Nutzung der Windenergie durch Windr\u00e4der ist seit dem Altertum bekannt und Windkraft wird nat\u00fcrlich auch zur Fortbewegung genutzt. Dies alles und noch viel mehr erfuhren wir beim \u201eEnergieworkshop\u201c.\" \/>\n<meta property=\"og:url\" content=\"https:\/\/www.stachristiana.at\/volksschule-wiener-neustadt\/news\/energieworkshop-die-erneuerbaren\/\" \/>\n<meta property=\"og:site_name\" content=\"Volksschule Wr. Neustadt\" \/>\n<meta property=\"article:published_time\" content=\"2023-02-07T17:43:27+00:00\" \/>\n<meta property=\"article:modified_time\" content=\"2023-09-04T13:21:46+00:00\" \/>\n<meta property=\"og:image\" content=\"https:\/\/www.stachristiana.at\/app\/uploads\/sites\/10\/2023\/02\/IMG_20230127_123935.jpg\" \/>\n\t<meta property=\"og:image:width\" content=\"900\" \/>\n\t<meta property=\"og:image:height\" content=\"600\" \/>\n\t<meta property=\"og:image:type\" content=\"image\/jpeg\" \/>\n<meta name=\"author\" content=\"silvialegenstein\" \/>\n<meta name=\"twitter:card\" content=\"summary_large_image\" \/>\n<meta name=\"twitter:label1\" content=\"Verfasst von\" \/>\n\t<meta name=\"twitter:data1\" content=\"silvialegenstein\" \/>\n\t<meta name=\"twitter:label2\" content=\"Gesch\u00e4tzte Lesezeit\" \/>\n\t<meta name=\"twitter:data2\" content=\"1\u00a0Minute\" \/>\n<script type=\"application\/ld+json\" class=\"yoast-schema-graph\">{\"@context\":\"https:\/\/schema.org\",\"@graph\":[{\"@type\":\"Article\",\"@id\":\"https:\/\/www.stachristiana.at\/volksschule-wiener-neustadt\/news\/energieworkshop-die-erneuerbaren\/#article\",\"isPartOf\":{\"@id\":\"https:\/\/www.stachristiana.at\/volksschule-wiener-neustadt\/news\/energieworkshop-die-erneuerbaren\/\"},\"author\":{\"name\":\"silvialegenstein\",\"@id\":\"https:\/\/www.stachristiana.at\/volksschule-wiener-neustadt\/#\/schema\/person\/1aed467193b19e98852eebfe023be1f8\"},\"headline\":\"Energieworkshop &#8222;Die Erneuerbaren&#8220;\",\"datePublished\":\"2023-02-07T17:43:27+00:00\",\"dateModified\":\"2023-09-04T13:21:46+00:00\",\"mainEntityOfPage\":{\"@id\":\"https:\/\/www.stachristiana.at\/volksschule-wiener-neustadt\/news\/energieworkshop-die-erneuerbaren\/\"},\"wordCount\":44,\"publisher\":{\"@id\":\"https:\/\/www.stachristiana.at\/volksschule-wiener-neustadt\/#organization\"},\"image\":{\"@id\":\"https:\/\/www.stachristiana.at\/volksschule-wiener-neustadt\/news\/energieworkshop-die-erneuerbaren\/#primaryimage\"},\"thumbnailUrl\":\"https:\/\/www.stachristiana.at\/app\/uploads\/sites\/10\/2023\/02\/IMG_20230127_123935.jpg\",\"articleSection\":[\"News\"],\"inLanguage\":\"de\"},{\"@type\":\"WebPage\",\"@id\":\"https:\/\/www.stachristiana.at\/volksschule-wiener-neustadt\/news\/energieworkshop-die-erneuerbaren\/\",\"url\":\"https:\/\/www.stachristiana.at\/volksschule-wiener-neustadt\/news\/energieworkshop-die-erneuerbaren\/\",\"name\":\"Energieworkshop \\\"Die Erneuerbaren\\\" - Volksschule Wr. Neustadt\",\"isPartOf\":{\"@id\":\"https:\/\/www.stachristiana.at\/volksschule-wiener-neustadt\/#website\"},\"primaryImageOfPage\":{\"@id\":\"https:\/\/www.stachristiana.at\/volksschule-wiener-neustadt\/news\/energieworkshop-die-erneuerbaren\/#primaryimage\"},\"image\":{\"@id\":\"https:\/\/www.stachristiana.at\/volksschule-wiener-neustadt\/news\/energieworkshop-die-erneuerbaren\/#primaryimage\"},\"thumbnailUrl\":\"https:\/\/www.stachristiana.at\/app\/uploads\/sites\/10\/2023\/02\/IMG_20230127_123935.jpg\",\"datePublished\":\"2023-02-07T17:43:27+00:00\",\"dateModified\":\"2023-09-04T13:21:46+00:00\",\"breadcrumb\":{\"@id\":\"https:\/\/www.stachristiana.at\/volksschule-wiener-neustadt\/news\/energieworkshop-die-erneuerbaren\/#breadcrumb\"},\"inLanguage\":\"de\",\"potentialAction\":[{\"@type\":\"ReadAction\",\"target\":[\"https:\/\/www.stachristiana.at\/volksschule-wiener-neustadt\/news\/energieworkshop-die-erneuerbaren\/\"]}]},{\"@type\":\"ImageObject\",\"inLanguage\":\"de\",\"@id\":\"https:\/\/www.stachristiana.at\/volksschule-wiener-neustadt\/news\/energieworkshop-die-erneuerbaren\/#primaryimage\",\"url\":\"https:\/\/www.stachristiana.at\/app\/uploads\/sites\/10\/2023\/02\/IMG_20230127_123935.jpg\",\"contentUrl\":\"https:\/\/www.stachristiana.at\/app\/uploads\/sites\/10\/2023\/02\/IMG_20230127_123935.jpg\",\"width\":900,\"height\":600},{\"@type\":\"BreadcrumbList\",\"@id\":\"https:\/\/www.stachristiana.at\/volksschule-wiener-neustadt\/news\/energieworkshop-die-erneuerbaren\/#breadcrumb\",\"itemListElement\":[{\"@type\":\"ListItem\",\"position\":1,\"name\":\"Start\",\"item\":\"https:\/\/www.stachristiana.at\/\"},{\"@type\":\"ListItem\",\"position\":2,\"name\":\"News\",\"item\":\"https:\/\/www.stachristiana.at\/volksschule-wiener-neustadt\/berichte\/news\/\"},{\"@type\":\"ListItem\",\"position\":3,\"name\":\"Energieworkshop &#8222;Die Erneuerbaren&#8220;\"}]},{\"@type\":\"WebSite\",\"@id\":\"https:\/\/www.stachristiana.at\/volksschule-wiener-neustadt\/#website\",\"url\":\"https:\/\/www.stachristiana.at\/volksschule-wiener-neustadt\/\",\"name\":\"Sta. Christiana - Private Volksschule Wr. Neustadt\",\"description\":\"Sta. Christiana - Schulen zum Leben\",\"publisher\":{\"@id\":\"https:\/\/www.stachristiana.at\/volksschule-wiener-neustadt\/#organization\"},\"alternateName\":\"Private Volksschule Wr. Neustadt\",\"potentialAction\":[{\"@type\":\"SearchAction\",\"target\":{\"@type\":\"EntryPoint\",\"urlTemplate\":\"https:\/\/www.stachristiana.at\/volksschule-wiener-neustadt\/?s={search_term_string}\"},\"query-input\":{\"@type\":\"PropertyValueSpecification\",\"valueRequired\":true,\"valueName\":\"search_term_string\"}}],\"inLanguage\":\"de\"},{\"@type\":\"Organization\",\"@id\":\"https:\/\/www.stachristiana.at\/volksschule-wiener-neustadt\/#organization\",\"name\":\"Sta. Christiana - Private Volksschule Wr. Neustadt\",\"alternateName\":\"Private Volksschule Wr. Neustadt\",\"url\":\"https:\/\/www.stachristiana.at\/volksschule-wiener-neustadt\/\",\"logo\":{\"@type\":\"ImageObject\",\"inLanguage\":\"de\",\"@id\":\"https:\/\/www.stachristiana.at\/volksschule-wiener-neustadt\/#\/schema\/logo\/image\/\",\"url\":\"https:\/\/www.stachristiana.at\/app\/uploads\/sites\/10\/2022\/05\/logo-sta-christiana.png\",\"contentUrl\":\"https:\/\/www.stachristiana.at\/app\/uploads\/sites\/10\/2022\/05\/logo-sta-christiana.png\",\"width\":1200,\"height\":491,\"caption\":\"Sta. Christiana - Private Volksschule Wr. Neustadt\"},\"image\":{\"@id\":\"https:\/\/www.stachristiana.at\/volksschule-wiener-neustadt\/#\/schema\/logo\/image\/\"}},{\"@type\":\"Person\",\"@id\":\"https:\/\/www.stachristiana.at\/volksschule-wiener-neustadt\/#\/schema\/person\/1aed467193b19e98852eebfe023be1f8\",\"name\":\"silvialegenstein\",\"image\":{\"@type\":\"ImageObject\",\"inLanguage\":\"de\",\"@id\":\"https:\/\/www.stachristiana.at\/volksschule-wiener-neustadt\/#\/schema\/person\/image\/\",\"url\":\"https:\/\/secure.gravatar.com\/avatar\/cb9564f8ee747fe53da1abde246d4f23e1b925423ea660f3a81c5059811bb634?s=96&d=mm&r=g\",\"contentUrl\":\"https:\/\/secure.gravatar.com\/avatar\/cb9564f8ee747fe53da1abde246d4f23e1b925423ea660f3a81c5059811bb634?s=96&d=mm&r=g\",\"caption\":\"silvialegenstein\"},\"url\":\"https:\/\/www.stachristiana.at\/volksschule-wiener-neustadt\/author\/silvialegenstein\/\"}]}<\/script>\n<!-- \/ Yoast SEO plugin. -->","yoast_head_json":{"title":"Energieworkshop \"Die Erneuerbaren\" - Volksschule Wr. Neustadt","robots":{"index":"index","follow":"follow","max-snippet":"max-snippet:-1","max-image-preview":"max-image-preview:large","max-video-preview":"max-video-preview:-1"},"canonical":"https:\/\/www.stachristiana.at\/volksschule-wiener-neustadt\/news\/energieworkshop-die-erneuerbaren\/","og_locale":"de_DE","og_type":"article","og_title":"Energieworkshop \"Die Erneuerbaren\" - Volksschule Wr. Neustadt","og_description":"Johannes brachte uns die vielen Vorteile von Windenergie n\u00e4her. Die Nutzung der Windenergie durch Windr\u00e4der ist seit dem Altertum bekannt und Windkraft wird nat\u00fcrlich auch zur Fortbewegung genutzt. Dies alles und noch viel mehr erfuhren wir beim \u201eEnergieworkshop\u201c.","og_url":"https:\/\/www.stachristiana.at\/volksschule-wiener-neustadt\/news\/energieworkshop-die-erneuerbaren\/","og_site_name":"Volksschule Wr. Neustadt","article_published_time":"2023-02-07T17:43:27+00:00","article_modified_time":"2023-09-04T13:21:46+00:00","og_image":[{"width":900,"height":600,"url":"https:\/\/www.stachristiana.at\/app\/uploads\/sites\/10\/2023\/02\/IMG_20230127_123935.jpg","type":"image\/jpeg"}],"author":"silvialegenstein","twitter_card":"summary_large_image","twitter_misc":{"Verfasst von":"silvialegenstein","Gesch\u00e4tzte Lesezeit":"1\u00a0Minute"},"schema":{"@context":"https:\/\/schema.org","@graph":[{"@type":"Article","@id":"https:\/\/www.stachristiana.at\/volksschule-wiener-neustadt\/news\/energieworkshop-die-erneuerbaren\/#article","isPartOf":{"@id":"https:\/\/www.stachristiana.at\/volksschule-wiener-neustadt\/news\/energieworkshop-die-erneuerbaren\/"},"author":{"name":"silvialegenstein","@id":"https:\/\/www.stachristiana.at\/volksschule-wiener-neustadt\/#\/schema\/person\/1aed467193b19e98852eebfe023be1f8"},"headline":"Energieworkshop &#8222;Die Erneuerbaren&#8220;","datePublished":"2023-02-07T17:43:27+00:00","dateModified":"2023-09-04T13:21:46+00:00","mainEntityOfPage":{"@id":"https:\/\/www.stachristiana.at\/volksschule-wiener-neustadt\/news\/energieworkshop-die-erneuerbaren\/"},"wordCount":44,"publisher":{"@id":"https:\/\/www.stachristiana.at\/volksschule-wiener-neustadt\/#organization"},"image":{"@id":"https:\/\/www.stachristiana.at\/volksschule-wiener-neustadt\/news\/energieworkshop-die-erneuerbaren\/#primaryimage"},"thumbnailUrl":"https:\/\/www.stachristiana.at\/app\/uploads\/sites\/10\/2023\/02\/IMG_20230127_123935.jpg","articleSection":["News"],"inLanguage":"de"},{"@type":"WebPage","@id":"https:\/\/www.stachristiana.at\/volksschule-wiener-neustadt\/news\/energieworkshop-die-erneuerbaren\/","url":"https:\/\/www.stachristiana.at\/volksschule-wiener-neustadt\/news\/energieworkshop-die-erneuerbaren\/","name":"Energieworkshop \"Die Erneuerbaren\" - Volksschule Wr. Neustadt","isPartOf":{"@id":"https:\/\/www.stachristiana.at\/volksschule-wiener-neustadt\/#website"},"primaryImageOfPage":{"@id":"https:\/\/www.stachristiana.at\/volksschule-wiener-neustadt\/news\/energieworkshop-die-erneuerbaren\/#primaryimage"},"image":{"@id":"https:\/\/www.stachristiana.at\/volksschule-wiener-neustadt\/news\/energieworkshop-die-erneuerbaren\/#primaryimage"},"thumbnailUrl":"https:\/\/www.stachristiana.at\/app\/uploads\/sites\/10\/2023\/02\/IMG_20230127_123935.jpg","datePublished":"2023-02-07T17:43:27+00:00","dateModified":"2023-09-04T13:21:46+00:00","breadcrumb":{"@id":"https:\/\/www.stachristiana.at\/volksschule-wiener-neustadt\/news\/energieworkshop-die-erneuerbaren\/#breadcrumb"},"inLanguage":"de","potentialAction":[{"@type":"ReadAction","target":["https:\/\/www.stachristiana.at\/volksschule-wiener-neustadt\/news\/energieworkshop-die-erneuerbaren\/"]}]},{"@type":"ImageObject","inLanguage":"de","@id":"https:\/\/www.stachristiana.at\/volksschule-wiener-neustadt\/news\/energieworkshop-die-erneuerbaren\/#primaryimage","url":"https:\/\/www.stachristiana.at\/app\/uploads\/sites\/10\/2023\/02\/IMG_20230127_123935.jpg","contentUrl":"https:\/\/www.stachristiana.at\/app\/uploads\/sites\/10\/2023\/02\/IMG_20230127_123935.jpg","width":900,"height":600},{"@type":"BreadcrumbList","@id":"https:\/\/www.stachristiana.at\/volksschule-wiener-neustadt\/news\/energieworkshop-die-erneuerbaren\/#breadcrumb","itemListElement":[{"@type":"ListItem","position":1,"name":"Start","item":"https:\/\/www.stachristiana.at\/"},{"@type":"ListItem","position":2,"name":"News","item":"https:\/\/www.stachristiana.at\/volksschule-wiener-neustadt\/berichte\/news\/"},{"@type":"ListItem","position":3,"name":"Energieworkshop &#8222;Die Erneuerbaren&#8220;"}]},{"@type":"WebSite","@id":"https:\/\/www.stachristiana.at\/volksschule-wiener-neustadt\/#website","url":"https:\/\/www.stachristiana.at\/volksschule-wiener-neustadt\/","name":"Sta. Christiana - Private Volksschule Wr. Neustadt","description":"Sta. Christiana - Schulen zum Leben","publisher":{"@id":"https:\/\/www.stachristiana.at\/volksschule-wiener-neustadt\/#organization"},"alternateName":"Private Volksschule Wr. Neustadt","potentialAction":[{"@type":"SearchAction","target":{"@type":"EntryPoint","urlTemplate":"https:\/\/www.stachristiana.at\/volksschule-wiener-neustadt\/?s={search_term_string}"},"query-input":{"@type":"PropertyValueSpecification","valueRequired":true,"valueName":"search_term_string"}}],"inLanguage":"de"},{"@type":"Organization","@id":"https:\/\/www.stachristiana.at\/volksschule-wiener-neustadt\/#organization","name":"Sta. Christiana - Private Volksschule Wr. Neustadt","alternateName":"Private Volksschule Wr. Neustadt","url":"https:\/\/www.stachristiana.at\/volksschule-wiener-neustadt\/","logo":{"@type":"ImageObject","inLanguage":"de","@id":"https:\/\/www.stachristiana.at\/volksschule-wiener-neustadt\/#\/schema\/logo\/image\/","url":"https:\/\/www.stachristiana.at\/app\/uploads\/sites\/10\/2022\/05\/logo-sta-christiana.png","contentUrl":"https:\/\/www.stachristiana.at\/app\/uploads\/sites\/10\/2022\/05\/logo-sta-christiana.png","width":1200,"height":491,"caption":"Sta. Christiana - Private Volksschule Wr. Neustadt"},"image":{"@id":"https:\/\/www.stachristiana.at\/volksschule-wiener-neustadt\/#\/schema\/logo\/image\/"}},{"@type":"Person","@id":"https:\/\/www.stachristiana.at\/volksschule-wiener-neustadt\/#\/schema\/person\/1aed467193b19e98852eebfe023be1f8","name":"silvialegenstein","image":{"@type":"ImageObject","inLanguage":"de","@id":"https:\/\/www.stachristiana.at\/volksschule-wiener-neustadt\/#\/schema\/person\/image\/","url":"https:\/\/secure.gravatar.com\/avatar\/cb9564f8ee747fe53da1abde246d4f23e1b925423ea660f3a81c5059811bb634?s=96&d=mm&r=g","contentUrl":"https:\/\/secure.gravatar.com\/avatar\/cb9564f8ee747fe53da1abde246d4f23e1b925423ea660f3a81c5059811bb634?s=96&d=mm&r=g","caption":"silvialegenstein"},"url":"https:\/\/www.stachristiana.at\/volksschule-wiener-neustadt\/author\/silvialegenstein\/"}]}},"_links":{"self":[{"href":"https:\/\/www.stachristiana.at\/volksschule-wiener-neustadt\/wp-json\/wp\/v2\/posts\/1710","targetHints":{"allow":["GET"]}}],"collection":[{"href":"https:\/\/www.stachristiana.at\/volksschule-wiener-neustadt\/wp-json\/wp\/v2\/posts"}],"about":[{"href":"https:\/\/www.stachristiana.at\/volksschule-wiener-neustadt\/wp-json\/wp\/v2\/types\/post"}],"author":[{"embeddable":true,"href":"https:\/\/www.stachristiana.at\/volksschule-wiener-neustadt\/wp-json\/wp\/v2\/users\/51"}],"replies":[{"embeddable":true,"href":"https:\/\/www.stachristiana.at\/volksschule-wiener-neustadt\/wp-json\/wp\/v2\/comments?post=1710"}],"version-history":[{"count":5,"href":"https:\/\/www.stachristiana.at\/volksschule-wiener-neustadt\/wp-json\/wp\/v2\/posts\/1710\/revisions"}],"predecessor-version":[{"id":3395,"href":"https:\/\/www.stachristiana.at\/volksschule-wiener-neustadt\/wp-json\/wp\/v2\/posts\/1710\/revisions\/3395"}],"wp:featuredmedia":[{"embeddable":true,"href":"https:\/\/www.stachristiana.at\/volksschule-wiener-neustadt\/wp-json\/wp\/v2\/media\/1709"}],"wp:attachment":[{"href":"https:\/\/www.stachristiana.at\/volksschule-wiener-neustadt\/wp-json\/wp\/v2\/media?parent=1710"}],"wp:term":[{"taxonomy":"category","embeddable":true,"href":"https:\/\/www.stachristiana.at\/volksschule-wiener-neustadt\/wp-json\/wp\/v2\/categories?post=1710"},{"taxonomy":"post_tag","embeddable":true,"href":"https:\/\/www.stachristiana.at\/volksschule-wiener-neustadt\/wp-json\/wp\/v2\/tags?post=1710"}],"curies":[{"name":"wp","href":"https:\/\/api.w.org\/{rel}","templated":true}]}}