{"id":1692,"date":"2023-02-06T10:52:47","date_gmt":"2023-02-06T09:52:47","guid":{"rendered":"https:\/\/www.stachristiana.at\/volksschule-wiener-neustadt\/?p=1692"},"modified":"2025-08-30T20:42:39","modified_gmt":"2025-08-30T18:42:39","slug":"die-vskl-und-1c-turnen","status":"publish","type":"post","link":"https:\/\/www.stachristiana.at\/volksschule-wiener-neustadt\/news-4c-25-26\/die-vskl-und-1c-turnen\/","title":{"rendered":"Die VSKL und 1C turnen"},"content":{"rendered":"\n<p>Donnerstags nutzen wir den Turnsaal f\u00fcr einen gro\u00dfen Ger\u00e4teparcours. Nach dem gemeinsamen Aufbauen der Stationen durchlaufen die VSKL und 1C zusammen die \u00dcbungen. Wir st\u00e4rken unsere Kr\u00e4fte und helfen uns dabei gegenseitig. Das macht Spa\u00df! <\/p>\n\n\n\n<div id=\"gallery-block_7964b269ccf5abebc135272e44ccaf69\" class=\"gallery\">\n\t\t\n\t\t<a href=\"https:\/\/www.stachristiana.at\/app\/uploads\/sites\/10\/2023\/02\/Grueneis_SJ2023-Turnen5.jpg\" class=\"gallery-item\" data-caption=\"&lt;strong&gt;Turnen VSKL &amp;amp; 1C&lt;\/strong&gt;\" data-fancybox=\"gallery-block_7964b269ccf5abebc135272e44ccaf69\" data-width=\"800\" data-height=\"600\"><img loading=\"lazy\" decoding=\"async\" width=\"400\" height=\"300\" src=\"https:\/\/www.stachristiana.at\/app\/uploads\/sites\/10\/2023\/02\/Grueneis_SJ2023-Turnen5-400x300.jpg\" class=\"attachment-medium size-medium\" alt=\"\" srcset=\"https:\/\/www.stachristiana.at\/app\/uploads\/sites\/10\/2023\/02\/Grueneis_SJ2023-Turnen5-400x300.jpg 400w, https:\/\/www.stachristiana.at\/app\/uploads\/sites\/10\/2023\/02\/Grueneis_SJ2023-Turnen5-768x576.jpg 768w, https:\/\/www.stachristiana.at\/app\/uploads\/sites\/10\/2023\/02\/Grueneis_SJ2023-Turnen5-613x460.jpg 613w, https:\/\/www.stachristiana.at\/app\/uploads\/sites\/10\/2023\/02\/Grueneis_SJ2023-Turnen5-100x75.jpg 100w, https:\/\/www.stachristiana.at\/app\/uploads\/sites\/10\/2023\/02\/Grueneis_SJ2023-Turnen5.jpg 800w\" sizes=\"auto, (max-width: 400px) 100vw, 400px\" \/><\/a>\n\n\t\t\n\t\t<a href=\"https:\/\/www.stachristiana.at\/app\/uploads\/sites\/10\/2023\/02\/Grueneis_SJ2023-Turnen4.jpg\" class=\"gallery-item\" data-caption=\"&lt;strong&gt;Turnen VSKL &amp;amp; 1C&lt;\/strong&gt;\" data-fancybox=\"gallery-block_7964b269ccf5abebc135272e44ccaf69\" data-width=\"800\" data-height=\"600\"><img loading=\"lazy\" decoding=\"async\" width=\"400\" height=\"300\" src=\"https:\/\/www.stachristiana.at\/app\/uploads\/sites\/10\/2023\/02\/Grueneis_SJ2023-Turnen4-400x300.jpg\" class=\"attachment-medium size-medium\" alt=\"\" srcset=\"https:\/\/www.stachristiana.at\/app\/uploads\/sites\/10\/2023\/02\/Grueneis_SJ2023-Turnen4-400x300.jpg 400w, https:\/\/www.stachristiana.at\/app\/uploads\/sites\/10\/2023\/02\/Grueneis_SJ2023-Turnen4-768x576.jpg 768w, https:\/\/www.stachristiana.at\/app\/uploads\/sites\/10\/2023\/02\/Grueneis_SJ2023-Turnen4-613x460.jpg 613w, https:\/\/www.stachristiana.at\/app\/uploads\/sites\/10\/2023\/02\/Grueneis_SJ2023-Turnen4-100x75.jpg 100w, https:\/\/www.stachristiana.at\/app\/uploads\/sites\/10\/2023\/02\/Grueneis_SJ2023-Turnen4.jpg 800w\" sizes=\"auto, (max-width: 400px) 100vw, 400px\" \/><\/a>\n\n\t\t\n\t\t<a href=\"https:\/\/www.stachristiana.at\/app\/uploads\/sites\/10\/2023\/02\/Grueneis_SJ2023-Turnen2.jpg\" class=\"gallery-item\" data-caption=\"&lt;strong&gt;Turnen VSKL &amp;amp; 1C&lt;\/strong&gt;\" data-fancybox=\"gallery-block_7964b269ccf5abebc135272e44ccaf69\" data-width=\"800\" data-height=\"600\"><img loading=\"lazy\" decoding=\"async\" width=\"400\" height=\"300\" src=\"https:\/\/www.stachristiana.at\/app\/uploads\/sites\/10\/2023\/02\/Grueneis_SJ2023-Turnen2-400x300.jpg\" class=\"attachment-medium size-medium\" alt=\"\" srcset=\"https:\/\/www.stachristiana.at\/app\/uploads\/sites\/10\/2023\/02\/Grueneis_SJ2023-Turnen2-400x300.jpg 400w, https:\/\/www.stachristiana.at\/app\/uploads\/sites\/10\/2023\/02\/Grueneis_SJ2023-Turnen2-768x576.jpg 768w, https:\/\/www.stachristiana.at\/app\/uploads\/sites\/10\/2023\/02\/Grueneis_SJ2023-Turnen2-613x460.jpg 613w, https:\/\/www.stachristiana.at\/app\/uploads\/sites\/10\/2023\/02\/Grueneis_SJ2023-Turnen2-100x75.jpg 100w, https:\/\/www.stachristiana.at\/app\/uploads\/sites\/10\/2023\/02\/Grueneis_SJ2023-Turnen2.jpg 800w\" sizes=\"auto, (max-width: 400px) 100vw, 400px\" \/><\/a>\n\n\t\t\n\t\t<a href=\"https:\/\/www.stachristiana.at\/app\/uploads\/sites\/10\/2023\/02\/Grueneis_SJ2023-Turnen1.jpg\" class=\"gallery-item\" data-caption=\"&lt;strong&gt;Turnen VSKL &amp;amp; 1C&lt;\/strong&gt;\" data-fancybox=\"gallery-block_7964b269ccf5abebc135272e44ccaf69\" data-width=\"800\" data-height=\"600\"><img loading=\"lazy\" decoding=\"async\" width=\"400\" height=\"300\" src=\"https:\/\/www.stachristiana.at\/app\/uploads\/sites\/10\/2023\/02\/Grueneis_SJ2023-Turnen1-400x300.jpg\" class=\"attachment-medium size-medium\" alt=\"\" srcset=\"https:\/\/www.stachristiana.at\/app\/uploads\/sites\/10\/2023\/02\/Grueneis_SJ2023-Turnen1-400x300.jpg 400w, https:\/\/www.stachristiana.at\/app\/uploads\/sites\/10\/2023\/02\/Grueneis_SJ2023-Turnen1-768x576.jpg 768w, https:\/\/www.stachristiana.at\/app\/uploads\/sites\/10\/2023\/02\/Grueneis_SJ2023-Turnen1-613x460.jpg 613w, https:\/\/www.stachristiana.at\/app\/uploads\/sites\/10\/2023\/02\/Grueneis_SJ2023-Turnen1-100x75.jpg 100w, https:\/\/www.stachristiana.at\/app\/uploads\/sites\/10\/2023\/02\/Grueneis_SJ2023-Turnen1.jpg 800w\" sizes=\"auto, (max-width: 400px) 100vw, 400px\" \/><\/a>\n\n\t<\/div>\n\n","protected":false},"excerpt":{"rendered":"<p>Donnerstags nutzen wir den Turnsaal f\u00fcr einen gro\u00dfen Ger\u00e4teparcours. Nach dem gemeinsamen Aufbauen der Stationen durchlaufen die VSKL und 1C zusammen die \u00dcbungen. Wir st\u00e4rken unsere Kr\u00e4fte und helfen uns dabei gegenseitig. Das macht Spa\u00df!<\/p>\n","protected":false},"author":43,"featured_media":1679,"comment_status":"closed","ping_status":"closed","sticky":false,"template":"","format":"standard","meta":{"footnotes":""},"categories":[1,11,25],"tags":[],"class_list":["post-1692","post","type-post","status-publish","format-standard","has-post-thumbnail","hentry","category-news","category-news-4c-25-26","category-news-sport"],"acf":[],"yoast_head":"<!-- This site is optimized with the Yoast SEO plugin v26.8 - https:\/\/yoast.com\/product\/yoast-seo-wordpress\/ -->\n<title>Die VSKL und 1C turnen - Volksschule Wr. Neustadt<\/title>\n<meta name=\"robots\" content=\"index, follow, max-snippet:-1, max-image-preview:large, max-video-preview:-1\" \/>\n<link rel=\"canonical\" href=\"https:\/\/www.stachristiana.at\/volksschule-wiener-neustadt\/news\/die-vskl-und-1c-turnen\/\" \/>\n<meta property=\"og:locale\" content=\"de_DE\" \/>\n<meta property=\"og:type\" content=\"article\" \/>\n<meta property=\"og:title\" content=\"Die VSKL und 1C turnen - Volksschule Wr. Neustadt\" \/>\n<meta property=\"og:description\" content=\"Donnerstags nutzen wir den Turnsaal f\u00fcr einen gro\u00dfen Ger\u00e4teparcours. Nach dem gemeinsamen Aufbauen der Stationen durchlaufen die VSKL und 1C zusammen die \u00dcbungen. Wir st\u00e4rken unsere Kr\u00e4fte und helfen uns dabei gegenseitig. Das macht Spa\u00df!\" \/>\n<meta property=\"og:url\" content=\"https:\/\/www.stachristiana.at\/volksschule-wiener-neustadt\/news\/die-vskl-und-1c-turnen\/\" \/>\n<meta property=\"og:site_name\" content=\"Volksschule Wr. Neustadt\" \/>\n<meta property=\"article:published_time\" content=\"2023-02-06T09:52:47+00:00\" \/>\n<meta property=\"article:modified_time\" content=\"2025-08-30T18:42:39+00:00\" \/>\n<meta property=\"og:image\" content=\"https:\/\/www.stachristiana.at\/app\/uploads\/sites\/10\/2023\/02\/Grueneis_2023-Turnen.jpg\" \/>\n\t<meta property=\"og:image:width\" content=\"800\" \/>\n\t<meta property=\"og:image:height\" content=\"600\" \/>\n\t<meta property=\"og:image:type\" content=\"image\/jpeg\" \/>\n<meta name=\"author\" content=\"katharinagrueneis\" \/>\n<meta name=\"twitter:card\" content=\"summary_large_image\" \/>\n<meta name=\"twitter:label1\" content=\"Verfasst von\" \/>\n\t<meta name=\"twitter:data1\" content=\"katharinagrueneis\" \/>\n\t<meta name=\"twitter:label2\" content=\"Gesch\u00e4tzte Lesezeit\" \/>\n\t<meta name=\"twitter:data2\" content=\"1\u00a0Minute\" \/>\n<script type=\"application\/ld+json\" class=\"yoast-schema-graph\">{\"@context\":\"https:\/\/schema.org\",\"@graph\":[{\"@type\":\"Article\",\"@id\":\"https:\/\/www.stachristiana.at\/volksschule-wiener-neustadt\/news\/die-vskl-und-1c-turnen\/#article\",\"isPartOf\":{\"@id\":\"https:\/\/www.stachristiana.at\/volksschule-wiener-neustadt\/news\/die-vskl-und-1c-turnen\/\"},\"author\":{\"name\":\"katharinagrueneis\",\"@id\":\"https:\/\/www.stachristiana.at\/volksschule-wiener-neustadt\/#\/schema\/person\/3e74032bbcf7b4b58a7fd94f7aa70830\"},\"headline\":\"Die VSKL und 1C turnen\",\"datePublished\":\"2023-02-06T09:52:47+00:00\",\"dateModified\":\"2025-08-30T18:42:39+00:00\",\"mainEntityOfPage\":{\"@id\":\"https:\/\/www.stachristiana.at\/volksschule-wiener-neustadt\/news\/die-vskl-und-1c-turnen\/\"},\"wordCount\":45,\"publisher\":{\"@id\":\"https:\/\/www.stachristiana.at\/volksschule-wiener-neustadt\/#organization\"},\"image\":{\"@id\":\"https:\/\/www.stachristiana.at\/volksschule-wiener-neustadt\/news\/die-vskl-und-1c-turnen\/#primaryimage\"},\"thumbnailUrl\":\"https:\/\/www.stachristiana.at\/app\/uploads\/sites\/10\/2023\/02\/Grueneis_2023-Turnen.jpg\",\"articleSection\":[\"News\",\"News 4c 25\/26\",\"News Sport\"],\"inLanguage\":\"de\"},{\"@type\":\"WebPage\",\"@id\":\"https:\/\/www.stachristiana.at\/volksschule-wiener-neustadt\/news\/die-vskl-und-1c-turnen\/\",\"url\":\"https:\/\/www.stachristiana.at\/volksschule-wiener-neustadt\/news\/die-vskl-und-1c-turnen\/\",\"name\":\"Die VSKL und 1C turnen - Volksschule Wr. Neustadt\",\"isPartOf\":{\"@id\":\"https:\/\/www.stachristiana.at\/volksschule-wiener-neustadt\/#website\"},\"primaryImageOfPage\":{\"@id\":\"https:\/\/www.stachristiana.at\/volksschule-wiener-neustadt\/news\/die-vskl-und-1c-turnen\/#primaryimage\"},\"image\":{\"@id\":\"https:\/\/www.stachristiana.at\/volksschule-wiener-neustadt\/news\/die-vskl-und-1c-turnen\/#primaryimage\"},\"thumbnailUrl\":\"https:\/\/www.stachristiana.at\/app\/uploads\/sites\/10\/2023\/02\/Grueneis_2023-Turnen.jpg\",\"datePublished\":\"2023-02-06T09:52:47+00:00\",\"dateModified\":\"2025-08-30T18:42:39+00:00\",\"breadcrumb\":{\"@id\":\"https:\/\/www.stachristiana.at\/volksschule-wiener-neustadt\/news\/die-vskl-und-1c-turnen\/#breadcrumb\"},\"inLanguage\":\"de\",\"potentialAction\":[{\"@type\":\"ReadAction\",\"target\":[\"https:\/\/www.stachristiana.at\/volksschule-wiener-neustadt\/news\/die-vskl-und-1c-turnen\/\"]}]},{\"@type\":\"ImageObject\",\"inLanguage\":\"de\",\"@id\":\"https:\/\/www.stachristiana.at\/volksschule-wiener-neustadt\/news\/die-vskl-und-1c-turnen\/#primaryimage\",\"url\":\"https:\/\/www.stachristiana.at\/app\/uploads\/sites\/10\/2023\/02\/Grueneis_2023-Turnen.jpg\",\"contentUrl\":\"https:\/\/www.stachristiana.at\/app\/uploads\/sites\/10\/2023\/02\/Grueneis_2023-Turnen.jpg\",\"width\":800,\"height\":600},{\"@type\":\"BreadcrumbList\",\"@id\":\"https:\/\/www.stachristiana.at\/volksschule-wiener-neustadt\/news\/die-vskl-und-1c-turnen\/#breadcrumb\",\"itemListElement\":[{\"@type\":\"ListItem\",\"position\":1,\"name\":\"Start\",\"item\":\"https:\/\/www.stachristiana.at\/\"},{\"@type\":\"ListItem\",\"position\":2,\"name\":\"News 4c 25\/26\",\"item\":\"https:\/\/www.stachristiana.at\/volksschule-wiener-neustadt\/berichte\/news-4c-25-26\/\"},{\"@type\":\"ListItem\",\"position\":3,\"name\":\"Die VSKL und 1C turnen\"}]},{\"@type\":\"WebSite\",\"@id\":\"https:\/\/www.stachristiana.at\/volksschule-wiener-neustadt\/#website\",\"url\":\"https:\/\/www.stachristiana.at\/volksschule-wiener-neustadt\/\",\"name\":\"Sta. Christiana - Private Volksschule Wr. Neustadt\",\"description\":\"Sta. Christiana - Schulen zum Leben\",\"publisher\":{\"@id\":\"https:\/\/www.stachristiana.at\/volksschule-wiener-neustadt\/#organization\"},\"alternateName\":\"Private Volksschule Wr. Neustadt\",\"potentialAction\":[{\"@type\":\"SearchAction\",\"target\":{\"@type\":\"EntryPoint\",\"urlTemplate\":\"https:\/\/www.stachristiana.at\/volksschule-wiener-neustadt\/?s={search_term_string}\"},\"query-input\":{\"@type\":\"PropertyValueSpecification\",\"valueRequired\":true,\"valueName\":\"search_term_string\"}}],\"inLanguage\":\"de\"},{\"@type\":\"Organization\",\"@id\":\"https:\/\/www.stachristiana.at\/volksschule-wiener-neustadt\/#organization\",\"name\":\"Sta. Christiana - Private Volksschule Wr. Neustadt\",\"alternateName\":\"Private Volksschule Wr. Neustadt\",\"url\":\"https:\/\/www.stachristiana.at\/volksschule-wiener-neustadt\/\",\"logo\":{\"@type\":\"ImageObject\",\"inLanguage\":\"de\",\"@id\":\"https:\/\/www.stachristiana.at\/volksschule-wiener-neustadt\/#\/schema\/logo\/image\/\",\"url\":\"https:\/\/www.stachristiana.at\/app\/uploads\/sites\/10\/2022\/05\/logo-sta-christiana.png\",\"contentUrl\":\"https:\/\/www.stachristiana.at\/app\/uploads\/sites\/10\/2022\/05\/logo-sta-christiana.png\",\"width\":1200,\"height\":491,\"caption\":\"Sta. Christiana - Private Volksschule Wr. Neustadt\"},\"image\":{\"@id\":\"https:\/\/www.stachristiana.at\/volksschule-wiener-neustadt\/#\/schema\/logo\/image\/\"}},{\"@type\":\"Person\",\"@id\":\"https:\/\/www.stachristiana.at\/volksschule-wiener-neustadt\/#\/schema\/person\/3e74032bbcf7b4b58a7fd94f7aa70830\",\"name\":\"katharinagrueneis\",\"image\":{\"@type\":\"ImageObject\",\"inLanguage\":\"de\",\"@id\":\"https:\/\/www.stachristiana.at\/volksschule-wiener-neustadt\/#\/schema\/person\/image\/\",\"url\":\"https:\/\/secure.gravatar.com\/avatar\/e20f0fab82e0fd043a9f71e8874f30bb8e2d306ecd5aa6a2e9ceafccc2b50222?s=96&d=mm&r=g\",\"contentUrl\":\"https:\/\/secure.gravatar.com\/avatar\/e20f0fab82e0fd043a9f71e8874f30bb8e2d306ecd5aa6a2e9ceafccc2b50222?s=96&d=mm&r=g\",\"caption\":\"katharinagrueneis\"},\"url\":\"https:\/\/www.stachristiana.at\/volksschule-wiener-neustadt\/author\/katharinagrueneis\/\"}]}<\/script>\n<!-- \/ Yoast SEO plugin. -->","yoast_head_json":{"title":"Die VSKL und 1C turnen - Volksschule Wr. Neustadt","robots":{"index":"index","follow":"follow","max-snippet":"max-snippet:-1","max-image-preview":"max-image-preview:large","max-video-preview":"max-video-preview:-1"},"canonical":"https:\/\/www.stachristiana.at\/volksschule-wiener-neustadt\/news\/die-vskl-und-1c-turnen\/","og_locale":"de_DE","og_type":"article","og_title":"Die VSKL und 1C turnen - Volksschule Wr. Neustadt","og_description":"Donnerstags nutzen wir den Turnsaal f\u00fcr einen gro\u00dfen Ger\u00e4teparcours. Nach dem gemeinsamen Aufbauen der Stationen durchlaufen die VSKL und 1C zusammen die \u00dcbungen. Wir st\u00e4rken unsere Kr\u00e4fte und helfen uns dabei gegenseitig. Das macht Spa\u00df!","og_url":"https:\/\/www.stachristiana.at\/volksschule-wiener-neustadt\/news\/die-vskl-und-1c-turnen\/","og_site_name":"Volksschule Wr. Neustadt","article_published_time":"2023-02-06T09:52:47+00:00","article_modified_time":"2025-08-30T18:42:39+00:00","og_image":[{"width":800,"height":600,"url":"https:\/\/www.stachristiana.at\/app\/uploads\/sites\/10\/2023\/02\/Grueneis_2023-Turnen.jpg","type":"image\/jpeg"}],"author":"katharinagrueneis","twitter_card":"summary_large_image","twitter_misc":{"Verfasst von":"katharinagrueneis","Gesch\u00e4tzte Lesezeit":"1\u00a0Minute"},"schema":{"@context":"https:\/\/schema.org","@graph":[{"@type":"Article","@id":"https:\/\/www.stachristiana.at\/volksschule-wiener-neustadt\/news\/die-vskl-und-1c-turnen\/#article","isPartOf":{"@id":"https:\/\/www.stachristiana.at\/volksschule-wiener-neustadt\/news\/die-vskl-und-1c-turnen\/"},"author":{"name":"katharinagrueneis","@id":"https:\/\/www.stachristiana.at\/volksschule-wiener-neustadt\/#\/schema\/person\/3e74032bbcf7b4b58a7fd94f7aa70830"},"headline":"Die VSKL und 1C turnen","datePublished":"2023-02-06T09:52:47+00:00","dateModified":"2025-08-30T18:42:39+00:00","mainEntityOfPage":{"@id":"https:\/\/www.stachristiana.at\/volksschule-wiener-neustadt\/news\/die-vskl-und-1c-turnen\/"},"wordCount":45,"publisher":{"@id":"https:\/\/www.stachristiana.at\/volksschule-wiener-neustadt\/#organization"},"image":{"@id":"https:\/\/www.stachristiana.at\/volksschule-wiener-neustadt\/news\/die-vskl-und-1c-turnen\/#primaryimage"},"thumbnailUrl":"https:\/\/www.stachristiana.at\/app\/uploads\/sites\/10\/2023\/02\/Grueneis_2023-Turnen.jpg","articleSection":["News","News 4c 25\/26","News Sport"],"inLanguage":"de"},{"@type":"WebPage","@id":"https:\/\/www.stachristiana.at\/volksschule-wiener-neustadt\/news\/die-vskl-und-1c-turnen\/","url":"https:\/\/www.stachristiana.at\/volksschule-wiener-neustadt\/news\/die-vskl-und-1c-turnen\/","name":"Die VSKL und 1C turnen - Volksschule Wr. Neustadt","isPartOf":{"@id":"https:\/\/www.stachristiana.at\/volksschule-wiener-neustadt\/#website"},"primaryImageOfPage":{"@id":"https:\/\/www.stachristiana.at\/volksschule-wiener-neustadt\/news\/die-vskl-und-1c-turnen\/#primaryimage"},"image":{"@id":"https:\/\/www.stachristiana.at\/volksschule-wiener-neustadt\/news\/die-vskl-und-1c-turnen\/#primaryimage"},"thumbnailUrl":"https:\/\/www.stachristiana.at\/app\/uploads\/sites\/10\/2023\/02\/Grueneis_2023-Turnen.jpg","datePublished":"2023-02-06T09:52:47+00:00","dateModified":"2025-08-30T18:42:39+00:00","breadcrumb":{"@id":"https:\/\/www.stachristiana.at\/volksschule-wiener-neustadt\/news\/die-vskl-und-1c-turnen\/#breadcrumb"},"inLanguage":"de","potentialAction":[{"@type":"ReadAction","target":["https:\/\/www.stachristiana.at\/volksschule-wiener-neustadt\/news\/die-vskl-und-1c-turnen\/"]}]},{"@type":"ImageObject","inLanguage":"de","@id":"https:\/\/www.stachristiana.at\/volksschule-wiener-neustadt\/news\/die-vskl-und-1c-turnen\/#primaryimage","url":"https:\/\/www.stachristiana.at\/app\/uploads\/sites\/10\/2023\/02\/Grueneis_2023-Turnen.jpg","contentUrl":"https:\/\/www.stachristiana.at\/app\/uploads\/sites\/10\/2023\/02\/Grueneis_2023-Turnen.jpg","width":800,"height":600},{"@type":"BreadcrumbList","@id":"https:\/\/www.stachristiana.at\/volksschule-wiener-neustadt\/news\/die-vskl-und-1c-turnen\/#breadcrumb","itemListElement":[{"@type":"ListItem","position":1,"name":"Start","item":"https:\/\/www.stachristiana.at\/"},{"@type":"ListItem","position":2,"name":"News 4c 25\/26","item":"https:\/\/www.stachristiana.at\/volksschule-wiener-neustadt\/berichte\/news-4c-25-26\/"},{"@type":"ListItem","position":3,"name":"Die VSKL und 1C turnen"}]},{"@type":"WebSite","@id":"https:\/\/www.stachristiana.at\/volksschule-wiener-neustadt\/#website","url":"https:\/\/www.stachristiana.at\/volksschule-wiener-neustadt\/","name":"Sta. Christiana - Private Volksschule Wr. Neustadt","description":"Sta. Christiana - Schulen zum Leben","publisher":{"@id":"https:\/\/www.stachristiana.at\/volksschule-wiener-neustadt\/#organization"},"alternateName":"Private Volksschule Wr. Neustadt","potentialAction":[{"@type":"SearchAction","target":{"@type":"EntryPoint","urlTemplate":"https:\/\/www.stachristiana.at\/volksschule-wiener-neustadt\/?s={search_term_string}"},"query-input":{"@type":"PropertyValueSpecification","valueRequired":true,"valueName":"search_term_string"}}],"inLanguage":"de"},{"@type":"Organization","@id":"https:\/\/www.stachristiana.at\/volksschule-wiener-neustadt\/#organization","name":"Sta. Christiana - Private Volksschule Wr. Neustadt","alternateName":"Private Volksschule Wr. Neustadt","url":"https:\/\/www.stachristiana.at\/volksschule-wiener-neustadt\/","logo":{"@type":"ImageObject","inLanguage":"de","@id":"https:\/\/www.stachristiana.at\/volksschule-wiener-neustadt\/#\/schema\/logo\/image\/","url":"https:\/\/www.stachristiana.at\/app\/uploads\/sites\/10\/2022\/05\/logo-sta-christiana.png","contentUrl":"https:\/\/www.stachristiana.at\/app\/uploads\/sites\/10\/2022\/05\/logo-sta-christiana.png","width":1200,"height":491,"caption":"Sta. Christiana - Private Volksschule Wr. Neustadt"},"image":{"@id":"https:\/\/www.stachristiana.at\/volksschule-wiener-neustadt\/#\/schema\/logo\/image\/"}},{"@type":"Person","@id":"https:\/\/www.stachristiana.at\/volksschule-wiener-neustadt\/#\/schema\/person\/3e74032bbcf7b4b58a7fd94f7aa70830","name":"katharinagrueneis","image":{"@type":"ImageObject","inLanguage":"de","@id":"https:\/\/www.stachristiana.at\/volksschule-wiener-neustadt\/#\/schema\/person\/image\/","url":"https:\/\/secure.gravatar.com\/avatar\/e20f0fab82e0fd043a9f71e8874f30bb8e2d306ecd5aa6a2e9ceafccc2b50222?s=96&d=mm&r=g","contentUrl":"https:\/\/secure.gravatar.com\/avatar\/e20f0fab82e0fd043a9f71e8874f30bb8e2d306ecd5aa6a2e9ceafccc2b50222?s=96&d=mm&r=g","caption":"katharinagrueneis"},"url":"https:\/\/www.stachristiana.at\/volksschule-wiener-neustadt\/author\/katharinagrueneis\/"}]}},"_links":{"self":[{"href":"https:\/\/www.stachristiana.at\/volksschule-wiener-neustadt\/wp-json\/wp\/v2\/posts\/1692","targetHints":{"allow":["GET"]}}],"collection":[{"href":"https:\/\/www.stachristiana.at\/volksschule-wiener-neustadt\/wp-json\/wp\/v2\/posts"}],"about":[{"href":"https:\/\/www.stachristiana.at\/volksschule-wiener-neustadt\/wp-json\/wp\/v2\/types\/post"}],"author":[{"embeddable":true,"href":"https:\/\/www.stachristiana.at\/volksschule-wiener-neustadt\/wp-json\/wp\/v2\/users\/43"}],"replies":[{"embeddable":true,"href":"https:\/\/www.stachristiana.at\/volksschule-wiener-neustadt\/wp-json\/wp\/v2\/comments?post=1692"}],"version-history":[{"count":3,"href":"https:\/\/www.stachristiana.at\/volksschule-wiener-neustadt\/wp-json\/wp\/v2\/posts\/1692\/revisions"}],"predecessor-version":[{"id":1695,"href":"https:\/\/www.stachristiana.at\/volksschule-wiener-neustadt\/wp-json\/wp\/v2\/posts\/1692\/revisions\/1695"}],"wp:featuredmedia":[{"embeddable":true,"href":"https:\/\/www.stachristiana.at\/volksschule-wiener-neustadt\/wp-json\/wp\/v2\/media\/1679"}],"wp:attachment":[{"href":"https:\/\/www.stachristiana.at\/volksschule-wiener-neustadt\/wp-json\/wp\/v2\/media?parent=1692"}],"wp:term":[{"taxonomy":"category","embeddable":true,"href":"https:\/\/www.stachristiana.at\/volksschule-wiener-neustadt\/wp-json\/wp\/v2\/categories?post=1692"},{"taxonomy":"post_tag","embeddable":true,"href":"https:\/\/www.stachristiana.at\/volksschule-wiener-neustadt\/wp-json\/wp\/v2\/tags?post=1692"}],"curies":[{"name":"wp","href":"https:\/\/api.w.org\/{rel}","templated":true}]}}