{"id":1640,"date":"2023-02-05T12:27:29","date_gmt":"2023-02-05T11:27:29","guid":{"rendered":"https:\/\/www.stachristiana.at\/volksschule-wiener-neustadt\/?p=1640"},"modified":"2023-02-05T12:28:26","modified_gmt":"2023-02-05T11:28:26","slug":"weihnachten-in-aller-welt","status":"publish","type":"post","link":"https:\/\/www.stachristiana.at\/volksschule-wiener-neustadt\/news\/weihnachten-in-aller-welt\/","title":{"rendered":"Weihnachten in aller Welt"},"content":{"rendered":"\n<p>Im Zuge eines Partnerklassenprojekts besch\u00e4ftigten sich die Kinder der 1b und 3b mit dem Thema &#8222;Weihnachten in anderen L\u00e4ndern&#8220;. F\u00fcr die gemeinsame Weihnachtsfeier bereiteten die Kinder in Gruppen jeweils ein Land vor und gestalteten ein Plakat mit den wichtigsten Infos.<\/p>\n\n\n\n<p>Dank der flei\u00dfigen Kinder wurde die gemeinsame Weihnachtsfeier zu einem gro\u00dfen Erfolg, die allen G\u00e4sten gut gefiel.<\/p>\n\n\n\n<div id=\"gallery-block_fc37a16637115ff92b490f15454ef1c9\" class=\"gallery\">\n\t\t\n\t\t<a href=\"https:\/\/www.stachristiana.at\/app\/uploads\/sites\/10\/2023\/02\/Weihnachten-in-anderen-Laendern-1.jpg\" class=\"gallery-item\" data-caption=\"&lt;strong&gt;Weihnachten in anderen L\u00e4ndern (1)&lt;\/strong&gt;\" data-fancybox=\"gallery-block_fc37a16637115ff92b490f15454ef1c9\" data-width=\"800\" data-height=\"600\"><img loading=\"lazy\" decoding=\"async\" width=\"400\" height=\"300\" src=\"https:\/\/www.stachristiana.at\/app\/uploads\/sites\/10\/2023\/02\/Weihnachten-in-anderen-Laendern-1-400x300.jpg\" class=\"attachment-medium size-medium\" alt=\"\" srcset=\"https:\/\/www.stachristiana.at\/app\/uploads\/sites\/10\/2023\/02\/Weihnachten-in-anderen-Laendern-1-400x300.jpg 400w, https:\/\/www.stachristiana.at\/app\/uploads\/sites\/10\/2023\/02\/Weihnachten-in-anderen-Laendern-1-768x576.jpg 768w, https:\/\/www.stachristiana.at\/app\/uploads\/sites\/10\/2023\/02\/Weihnachten-in-anderen-Laendern-1-613x460.jpg 613w, https:\/\/www.stachristiana.at\/app\/uploads\/sites\/10\/2023\/02\/Weihnachten-in-anderen-Laendern-1-100x75.jpg 100w, https:\/\/www.stachristiana.at\/app\/uploads\/sites\/10\/2023\/02\/Weihnachten-in-anderen-Laendern-1.jpg 800w\" sizes=\"auto, (max-width: 400px) 100vw, 400px\" \/><\/a>\n\n\t\t\n\t\t<a href=\"https:\/\/www.stachristiana.at\/app\/uploads\/sites\/10\/2023\/02\/Weihnachten-in-anderen-Laendern-2.jpg\" class=\"gallery-item\" data-caption=\"&lt;strong&gt;Weihnachten in anderen L\u00e4ndern (2)&lt;\/strong&gt;\" data-fancybox=\"gallery-block_fc37a16637115ff92b490f15454ef1c9\" data-width=\"800\" data-height=\"600\"><img loading=\"lazy\" decoding=\"async\" width=\"400\" height=\"300\" src=\"https:\/\/www.stachristiana.at\/app\/uploads\/sites\/10\/2023\/02\/Weihnachten-in-anderen-Laendern-2-400x300.jpg\" class=\"attachment-medium size-medium\" alt=\"\" srcset=\"https:\/\/www.stachristiana.at\/app\/uploads\/sites\/10\/2023\/02\/Weihnachten-in-anderen-Laendern-2-400x300.jpg 400w, https:\/\/www.stachristiana.at\/app\/uploads\/sites\/10\/2023\/02\/Weihnachten-in-anderen-Laendern-2-768x576.jpg 768w, https:\/\/www.stachristiana.at\/app\/uploads\/sites\/10\/2023\/02\/Weihnachten-in-anderen-Laendern-2-613x460.jpg 613w, https:\/\/www.stachristiana.at\/app\/uploads\/sites\/10\/2023\/02\/Weihnachten-in-anderen-Laendern-2-100x75.jpg 100w, https:\/\/www.stachristiana.at\/app\/uploads\/sites\/10\/2023\/02\/Weihnachten-in-anderen-Laendern-2.jpg 800w\" sizes=\"auto, (max-width: 400px) 100vw, 400px\" \/><\/a>\n\n\t\t\n\t\t<a href=\"https:\/\/www.stachristiana.at\/app\/uploads\/sites\/10\/2023\/02\/Weihnachten-in-anderen-Laendern-3.jpg\" class=\"gallery-item\" data-caption=\"&lt;strong&gt;Weihnachten in anderen L\u00e4ndern (3)&lt;\/strong&gt;\" data-fancybox=\"gallery-block_fc37a16637115ff92b490f15454ef1c9\" data-width=\"800\" data-height=\"600\"><img loading=\"lazy\" decoding=\"async\" width=\"400\" height=\"300\" src=\"https:\/\/www.stachristiana.at\/app\/uploads\/sites\/10\/2023\/02\/Weihnachten-in-anderen-Laendern-3-400x300.jpg\" class=\"attachment-medium size-medium\" alt=\"\" srcset=\"https:\/\/www.stachristiana.at\/app\/uploads\/sites\/10\/2023\/02\/Weihnachten-in-anderen-Laendern-3-400x300.jpg 400w, https:\/\/www.stachristiana.at\/app\/uploads\/sites\/10\/2023\/02\/Weihnachten-in-anderen-Laendern-3-768x576.jpg 768w, https:\/\/www.stachristiana.at\/app\/uploads\/sites\/10\/2023\/02\/Weihnachten-in-anderen-Laendern-3-613x460.jpg 613w, https:\/\/www.stachristiana.at\/app\/uploads\/sites\/10\/2023\/02\/Weihnachten-in-anderen-Laendern-3-100x75.jpg 100w, https:\/\/www.stachristiana.at\/app\/uploads\/sites\/10\/2023\/02\/Weihnachten-in-anderen-Laendern-3.jpg 800w\" sizes=\"auto, (max-width: 400px) 100vw, 400px\" \/><\/a>\n\n\t\t\n\t\t<a href=\"https:\/\/www.stachristiana.at\/app\/uploads\/sites\/10\/2023\/02\/Weihnachten-in-anderen-Laendern-4.jpg\" class=\"gallery-item\" data-caption=\"&lt;strong&gt;Weihnachten in anderen L\u00e4ndern (4)&lt;\/strong&gt;\" data-fancybox=\"gallery-block_fc37a16637115ff92b490f15454ef1c9\" data-width=\"800\" data-height=\"600\"><img loading=\"lazy\" decoding=\"async\" width=\"400\" height=\"300\" src=\"https:\/\/www.stachristiana.at\/app\/uploads\/sites\/10\/2023\/02\/Weihnachten-in-anderen-Laendern-4-400x300.jpg\" class=\"attachment-medium size-medium\" alt=\"\" srcset=\"https:\/\/www.stachristiana.at\/app\/uploads\/sites\/10\/2023\/02\/Weihnachten-in-anderen-Laendern-4-400x300.jpg 400w, https:\/\/www.stachristiana.at\/app\/uploads\/sites\/10\/2023\/02\/Weihnachten-in-anderen-Laendern-4-768x576.jpg 768w, https:\/\/www.stachristiana.at\/app\/uploads\/sites\/10\/2023\/02\/Weihnachten-in-anderen-Laendern-4-613x460.jpg 613w, https:\/\/www.stachristiana.at\/app\/uploads\/sites\/10\/2023\/02\/Weihnachten-in-anderen-Laendern-4-100x75.jpg 100w, https:\/\/www.stachristiana.at\/app\/uploads\/sites\/10\/2023\/02\/Weihnachten-in-anderen-Laendern-4.jpg 800w\" sizes=\"auto, (max-width: 400px) 100vw, 400px\" \/><\/a>\n\n\t\t\n\t\t<a href=\"https:\/\/www.stachristiana.at\/app\/uploads\/sites\/10\/2023\/02\/Weihnachten-in-anderen-Laendern-5.jpg\" class=\"gallery-item\" data-caption=\"&lt;strong&gt;Weihnachten in anderen L\u00e4ndern (5)&lt;\/strong&gt;\" data-fancybox=\"gallery-block_fc37a16637115ff92b490f15454ef1c9\" data-width=\"800\" data-height=\"600\"><img loading=\"lazy\" decoding=\"async\" width=\"400\" height=\"300\" src=\"https:\/\/www.stachristiana.at\/app\/uploads\/sites\/10\/2023\/02\/Weihnachten-in-anderen-Laendern-5-400x300.jpg\" class=\"attachment-medium size-medium\" alt=\"\" srcset=\"https:\/\/www.stachristiana.at\/app\/uploads\/sites\/10\/2023\/02\/Weihnachten-in-anderen-Laendern-5-400x300.jpg 400w, https:\/\/www.stachristiana.at\/app\/uploads\/sites\/10\/2023\/02\/Weihnachten-in-anderen-Laendern-5-768x576.jpg 768w, https:\/\/www.stachristiana.at\/app\/uploads\/sites\/10\/2023\/02\/Weihnachten-in-anderen-Laendern-5-613x460.jpg 613w, https:\/\/www.stachristiana.at\/app\/uploads\/sites\/10\/2023\/02\/Weihnachten-in-anderen-Laendern-5-100x75.jpg 100w, https:\/\/www.stachristiana.at\/app\/uploads\/sites\/10\/2023\/02\/Weihnachten-in-anderen-Laendern-5.jpg 800w\" sizes=\"auto, (max-width: 400px) 100vw, 400px\" \/><\/a>\n\n\t\t\n\t\t<a href=\"https:\/\/www.stachristiana.at\/app\/uploads\/sites\/10\/2023\/02\/Weihnachten-in-anderen-Laendern-6.jpg\" class=\"gallery-item\" data-caption=\"&lt;strong&gt;Weihnachten in anderen L\u00e4ndern (6)&lt;\/strong&gt;\" data-fancybox=\"gallery-block_fc37a16637115ff92b490f15454ef1c9\" data-width=\"800\" data-height=\"600\"><img loading=\"lazy\" decoding=\"async\" width=\"400\" height=\"300\" src=\"https:\/\/www.stachristiana.at\/app\/uploads\/sites\/10\/2023\/02\/Weihnachten-in-anderen-Laendern-6-400x300.jpg\" class=\"attachment-medium size-medium\" alt=\"\" srcset=\"https:\/\/www.stachristiana.at\/app\/uploads\/sites\/10\/2023\/02\/Weihnachten-in-anderen-Laendern-6-400x300.jpg 400w, https:\/\/www.stachristiana.at\/app\/uploads\/sites\/10\/2023\/02\/Weihnachten-in-anderen-Laendern-6-768x576.jpg 768w, https:\/\/www.stachristiana.at\/app\/uploads\/sites\/10\/2023\/02\/Weihnachten-in-anderen-Laendern-6-613x460.jpg 613w, https:\/\/www.stachristiana.at\/app\/uploads\/sites\/10\/2023\/02\/Weihnachten-in-anderen-Laendern-6-100x75.jpg 100w, https:\/\/www.stachristiana.at\/app\/uploads\/sites\/10\/2023\/02\/Weihnachten-in-anderen-Laendern-6.jpg 800w\" sizes=\"auto, (max-width: 400px) 100vw, 400px\" \/><\/a>\n\n\t\t\n\t\t<a href=\"https:\/\/www.stachristiana.at\/app\/uploads\/sites\/10\/2023\/02\/Weihnachten-in-anderen-Laendern-7.jpg\" class=\"gallery-item\" data-caption=\"&lt;strong&gt;Weihnachten in anderen L\u00e4ndern (7)&lt;\/strong&gt;\" data-fancybox=\"gallery-block_fc37a16637115ff92b490f15454ef1c9\" data-width=\"800\" data-height=\"600\"><img loading=\"lazy\" decoding=\"async\" width=\"400\" height=\"300\" src=\"https:\/\/www.stachristiana.at\/app\/uploads\/sites\/10\/2023\/02\/Weihnachten-in-anderen-Laendern-7-400x300.jpg\" class=\"attachment-medium size-medium\" alt=\"\" srcset=\"https:\/\/www.stachristiana.at\/app\/uploads\/sites\/10\/2023\/02\/Weihnachten-in-anderen-Laendern-7-400x300.jpg 400w, https:\/\/www.stachristiana.at\/app\/uploads\/sites\/10\/2023\/02\/Weihnachten-in-anderen-Laendern-7-768x576.jpg 768w, https:\/\/www.stachristiana.at\/app\/uploads\/sites\/10\/2023\/02\/Weihnachten-in-anderen-Laendern-7-613x460.jpg 613w, https:\/\/www.stachristiana.at\/app\/uploads\/sites\/10\/2023\/02\/Weihnachten-in-anderen-Laendern-7-100x75.jpg 100w, https:\/\/www.stachristiana.at\/app\/uploads\/sites\/10\/2023\/02\/Weihnachten-in-anderen-Laendern-7.jpg 800w\" sizes=\"auto, (max-width: 400px) 100vw, 400px\" \/><\/a>\n\n\t<\/div>\n\n","protected":false},"excerpt":{"rendered":"<p>Im Zuge eines Partnerklassenprojekts besch\u00e4ftigten sich die Kinder der 1b und 3b mit dem Thema &#8222;Weihnachten in anderen L\u00e4ndern&#8220;. F\u00fcr die gemeinsame Weihnachtsfeier bereiteten die Kinder in Gruppen jeweils ein Land vor und gestalteten ein Plakat mit den wichtigsten Infos. Dank der flei\u00dfigen Kinder wurde die gemeinsame Weihnachtsfeier zu einem gro\u00dfen Erfolg, die allen G\u00e4sten [&hellip;]<\/p>\n","protected":false},"author":59,"featured_media":1641,"comment_status":"closed","ping_status":"closed","sticky":false,"template":"","format":"standard","meta":{"footnotes":""},"categories":[1,10,26],"tags":[],"class_list":["post-1640","post","type-post","status-publish","format-standard","has-post-thumbnail","hentry","category-news","category-news-4b-25-26","category-news-rel"],"acf":[],"yoast_head":"<!-- This site is optimized with the Yoast SEO plugin v26.8 - https:\/\/yoast.com\/product\/yoast-seo-wordpress\/ -->\n<title>Weihnachten in aller Welt - Volksschule Wr. Neustadt<\/title>\n<meta name=\"robots\" content=\"index, follow, max-snippet:-1, max-image-preview:large, max-video-preview:-1\" \/>\n<link rel=\"canonical\" href=\"https:\/\/www.stachristiana.at\/volksschule-wiener-neustadt\/news\/weihnachten-in-aller-welt\/\" \/>\n<meta property=\"og:locale\" content=\"de_DE\" \/>\n<meta property=\"og:type\" content=\"article\" \/>\n<meta property=\"og:title\" content=\"Weihnachten in aller Welt - Volksschule Wr. Neustadt\" \/>\n<meta property=\"og:description\" content=\"Im Zuge eines Partnerklassenprojekts besch\u00e4ftigten sich die Kinder der 1b und 3b mit dem Thema &#8222;Weihnachten in anderen L\u00e4ndern&#8220;. F\u00fcr die gemeinsame Weihnachtsfeier bereiteten die Kinder in Gruppen jeweils ein Land vor und gestalteten ein Plakat mit den wichtigsten Infos. Dank der flei\u00dfigen Kinder wurde die gemeinsame Weihnachtsfeier zu einem gro\u00dfen Erfolg, die allen G\u00e4sten [&hellip;]\" \/>\n<meta property=\"og:url\" content=\"https:\/\/www.stachristiana.at\/volksschule-wiener-neustadt\/news\/weihnachten-in-aller-welt\/\" \/>\n<meta property=\"og:site_name\" content=\"Volksschule Wr. Neustadt\" \/>\n<meta property=\"article:published_time\" content=\"2023-02-05T11:27:29+00:00\" \/>\n<meta property=\"article:modified_time\" content=\"2023-02-05T11:28:26+00:00\" \/>\n<meta property=\"og:image\" content=\"https:\/\/www.stachristiana.at\/app\/uploads\/sites\/10\/2023\/02\/Weihnachten-in-anderen-Laendern-8.jpg\" \/>\n\t<meta property=\"og:image:width\" content=\"800\" \/>\n\t<meta property=\"og:image:height\" content=\"600\" \/>\n\t<meta property=\"og:image:type\" content=\"image\/jpeg\" \/>\n<meta name=\"author\" content=\"jasminmayerhofer\" \/>\n<meta name=\"twitter:card\" content=\"summary_large_image\" \/>\n<meta name=\"twitter:label1\" content=\"Verfasst von\" \/>\n\t<meta name=\"twitter:data1\" content=\"jasminmayerhofer\" \/>\n\t<meta name=\"twitter:label2\" content=\"Gesch\u00e4tzte Lesezeit\" \/>\n\t<meta name=\"twitter:data2\" content=\"1\u00a0Minute\" \/>\n<script type=\"application\/ld+json\" class=\"yoast-schema-graph\">{\"@context\":\"https:\/\/schema.org\",\"@graph\":[{\"@type\":\"Article\",\"@id\":\"https:\/\/www.stachristiana.at\/volksschule-wiener-neustadt\/news\/weihnachten-in-aller-welt\/#article\",\"isPartOf\":{\"@id\":\"https:\/\/www.stachristiana.at\/volksschule-wiener-neustadt\/news\/weihnachten-in-aller-welt\/\"},\"author\":{\"name\":\"jasminmayerhofer\",\"@id\":\"https:\/\/www.stachristiana.at\/volksschule-wiener-neustadt\/#\/schema\/person\/76c0c2cd2d0e444fb1b584e30563db12\"},\"headline\":\"Weihnachten in aller Welt\",\"datePublished\":\"2023-02-05T11:27:29+00:00\",\"dateModified\":\"2023-02-05T11:28:26+00:00\",\"mainEntityOfPage\":{\"@id\":\"https:\/\/www.stachristiana.at\/volksschule-wiener-neustadt\/news\/weihnachten-in-aller-welt\/\"},\"wordCount\":67,\"publisher\":{\"@id\":\"https:\/\/www.stachristiana.at\/volksschule-wiener-neustadt\/#organization\"},\"image\":{\"@id\":\"https:\/\/www.stachristiana.at\/volksschule-wiener-neustadt\/news\/weihnachten-in-aller-welt\/#primaryimage\"},\"thumbnailUrl\":\"https:\/\/www.stachristiana.at\/app\/uploads\/sites\/10\/2023\/02\/Weihnachten-in-anderen-Laendern-8.jpg\",\"articleSection\":[\"News\",\"News 4b 25\/26\",\"News REL\"],\"inLanguage\":\"de\"},{\"@type\":\"WebPage\",\"@id\":\"https:\/\/www.stachristiana.at\/volksschule-wiener-neustadt\/news\/weihnachten-in-aller-welt\/\",\"url\":\"https:\/\/www.stachristiana.at\/volksschule-wiener-neustadt\/news\/weihnachten-in-aller-welt\/\",\"name\":\"Weihnachten in aller Welt - Volksschule Wr. Neustadt\",\"isPartOf\":{\"@id\":\"https:\/\/www.stachristiana.at\/volksschule-wiener-neustadt\/#website\"},\"primaryImageOfPage\":{\"@id\":\"https:\/\/www.stachristiana.at\/volksschule-wiener-neustadt\/news\/weihnachten-in-aller-welt\/#primaryimage\"},\"image\":{\"@id\":\"https:\/\/www.stachristiana.at\/volksschule-wiener-neustadt\/news\/weihnachten-in-aller-welt\/#primaryimage\"},\"thumbnailUrl\":\"https:\/\/www.stachristiana.at\/app\/uploads\/sites\/10\/2023\/02\/Weihnachten-in-anderen-Laendern-8.jpg\",\"datePublished\":\"2023-02-05T11:27:29+00:00\",\"dateModified\":\"2023-02-05T11:28:26+00:00\",\"breadcrumb\":{\"@id\":\"https:\/\/www.stachristiana.at\/volksschule-wiener-neustadt\/news\/weihnachten-in-aller-welt\/#breadcrumb\"},\"inLanguage\":\"de\",\"potentialAction\":[{\"@type\":\"ReadAction\",\"target\":[\"https:\/\/www.stachristiana.at\/volksschule-wiener-neustadt\/news\/weihnachten-in-aller-welt\/\"]}]},{\"@type\":\"ImageObject\",\"inLanguage\":\"de\",\"@id\":\"https:\/\/www.stachristiana.at\/volksschule-wiener-neustadt\/news\/weihnachten-in-aller-welt\/#primaryimage\",\"url\":\"https:\/\/www.stachristiana.at\/app\/uploads\/sites\/10\/2023\/02\/Weihnachten-in-anderen-Laendern-8.jpg\",\"contentUrl\":\"https:\/\/www.stachristiana.at\/app\/uploads\/sites\/10\/2023\/02\/Weihnachten-in-anderen-Laendern-8.jpg\",\"width\":800,\"height\":600},{\"@type\":\"BreadcrumbList\",\"@id\":\"https:\/\/www.stachristiana.at\/volksschule-wiener-neustadt\/news\/weihnachten-in-aller-welt\/#breadcrumb\",\"itemListElement\":[{\"@type\":\"ListItem\",\"position\":1,\"name\":\"Start\",\"item\":\"https:\/\/www.stachristiana.at\/\"},{\"@type\":\"ListItem\",\"position\":2,\"name\":\"News\",\"item\":\"https:\/\/www.stachristiana.at\/volksschule-wiener-neustadt\/berichte\/news\/\"},{\"@type\":\"ListItem\",\"position\":3,\"name\":\"Weihnachten in aller Welt\"}]},{\"@type\":\"WebSite\",\"@id\":\"https:\/\/www.stachristiana.at\/volksschule-wiener-neustadt\/#website\",\"url\":\"https:\/\/www.stachristiana.at\/volksschule-wiener-neustadt\/\",\"name\":\"Sta. Christiana - Private Volksschule Wr. Neustadt\",\"description\":\"Sta. Christiana - Schulen zum Leben\",\"publisher\":{\"@id\":\"https:\/\/www.stachristiana.at\/volksschule-wiener-neustadt\/#organization\"},\"alternateName\":\"Private Volksschule Wr. Neustadt\",\"potentialAction\":[{\"@type\":\"SearchAction\",\"target\":{\"@type\":\"EntryPoint\",\"urlTemplate\":\"https:\/\/www.stachristiana.at\/volksschule-wiener-neustadt\/?s={search_term_string}\"},\"query-input\":{\"@type\":\"PropertyValueSpecification\",\"valueRequired\":true,\"valueName\":\"search_term_string\"}}],\"inLanguage\":\"de\"},{\"@type\":\"Organization\",\"@id\":\"https:\/\/www.stachristiana.at\/volksschule-wiener-neustadt\/#organization\",\"name\":\"Sta. Christiana - Private Volksschule Wr. Neustadt\",\"alternateName\":\"Private Volksschule Wr. Neustadt\",\"url\":\"https:\/\/www.stachristiana.at\/volksschule-wiener-neustadt\/\",\"logo\":{\"@type\":\"ImageObject\",\"inLanguage\":\"de\",\"@id\":\"https:\/\/www.stachristiana.at\/volksschule-wiener-neustadt\/#\/schema\/logo\/image\/\",\"url\":\"https:\/\/www.stachristiana.at\/app\/uploads\/sites\/10\/2022\/05\/logo-sta-christiana.png\",\"contentUrl\":\"https:\/\/www.stachristiana.at\/app\/uploads\/sites\/10\/2022\/05\/logo-sta-christiana.png\",\"width\":1200,\"height\":491,\"caption\":\"Sta. Christiana - Private Volksschule Wr. Neustadt\"},\"image\":{\"@id\":\"https:\/\/www.stachristiana.at\/volksschule-wiener-neustadt\/#\/schema\/logo\/image\/\"}},{\"@type\":\"Person\",\"@id\":\"https:\/\/www.stachristiana.at\/volksschule-wiener-neustadt\/#\/schema\/person\/76c0c2cd2d0e444fb1b584e30563db12\",\"name\":\"jasminmayerhofer\",\"image\":{\"@type\":\"ImageObject\",\"inLanguage\":\"de\",\"@id\":\"https:\/\/www.stachristiana.at\/volksschule-wiener-neustadt\/#\/schema\/person\/image\/\",\"url\":\"https:\/\/secure.gravatar.com\/avatar\/8800f230bba42958a47ff940c8801928662a6b3ed0243f12cf894d2fa0df37e0?s=96&d=mm&r=g\",\"contentUrl\":\"https:\/\/secure.gravatar.com\/avatar\/8800f230bba42958a47ff940c8801928662a6b3ed0243f12cf894d2fa0df37e0?s=96&d=mm&r=g\",\"caption\":\"jasminmayerhofer\"},\"url\":\"https:\/\/www.stachristiana.at\/volksschule-wiener-neustadt\/author\/jasminmayerhofer\/\"}]}<\/script>\n<!-- \/ Yoast SEO plugin. -->","yoast_head_json":{"title":"Weihnachten in aller Welt - Volksschule Wr. Neustadt","robots":{"index":"index","follow":"follow","max-snippet":"max-snippet:-1","max-image-preview":"max-image-preview:large","max-video-preview":"max-video-preview:-1"},"canonical":"https:\/\/www.stachristiana.at\/volksschule-wiener-neustadt\/news\/weihnachten-in-aller-welt\/","og_locale":"de_DE","og_type":"article","og_title":"Weihnachten in aller Welt - Volksschule Wr. Neustadt","og_description":"Im Zuge eines Partnerklassenprojekts besch\u00e4ftigten sich die Kinder der 1b und 3b mit dem Thema &#8222;Weihnachten in anderen L\u00e4ndern&#8220;. F\u00fcr die gemeinsame Weihnachtsfeier bereiteten die Kinder in Gruppen jeweils ein Land vor und gestalteten ein Plakat mit den wichtigsten Infos. Dank der flei\u00dfigen Kinder wurde die gemeinsame Weihnachtsfeier zu einem gro\u00dfen Erfolg, die allen G\u00e4sten [&hellip;]","og_url":"https:\/\/www.stachristiana.at\/volksschule-wiener-neustadt\/news\/weihnachten-in-aller-welt\/","og_site_name":"Volksschule Wr. Neustadt","article_published_time":"2023-02-05T11:27:29+00:00","article_modified_time":"2023-02-05T11:28:26+00:00","og_image":[{"width":800,"height":600,"url":"https:\/\/www.stachristiana.at\/app\/uploads\/sites\/10\/2023\/02\/Weihnachten-in-anderen-Laendern-8.jpg","type":"image\/jpeg"}],"author":"jasminmayerhofer","twitter_card":"summary_large_image","twitter_misc":{"Verfasst von":"jasminmayerhofer","Gesch\u00e4tzte Lesezeit":"1\u00a0Minute"},"schema":{"@context":"https:\/\/schema.org","@graph":[{"@type":"Article","@id":"https:\/\/www.stachristiana.at\/volksschule-wiener-neustadt\/news\/weihnachten-in-aller-welt\/#article","isPartOf":{"@id":"https:\/\/www.stachristiana.at\/volksschule-wiener-neustadt\/news\/weihnachten-in-aller-welt\/"},"author":{"name":"jasminmayerhofer","@id":"https:\/\/www.stachristiana.at\/volksschule-wiener-neustadt\/#\/schema\/person\/76c0c2cd2d0e444fb1b584e30563db12"},"headline":"Weihnachten in aller Welt","datePublished":"2023-02-05T11:27:29+00:00","dateModified":"2023-02-05T11:28:26+00:00","mainEntityOfPage":{"@id":"https:\/\/www.stachristiana.at\/volksschule-wiener-neustadt\/news\/weihnachten-in-aller-welt\/"},"wordCount":67,"publisher":{"@id":"https:\/\/www.stachristiana.at\/volksschule-wiener-neustadt\/#organization"},"image":{"@id":"https:\/\/www.stachristiana.at\/volksschule-wiener-neustadt\/news\/weihnachten-in-aller-welt\/#primaryimage"},"thumbnailUrl":"https:\/\/www.stachristiana.at\/app\/uploads\/sites\/10\/2023\/02\/Weihnachten-in-anderen-Laendern-8.jpg","articleSection":["News","News 4b 25\/26","News REL"],"inLanguage":"de"},{"@type":"WebPage","@id":"https:\/\/www.stachristiana.at\/volksschule-wiener-neustadt\/news\/weihnachten-in-aller-welt\/","url":"https:\/\/www.stachristiana.at\/volksschule-wiener-neustadt\/news\/weihnachten-in-aller-welt\/","name":"Weihnachten in aller Welt - Volksschule Wr. Neustadt","isPartOf":{"@id":"https:\/\/www.stachristiana.at\/volksschule-wiener-neustadt\/#website"},"primaryImageOfPage":{"@id":"https:\/\/www.stachristiana.at\/volksschule-wiener-neustadt\/news\/weihnachten-in-aller-welt\/#primaryimage"},"image":{"@id":"https:\/\/www.stachristiana.at\/volksschule-wiener-neustadt\/news\/weihnachten-in-aller-welt\/#primaryimage"},"thumbnailUrl":"https:\/\/www.stachristiana.at\/app\/uploads\/sites\/10\/2023\/02\/Weihnachten-in-anderen-Laendern-8.jpg","datePublished":"2023-02-05T11:27:29+00:00","dateModified":"2023-02-05T11:28:26+00:00","breadcrumb":{"@id":"https:\/\/www.stachristiana.at\/volksschule-wiener-neustadt\/news\/weihnachten-in-aller-welt\/#breadcrumb"},"inLanguage":"de","potentialAction":[{"@type":"ReadAction","target":["https:\/\/www.stachristiana.at\/volksschule-wiener-neustadt\/news\/weihnachten-in-aller-welt\/"]}]},{"@type":"ImageObject","inLanguage":"de","@id":"https:\/\/www.stachristiana.at\/volksschule-wiener-neustadt\/news\/weihnachten-in-aller-welt\/#primaryimage","url":"https:\/\/www.stachristiana.at\/app\/uploads\/sites\/10\/2023\/02\/Weihnachten-in-anderen-Laendern-8.jpg","contentUrl":"https:\/\/www.stachristiana.at\/app\/uploads\/sites\/10\/2023\/02\/Weihnachten-in-anderen-Laendern-8.jpg","width":800,"height":600},{"@type":"BreadcrumbList","@id":"https:\/\/www.stachristiana.at\/volksschule-wiener-neustadt\/news\/weihnachten-in-aller-welt\/#breadcrumb","itemListElement":[{"@type":"ListItem","position":1,"name":"Start","item":"https:\/\/www.stachristiana.at\/"},{"@type":"ListItem","position":2,"name":"News","item":"https:\/\/www.stachristiana.at\/volksschule-wiener-neustadt\/berichte\/news\/"},{"@type":"ListItem","position":3,"name":"Weihnachten in aller Welt"}]},{"@type":"WebSite","@id":"https:\/\/www.stachristiana.at\/volksschule-wiener-neustadt\/#website","url":"https:\/\/www.stachristiana.at\/volksschule-wiener-neustadt\/","name":"Sta. Christiana - Private Volksschule Wr. Neustadt","description":"Sta. Christiana - Schulen zum Leben","publisher":{"@id":"https:\/\/www.stachristiana.at\/volksschule-wiener-neustadt\/#organization"},"alternateName":"Private Volksschule Wr. Neustadt","potentialAction":[{"@type":"SearchAction","target":{"@type":"EntryPoint","urlTemplate":"https:\/\/www.stachristiana.at\/volksschule-wiener-neustadt\/?s={search_term_string}"},"query-input":{"@type":"PropertyValueSpecification","valueRequired":true,"valueName":"search_term_string"}}],"inLanguage":"de"},{"@type":"Organization","@id":"https:\/\/www.stachristiana.at\/volksschule-wiener-neustadt\/#organization","name":"Sta. Christiana - Private Volksschule Wr. Neustadt","alternateName":"Private Volksschule Wr. Neustadt","url":"https:\/\/www.stachristiana.at\/volksschule-wiener-neustadt\/","logo":{"@type":"ImageObject","inLanguage":"de","@id":"https:\/\/www.stachristiana.at\/volksschule-wiener-neustadt\/#\/schema\/logo\/image\/","url":"https:\/\/www.stachristiana.at\/app\/uploads\/sites\/10\/2022\/05\/logo-sta-christiana.png","contentUrl":"https:\/\/www.stachristiana.at\/app\/uploads\/sites\/10\/2022\/05\/logo-sta-christiana.png","width":1200,"height":491,"caption":"Sta. Christiana - Private Volksschule Wr. Neustadt"},"image":{"@id":"https:\/\/www.stachristiana.at\/volksschule-wiener-neustadt\/#\/schema\/logo\/image\/"}},{"@type":"Person","@id":"https:\/\/www.stachristiana.at\/volksschule-wiener-neustadt\/#\/schema\/person\/76c0c2cd2d0e444fb1b584e30563db12","name":"jasminmayerhofer","image":{"@type":"ImageObject","inLanguage":"de","@id":"https:\/\/www.stachristiana.at\/volksschule-wiener-neustadt\/#\/schema\/person\/image\/","url":"https:\/\/secure.gravatar.com\/avatar\/8800f230bba42958a47ff940c8801928662a6b3ed0243f12cf894d2fa0df37e0?s=96&d=mm&r=g","contentUrl":"https:\/\/secure.gravatar.com\/avatar\/8800f230bba42958a47ff940c8801928662a6b3ed0243f12cf894d2fa0df37e0?s=96&d=mm&r=g","caption":"jasminmayerhofer"},"url":"https:\/\/www.stachristiana.at\/volksschule-wiener-neustadt\/author\/jasminmayerhofer\/"}]}},"_links":{"self":[{"href":"https:\/\/www.stachristiana.at\/volksschule-wiener-neustadt\/wp-json\/wp\/v2\/posts\/1640","targetHints":{"allow":["GET"]}}],"collection":[{"href":"https:\/\/www.stachristiana.at\/volksschule-wiener-neustadt\/wp-json\/wp\/v2\/posts"}],"about":[{"href":"https:\/\/www.stachristiana.at\/volksschule-wiener-neustadt\/wp-json\/wp\/v2\/types\/post"}],"author":[{"embeddable":true,"href":"https:\/\/www.stachristiana.at\/volksschule-wiener-neustadt\/wp-json\/wp\/v2\/users\/59"}],"replies":[{"embeddable":true,"href":"https:\/\/www.stachristiana.at\/volksschule-wiener-neustadt\/wp-json\/wp\/v2\/comments?post=1640"}],"version-history":[{"count":3,"href":"https:\/\/www.stachristiana.at\/volksschule-wiener-neustadt\/wp-json\/wp\/v2\/posts\/1640\/revisions"}],"predecessor-version":[{"id":1651,"href":"https:\/\/www.stachristiana.at\/volksschule-wiener-neustadt\/wp-json\/wp\/v2\/posts\/1640\/revisions\/1651"}],"wp:featuredmedia":[{"embeddable":true,"href":"https:\/\/www.stachristiana.at\/volksschule-wiener-neustadt\/wp-json\/wp\/v2\/media\/1641"}],"wp:attachment":[{"href":"https:\/\/www.stachristiana.at\/volksschule-wiener-neustadt\/wp-json\/wp\/v2\/media?parent=1640"}],"wp:term":[{"taxonomy":"category","embeddable":true,"href":"https:\/\/www.stachristiana.at\/volksschule-wiener-neustadt\/wp-json\/wp\/v2\/categories?post=1640"},{"taxonomy":"post_tag","embeddable":true,"href":"https:\/\/www.stachristiana.at\/volksschule-wiener-neustadt\/wp-json\/wp\/v2\/tags?post=1640"}],"curies":[{"name":"wp","href":"https:\/\/api.w.org\/{rel}","templated":true}]}}