{"id":987,"date":"2023-09-05T17:45:27","date_gmt":"2023-09-05T15:45:27","guid":{"rendered":"https:\/\/www.stachristiana.at\/volksschule-rodaun\/?p=987"},"modified":"2023-09-05T17:45:27","modified_gmt":"2023-09-05T15:45:27","slug":"wir-wuenschen-all-unseren-schuelerinnen-und-schuelern-einen-guten-start-in-das-neue-schuljahr","status":"publish","type":"post","link":"https:\/\/www.stachristiana.at\/volksschule-rodaun\/news\/wir-wuenschen-all-unseren-schuelerinnen-und-schuelern-einen-guten-start-in-das-neue-schuljahr.html","title":{"rendered":"Wir w\u00fcnschen all unseren Sch\u00fclerinnen und Sch\u00fclern einen guten Start in das neue Schuljahr!"},"content":{"rendered":"\n<p>Gestern hat endlich wieder die Schule angefangen! Und unsere Taferlklassler waren alle sehr aufgeregt.<\/p>\n\n\n\n<p>Wir haben das neue Schuljahr mit einem gemeinsamen Gottesdienst er\u00f6ffnet, all unsere Sch\u00fclerinnen und Sch\u00fcler aus den 1. Klassen wurden von unserem Dechant, Pfarrer Bernhard Pokorny, den der eine oder die andere schon aus dem Kindergarten kennt, gesegnet und so richtig gut ausger\u00fcstet in das erste Schuljahr begleitet. <\/p>\n\n\n\n<div class=\"wp-block-columns is-layout-flex wp-container-core-columns-is-layout-28f84493 wp-block-columns-is-layout-flex\">\n<div class=\"wp-block-column is-layout-flow wp-block-column-is-layout-flow\">\n<figure class=\"wp-block-image size-full\"><img loading=\"lazy\" decoding=\"async\" width=\"600\" height=\"800\" src=\"https:\/\/www.stachristiana.at\/app\/uploads\/sites\/7\/2023\/09\/IMG_1750-1.jpg\" alt=\"\" class=\"wp-image-992\" srcset=\"https:\/\/www.stachristiana.at\/app\/uploads\/sites\/7\/2023\/09\/IMG_1750-1.jpg 600w, https:\/\/www.stachristiana.at\/app\/uploads\/sites\/7\/2023\/09\/IMG_1750-1-300x400.jpg 300w, https:\/\/www.stachristiana.at\/app\/uploads\/sites\/7\/2023\/09\/IMG_1750-1-345x460.jpg 345w, https:\/\/www.stachristiana.at\/app\/uploads\/sites\/7\/2023\/09\/IMG_1750-1-56x75.jpg 56w\" sizes=\"auto, (max-width: 600px) 100vw, 600px\" \/><\/figure>\n<\/div>\n\n\n\n<div class=\"wp-block-column is-layout-flow wp-block-column-is-layout-flow\">\n<figure class=\"wp-block-image size-full\"><img loading=\"lazy\" decoding=\"async\" width=\"600\" height=\"800\" src=\"https:\/\/www.stachristiana.at\/app\/uploads\/sites\/7\/2023\/09\/IMG_1755-1.jpg\" alt=\"\" class=\"wp-image-993\" srcset=\"https:\/\/www.stachristiana.at\/app\/uploads\/sites\/7\/2023\/09\/IMG_1755-1.jpg 600w, https:\/\/www.stachristiana.at\/app\/uploads\/sites\/7\/2023\/09\/IMG_1755-1-300x400.jpg 300w, https:\/\/www.stachristiana.at\/app\/uploads\/sites\/7\/2023\/09\/IMG_1755-1-345x460.jpg 345w, https:\/\/www.stachristiana.at\/app\/uploads\/sites\/7\/2023\/09\/IMG_1755-1-56x75.jpg 56w\" sizes=\"auto, (max-width: 600px) 100vw, 600px\" \/><\/figure>\n<\/div>\n\n\n\n<div class=\"wp-block-column is-layout-flow wp-block-column-is-layout-flow\">\n<figure class=\"wp-block-image size-full\"><img loading=\"lazy\" decoding=\"async\" width=\"600\" height=\"800\" src=\"https:\/\/www.stachristiana.at\/app\/uploads\/sites\/7\/2023\/09\/IMG_1761-2.jpg\" alt=\"\" class=\"wp-image-991\" srcset=\"https:\/\/www.stachristiana.at\/app\/uploads\/sites\/7\/2023\/09\/IMG_1761-2.jpg 600w, https:\/\/www.stachristiana.at\/app\/uploads\/sites\/7\/2023\/09\/IMG_1761-2-300x400.jpg 300w, https:\/\/www.stachristiana.at\/app\/uploads\/sites\/7\/2023\/09\/IMG_1761-2-345x460.jpg 345w, https:\/\/www.stachristiana.at\/app\/uploads\/sites\/7\/2023\/09\/IMG_1761-2-56x75.jpg 56w\" sizes=\"auto, (max-width: 600px) 100vw, 600px\" \/><\/figure>\n<\/div>\n<\/div>\n","protected":false},"excerpt":{"rendered":"<p>Gestern hat endlich wieder die Schule angefangen! Und unsere Taferlklassler waren alle sehr aufgeregt. Wir haben das neue Schuljahr mit einem gemeinsamen Gottesdienst er\u00f6ffnet, all unsere Sch\u00fclerinnen und Sch\u00fcler aus den 1. Klassen wurden von unserem Dechant, Pfarrer Bernhard Pokorny, den der eine oder die andere schon aus dem Kindergarten kennt, gesegnet und so richtig [&hellip;]<\/p>\n","protected":false},"author":69,"featured_media":0,"comment_status":"closed","ping_status":"closed","sticky":false,"template":"","format":"standard","meta":{"footnotes":""},"categories":[1],"tags":[],"class_list":["post-987","post","type-post","status-publish","format-standard","hentry","category-news"],"acf":[],"yoast_head":"<!-- This site is optimized with the Yoast SEO plugin v26.8 - https:\/\/yoast.com\/product\/yoast-seo-wordpress\/ -->\n<title>Wir w\u00fcnschen all unseren Sch\u00fclerinnen und Sch\u00fclern einen guten Start in das neue Schuljahr! - Volksschule Rodaun<\/title>\n<meta name=\"robots\" content=\"index, follow, max-snippet:-1, max-image-preview:large, max-video-preview:-1\" \/>\n<link rel=\"canonical\" href=\"https:\/\/www.stachristiana.at\/volksschule-rodaun\/news\/wir-wuenschen-all-unseren-schuelerinnen-und-schuelern-einen-guten-start-in-das-neue-schuljahr.html\" \/>\n<meta property=\"og:locale\" content=\"de_DE\" \/>\n<meta property=\"og:type\" content=\"article\" \/>\n<meta property=\"og:title\" content=\"Wir w\u00fcnschen all unseren Sch\u00fclerinnen und Sch\u00fclern einen guten Start in das neue Schuljahr! - Volksschule Rodaun\" \/>\n<meta property=\"og:description\" content=\"Gestern hat endlich wieder die Schule angefangen! Und unsere Taferlklassler waren alle sehr aufgeregt. Wir haben das neue Schuljahr mit einem gemeinsamen Gottesdienst er\u00f6ffnet, all unsere Sch\u00fclerinnen und Sch\u00fcler aus den 1. Klassen wurden von unserem Dechant, Pfarrer Bernhard Pokorny, den der eine oder die andere schon aus dem Kindergarten kennt, gesegnet und so richtig [&hellip;]\" \/>\n<meta property=\"og:url\" content=\"https:\/\/www.stachristiana.at\/volksschule-rodaun\/news\/wir-wuenschen-all-unseren-schuelerinnen-und-schuelern-einen-guten-start-in-das-neue-schuljahr.html\" \/>\n<meta property=\"og:site_name\" content=\"Volksschule Rodaun\" \/>\n<meta property=\"article:published_time\" content=\"2023-09-05T15:45:27+00:00\" \/>\n<meta property=\"og:image\" content=\"https:\/\/www.stachristiana.at\/app\/uploads\/sites\/7\/2023\/09\/IMG_1750-1.jpg\" \/>\n<meta name=\"author\" content=\"ninaschaar\" \/>\n<meta name=\"twitter:card\" content=\"summary_large_image\" \/>\n<meta name=\"twitter:label1\" content=\"Verfasst von\" \/>\n\t<meta name=\"twitter:data1\" content=\"ninaschaar\" \/>\n\t<meta name=\"twitter:label2\" content=\"Gesch\u00e4tzte Lesezeit\" \/>\n\t<meta name=\"twitter:data2\" content=\"1\u00a0Minute\" \/>\n<script type=\"application\/ld+json\" class=\"yoast-schema-graph\">{\"@context\":\"https:\/\/schema.org\",\"@graph\":[{\"@type\":\"Article\",\"@id\":\"https:\/\/www.stachristiana.at\/volksschule-rodaun\/news\/wir-wuenschen-all-unseren-schuelerinnen-und-schuelern-einen-guten-start-in-das-neue-schuljahr.html#article\",\"isPartOf\":{\"@id\":\"https:\/\/www.stachristiana.at\/volksschule-rodaun\/news\/wir-wuenschen-all-unseren-schuelerinnen-und-schuelern-einen-guten-start-in-das-neue-schuljahr.html\"},\"author\":{\"name\":\"ninaschaar\",\"@id\":\"https:\/\/www.stachristiana.at\/volksschule-rodaun\/#\/schema\/person\/4105c74c84acbadb2dc054b97fd045fd\"},\"headline\":\"Wir w\u00fcnschen all unseren Sch\u00fclerinnen und Sch\u00fclern einen guten Start in das neue Schuljahr!\",\"datePublished\":\"2023-09-05T15:45:27+00:00\",\"mainEntityOfPage\":{\"@id\":\"https:\/\/www.stachristiana.at\/volksschule-rodaun\/news\/wir-wuenschen-all-unseren-schuelerinnen-und-schuelern-einen-guten-start-in-das-neue-schuljahr.html\"},\"wordCount\":82,\"publisher\":{\"@id\":\"https:\/\/www.stachristiana.at\/volksschule-rodaun\/#organization\"},\"image\":{\"@id\":\"https:\/\/www.stachristiana.at\/volksschule-rodaun\/news\/wir-wuenschen-all-unseren-schuelerinnen-und-schuelern-einen-guten-start-in-das-neue-schuljahr.html#primaryimage\"},\"thumbnailUrl\":\"https:\/\/www.stachristiana.at\/app\/uploads\/sites\/7\/2023\/09\/IMG_1750-1.jpg\",\"articleSection\":[\"News\"],\"inLanguage\":\"de\"},{\"@type\":\"WebPage\",\"@id\":\"https:\/\/www.stachristiana.at\/volksschule-rodaun\/news\/wir-wuenschen-all-unseren-schuelerinnen-und-schuelern-einen-guten-start-in-das-neue-schuljahr.html\",\"url\":\"https:\/\/www.stachristiana.at\/volksschule-rodaun\/news\/wir-wuenschen-all-unseren-schuelerinnen-und-schuelern-einen-guten-start-in-das-neue-schuljahr.html\",\"name\":\"Wir w\u00fcnschen all unseren Sch\u00fclerinnen und Sch\u00fclern einen guten Start in das neue Schuljahr! - Volksschule Rodaun\",\"isPartOf\":{\"@id\":\"https:\/\/www.stachristiana.at\/volksschule-rodaun\/#website\"},\"primaryImageOfPage\":{\"@id\":\"https:\/\/www.stachristiana.at\/volksschule-rodaun\/news\/wir-wuenschen-all-unseren-schuelerinnen-und-schuelern-einen-guten-start-in-das-neue-schuljahr.html#primaryimage\"},\"image\":{\"@id\":\"https:\/\/www.stachristiana.at\/volksschule-rodaun\/news\/wir-wuenschen-all-unseren-schuelerinnen-und-schuelern-einen-guten-start-in-das-neue-schuljahr.html#primaryimage\"},\"thumbnailUrl\":\"https:\/\/www.stachristiana.at\/app\/uploads\/sites\/7\/2023\/09\/IMG_1750-1.jpg\",\"datePublished\":\"2023-09-05T15:45:27+00:00\",\"breadcrumb\":{\"@id\":\"https:\/\/www.stachristiana.at\/volksschule-rodaun\/news\/wir-wuenschen-all-unseren-schuelerinnen-und-schuelern-einen-guten-start-in-das-neue-schuljahr.html#breadcrumb\"},\"inLanguage\":\"de\",\"potentialAction\":[{\"@type\":\"ReadAction\",\"target\":[\"https:\/\/www.stachristiana.at\/volksschule-rodaun\/news\/wir-wuenschen-all-unseren-schuelerinnen-und-schuelern-einen-guten-start-in-das-neue-schuljahr.html\"]}]},{\"@type\":\"ImageObject\",\"inLanguage\":\"de\",\"@id\":\"https:\/\/www.stachristiana.at\/volksschule-rodaun\/news\/wir-wuenschen-all-unseren-schuelerinnen-und-schuelern-einen-guten-start-in-das-neue-schuljahr.html#primaryimage\",\"url\":\"https:\/\/www.stachristiana.at\/app\/uploads\/sites\/7\/2023\/09\/IMG_1750-1.jpg\",\"contentUrl\":\"https:\/\/www.stachristiana.at\/app\/uploads\/sites\/7\/2023\/09\/IMG_1750-1.jpg\"},{\"@type\":\"BreadcrumbList\",\"@id\":\"https:\/\/www.stachristiana.at\/volksschule-rodaun\/news\/wir-wuenschen-all-unseren-schuelerinnen-und-schuelern-einen-guten-start-in-das-neue-schuljahr.html#breadcrumb\",\"itemListElement\":[{\"@type\":\"ListItem\",\"position\":1,\"name\":\"Start\",\"item\":\"https:\/\/www.stachristiana.at\/\"},{\"@type\":\"ListItem\",\"position\":2,\"name\":\"Wir w\u00fcnschen all unseren Sch\u00fclerinnen und Sch\u00fclern einen guten Start in das neue Schuljahr!\"}]},{\"@type\":\"WebSite\",\"@id\":\"https:\/\/www.stachristiana.at\/volksschule-rodaun\/#website\",\"url\":\"https:\/\/www.stachristiana.at\/volksschule-rodaun\/\",\"name\":\"Sta. Christiana - Private Volksschule Rodaun\",\"description\":\"Schulen zum Leben\",\"publisher\":{\"@id\":\"https:\/\/www.stachristiana.at\/volksschule-rodaun\/#organization\"},\"alternateName\":\"Sta. Christiana\",\"potentialAction\":[{\"@type\":\"SearchAction\",\"target\":{\"@type\":\"EntryPoint\",\"urlTemplate\":\"https:\/\/www.stachristiana.at\/volksschule-rodaun\/?s={search_term_string}\"},\"query-input\":{\"@type\":\"PropertyValueSpecification\",\"valueRequired\":true,\"valueName\":\"search_term_string\"}}],\"inLanguage\":\"de\"},{\"@type\":\"Organization\",\"@id\":\"https:\/\/www.stachristiana.at\/volksschule-rodaun\/#organization\",\"name\":\"Sta. Christiana - Private Volksschule Rodaun\",\"alternateName\":\"Sta. Christiana\",\"url\":\"https:\/\/www.stachristiana.at\/volksschule-rodaun\/\",\"logo\":{\"@type\":\"ImageObject\",\"inLanguage\":\"de\",\"@id\":\"https:\/\/www.stachristiana.at\/volksschule-rodaun\/#\/schema\/logo\/image\/\",\"url\":\"https:\/\/www.stachristiana.at\/app\/uploads\/sites\/7\/2022\/05\/logo-sta-christiana.png\",\"contentUrl\":\"https:\/\/www.stachristiana.at\/app\/uploads\/sites\/7\/2022\/05\/logo-sta-christiana.png\",\"width\":1200,\"height\":491,\"caption\":\"Sta. Christiana - Private Volksschule Rodaun\"},\"image\":{\"@id\":\"https:\/\/www.stachristiana.at\/volksschule-rodaun\/#\/schema\/logo\/image\/\"}},{\"@type\":\"Person\",\"@id\":\"https:\/\/www.stachristiana.at\/volksschule-rodaun\/#\/schema\/person\/4105c74c84acbadb2dc054b97fd045fd\",\"name\":\"ninaschaar\",\"image\":{\"@type\":\"ImageObject\",\"inLanguage\":\"de\",\"@id\":\"https:\/\/www.stachristiana.at\/volksschule-rodaun\/#\/schema\/person\/image\/\",\"url\":\"https:\/\/secure.gravatar.com\/avatar\/6adb03c7b1a5c9a44126fe417d853c2a112f5a74ef1bcb125b714ccf7cc1967b?s=96&d=mm&r=g\",\"contentUrl\":\"https:\/\/secure.gravatar.com\/avatar\/6adb03c7b1a5c9a44126fe417d853c2a112f5a74ef1bcb125b714ccf7cc1967b?s=96&d=mm&r=g\",\"caption\":\"ninaschaar\"},\"url\":\"https:\/\/www.stachristiana.at\/volksschule-rodaun\/author\/ninaschaar\"}]}<\/script>\n<!-- \/ Yoast SEO plugin. -->","yoast_head_json":{"title":"Wir w\u00fcnschen all unseren Sch\u00fclerinnen und Sch\u00fclern einen guten Start in das neue Schuljahr! - Volksschule Rodaun","robots":{"index":"index","follow":"follow","max-snippet":"max-snippet:-1","max-image-preview":"max-image-preview:large","max-video-preview":"max-video-preview:-1"},"canonical":"https:\/\/www.stachristiana.at\/volksschule-rodaun\/news\/wir-wuenschen-all-unseren-schuelerinnen-und-schuelern-einen-guten-start-in-das-neue-schuljahr.html","og_locale":"de_DE","og_type":"article","og_title":"Wir w\u00fcnschen all unseren Sch\u00fclerinnen und Sch\u00fclern einen guten Start in das neue Schuljahr! - Volksschule Rodaun","og_description":"Gestern hat endlich wieder die Schule angefangen! Und unsere Taferlklassler waren alle sehr aufgeregt. Wir haben das neue Schuljahr mit einem gemeinsamen Gottesdienst er\u00f6ffnet, all unsere Sch\u00fclerinnen und Sch\u00fcler aus den 1. Klassen wurden von unserem Dechant, Pfarrer Bernhard Pokorny, den der eine oder die andere schon aus dem Kindergarten kennt, gesegnet und so richtig [&hellip;]","og_url":"https:\/\/www.stachristiana.at\/volksschule-rodaun\/news\/wir-wuenschen-all-unseren-schuelerinnen-und-schuelern-einen-guten-start-in-das-neue-schuljahr.html","og_site_name":"Volksschule Rodaun","article_published_time":"2023-09-05T15:45:27+00:00","og_image":[{"url":"https:\/\/www.stachristiana.at\/app\/uploads\/sites\/7\/2023\/09\/IMG_1750-1.jpg","type":"","width":"","height":""}],"author":"ninaschaar","twitter_card":"summary_large_image","twitter_misc":{"Verfasst von":"ninaschaar","Gesch\u00e4tzte Lesezeit":"1\u00a0Minute"},"schema":{"@context":"https:\/\/schema.org","@graph":[{"@type":"Article","@id":"https:\/\/www.stachristiana.at\/volksschule-rodaun\/news\/wir-wuenschen-all-unseren-schuelerinnen-und-schuelern-einen-guten-start-in-das-neue-schuljahr.html#article","isPartOf":{"@id":"https:\/\/www.stachristiana.at\/volksschule-rodaun\/news\/wir-wuenschen-all-unseren-schuelerinnen-und-schuelern-einen-guten-start-in-das-neue-schuljahr.html"},"author":{"name":"ninaschaar","@id":"https:\/\/www.stachristiana.at\/volksschule-rodaun\/#\/schema\/person\/4105c74c84acbadb2dc054b97fd045fd"},"headline":"Wir w\u00fcnschen all unseren Sch\u00fclerinnen und Sch\u00fclern einen guten Start in das neue Schuljahr!","datePublished":"2023-09-05T15:45:27+00:00","mainEntityOfPage":{"@id":"https:\/\/www.stachristiana.at\/volksschule-rodaun\/news\/wir-wuenschen-all-unseren-schuelerinnen-und-schuelern-einen-guten-start-in-das-neue-schuljahr.html"},"wordCount":82,"publisher":{"@id":"https:\/\/www.stachristiana.at\/volksschule-rodaun\/#organization"},"image":{"@id":"https:\/\/www.stachristiana.at\/volksschule-rodaun\/news\/wir-wuenschen-all-unseren-schuelerinnen-und-schuelern-einen-guten-start-in-das-neue-schuljahr.html#primaryimage"},"thumbnailUrl":"https:\/\/www.stachristiana.at\/app\/uploads\/sites\/7\/2023\/09\/IMG_1750-1.jpg","articleSection":["News"],"inLanguage":"de"},{"@type":"WebPage","@id":"https:\/\/www.stachristiana.at\/volksschule-rodaun\/news\/wir-wuenschen-all-unseren-schuelerinnen-und-schuelern-einen-guten-start-in-das-neue-schuljahr.html","url":"https:\/\/www.stachristiana.at\/volksschule-rodaun\/news\/wir-wuenschen-all-unseren-schuelerinnen-und-schuelern-einen-guten-start-in-das-neue-schuljahr.html","name":"Wir w\u00fcnschen all unseren Sch\u00fclerinnen und Sch\u00fclern einen guten Start in das neue Schuljahr! - Volksschule Rodaun","isPartOf":{"@id":"https:\/\/www.stachristiana.at\/volksschule-rodaun\/#website"},"primaryImageOfPage":{"@id":"https:\/\/www.stachristiana.at\/volksschule-rodaun\/news\/wir-wuenschen-all-unseren-schuelerinnen-und-schuelern-einen-guten-start-in-das-neue-schuljahr.html#primaryimage"},"image":{"@id":"https:\/\/www.stachristiana.at\/volksschule-rodaun\/news\/wir-wuenschen-all-unseren-schuelerinnen-und-schuelern-einen-guten-start-in-das-neue-schuljahr.html#primaryimage"},"thumbnailUrl":"https:\/\/www.stachristiana.at\/app\/uploads\/sites\/7\/2023\/09\/IMG_1750-1.jpg","datePublished":"2023-09-05T15:45:27+00:00","breadcrumb":{"@id":"https:\/\/www.stachristiana.at\/volksschule-rodaun\/news\/wir-wuenschen-all-unseren-schuelerinnen-und-schuelern-einen-guten-start-in-das-neue-schuljahr.html#breadcrumb"},"inLanguage":"de","potentialAction":[{"@type":"ReadAction","target":["https:\/\/www.stachristiana.at\/volksschule-rodaun\/news\/wir-wuenschen-all-unseren-schuelerinnen-und-schuelern-einen-guten-start-in-das-neue-schuljahr.html"]}]},{"@type":"ImageObject","inLanguage":"de","@id":"https:\/\/www.stachristiana.at\/volksschule-rodaun\/news\/wir-wuenschen-all-unseren-schuelerinnen-und-schuelern-einen-guten-start-in-das-neue-schuljahr.html#primaryimage","url":"https:\/\/www.stachristiana.at\/app\/uploads\/sites\/7\/2023\/09\/IMG_1750-1.jpg","contentUrl":"https:\/\/www.stachristiana.at\/app\/uploads\/sites\/7\/2023\/09\/IMG_1750-1.jpg"},{"@type":"BreadcrumbList","@id":"https:\/\/www.stachristiana.at\/volksschule-rodaun\/news\/wir-wuenschen-all-unseren-schuelerinnen-und-schuelern-einen-guten-start-in-das-neue-schuljahr.html#breadcrumb","itemListElement":[{"@type":"ListItem","position":1,"name":"Start","item":"https:\/\/www.stachristiana.at\/"},{"@type":"ListItem","position":2,"name":"Wir w\u00fcnschen all unseren Sch\u00fclerinnen und Sch\u00fclern einen guten Start in das neue Schuljahr!"}]},{"@type":"WebSite","@id":"https:\/\/www.stachristiana.at\/volksschule-rodaun\/#website","url":"https:\/\/www.stachristiana.at\/volksschule-rodaun\/","name":"Sta. Christiana - Private Volksschule Rodaun","description":"Schulen zum Leben","publisher":{"@id":"https:\/\/www.stachristiana.at\/volksschule-rodaun\/#organization"},"alternateName":"Sta. Christiana","potentialAction":[{"@type":"SearchAction","target":{"@type":"EntryPoint","urlTemplate":"https:\/\/www.stachristiana.at\/volksschule-rodaun\/?s={search_term_string}"},"query-input":{"@type":"PropertyValueSpecification","valueRequired":true,"valueName":"search_term_string"}}],"inLanguage":"de"},{"@type":"Organization","@id":"https:\/\/www.stachristiana.at\/volksschule-rodaun\/#organization","name":"Sta. Christiana - Private Volksschule Rodaun","alternateName":"Sta. Christiana","url":"https:\/\/www.stachristiana.at\/volksschule-rodaun\/","logo":{"@type":"ImageObject","inLanguage":"de","@id":"https:\/\/www.stachristiana.at\/volksschule-rodaun\/#\/schema\/logo\/image\/","url":"https:\/\/www.stachristiana.at\/app\/uploads\/sites\/7\/2022\/05\/logo-sta-christiana.png","contentUrl":"https:\/\/www.stachristiana.at\/app\/uploads\/sites\/7\/2022\/05\/logo-sta-christiana.png","width":1200,"height":491,"caption":"Sta. Christiana - Private Volksschule Rodaun"},"image":{"@id":"https:\/\/www.stachristiana.at\/volksschule-rodaun\/#\/schema\/logo\/image\/"}},{"@type":"Person","@id":"https:\/\/www.stachristiana.at\/volksschule-rodaun\/#\/schema\/person\/4105c74c84acbadb2dc054b97fd045fd","name":"ninaschaar","image":{"@type":"ImageObject","inLanguage":"de","@id":"https:\/\/www.stachristiana.at\/volksschule-rodaun\/#\/schema\/person\/image\/","url":"https:\/\/secure.gravatar.com\/avatar\/6adb03c7b1a5c9a44126fe417d853c2a112f5a74ef1bcb125b714ccf7cc1967b?s=96&d=mm&r=g","contentUrl":"https:\/\/secure.gravatar.com\/avatar\/6adb03c7b1a5c9a44126fe417d853c2a112f5a74ef1bcb125b714ccf7cc1967b?s=96&d=mm&r=g","caption":"ninaschaar"},"url":"https:\/\/www.stachristiana.at\/volksschule-rodaun\/author\/ninaschaar"}]}},"_links":{"self":[{"href":"https:\/\/www.stachristiana.at\/volksschule-rodaun\/wp-json\/wp\/v2\/posts\/987","targetHints":{"allow":["GET"]}}],"collection":[{"href":"https:\/\/www.stachristiana.at\/volksschule-rodaun\/wp-json\/wp\/v2\/posts"}],"about":[{"href":"https:\/\/www.stachristiana.at\/volksschule-rodaun\/wp-json\/wp\/v2\/types\/post"}],"author":[{"embeddable":true,"href":"https:\/\/www.stachristiana.at\/volksschule-rodaun\/wp-json\/wp\/v2\/users\/69"}],"replies":[{"embeddable":true,"href":"https:\/\/www.stachristiana.at\/volksschule-rodaun\/wp-json\/wp\/v2\/comments?post=987"}],"version-history":[{"count":2,"href":"https:\/\/www.stachristiana.at\/volksschule-rodaun\/wp-json\/wp\/v2\/posts\/987\/revisions"}],"predecessor-version":[{"id":994,"href":"https:\/\/www.stachristiana.at\/volksschule-rodaun\/wp-json\/wp\/v2\/posts\/987\/revisions\/994"}],"wp:attachment":[{"href":"https:\/\/www.stachristiana.at\/volksschule-rodaun\/wp-json\/wp\/v2\/media?parent=987"}],"wp:term":[{"taxonomy":"category","embeddable":true,"href":"https:\/\/www.stachristiana.at\/volksschule-rodaun\/wp-json\/wp\/v2\/categories?post=987"},{"taxonomy":"post_tag","embeddable":true,"href":"https:\/\/www.stachristiana.at\/volksschule-rodaun\/wp-json\/wp\/v2\/tags?post=987"}],"curies":[{"name":"wp","href":"https:\/\/api.w.org\/{rel}","templated":true}]}}