{"id":1772,"date":"2026-04-21T09:02:28","date_gmt":"2026-04-21T07:02:28","guid":{"rendered":"https:\/\/www.stachristiana.at\/volksschule-rodaun\/?p=1772"},"modified":"2026-04-21T09:02:30","modified_gmt":"2026-04-21T07:02:30","slug":"ein-ueberraschungsstaendchen-fuer-unsere-frau-direktor","status":"publish","type":"post","link":"https:\/\/www.stachristiana.at\/volksschule-rodaun\/news\/ein-ueberraschungsstaendchen-fuer-unsere-frau-direktor.html","title":{"rendered":"Ein \u00dcberraschungsst\u00e4ndchen f\u00fcr unsere Frau Direktor!"},"content":{"rendered":"\n<p>Zum runden Geburtstag unserer Frau Direktor Sabine Hansen haben unsere Sch\u00fclerinnen und Sch\u00fcler gemeinsam mit ihren Lehrer:innen eine gro\u00dfartige \u00dcberraschung vorbereitet: Mit viel Engagement und Herz probten sie ein Lied zu ihren Ehren ein.&nbsp;<\/p>\n\n\n\n<p>Liebe Frau Direktor, vielen Dank f\u00fcr Ihren wertsch\u00e4tzenden Umgang, dass Sie immer ein offenes Ohr f\u00fcr uns haben und unsere Schule so besonders machen. In diesem Sinne w\u00fcnschen wir Ihnen alles Gute zum Geburtstag! Wir sind sehr froh, Sie als unsere Direktorin zu haben!!!<\/p>\n\n\n\n<figure class=\"wp-block-image size-large\"><img loading=\"lazy\" decoding=\"async\" width=\"1024\" height=\"768\" src=\"https:\/\/www.stachristiana.at\/app\/uploads\/sites\/7\/2026\/04\/IMG_5282-1024x768.jpeg\" alt=\"\" class=\"wp-image-1774\" srcset=\"https:\/\/www.stachristiana.at\/app\/uploads\/sites\/7\/2026\/04\/IMG_5282-1024x768.jpeg 1024w, https:\/\/www.stachristiana.at\/app\/uploads\/sites\/7\/2026\/04\/IMG_5282-400x300.jpeg 400w, https:\/\/www.stachristiana.at\/app\/uploads\/sites\/7\/2026\/04\/IMG_5282-768x576.jpeg 768w, https:\/\/www.stachristiana.at\/app\/uploads\/sites\/7\/2026\/04\/IMG_5282-1536x1152.jpeg 1536w, https:\/\/www.stachristiana.at\/app\/uploads\/sites\/7\/2026\/04\/IMG_5282-2048x1536.jpeg 2048w, https:\/\/www.stachristiana.at\/app\/uploads\/sites\/7\/2026\/04\/IMG_5282-613x460.jpeg 613w, https:\/\/www.stachristiana.at\/app\/uploads\/sites\/7\/2026\/04\/IMG_5282-100x75.jpeg 100w\" sizes=\"auto, (max-width: 1024px) 100vw, 1024px\" \/><\/figure>\n\n\n\n<figure class=\"wp-block-image size-large\"><img loading=\"lazy\" decoding=\"async\" width=\"819\" height=\"1024\" src=\"https:\/\/www.stachristiana.at\/app\/uploads\/sites\/7\/2026\/04\/IMG_5306-819x1024.jpeg\" alt=\"\" class=\"wp-image-1776\" srcset=\"https:\/\/www.stachristiana.at\/app\/uploads\/sites\/7\/2026\/04\/IMG_5306-819x1024.jpeg 819w, https:\/\/www.stachristiana.at\/app\/uploads\/sites\/7\/2026\/04\/IMG_5306-320x400.jpeg 320w, https:\/\/www.stachristiana.at\/app\/uploads\/sites\/7\/2026\/04\/IMG_5306-768x960.jpeg 768w, https:\/\/www.stachristiana.at\/app\/uploads\/sites\/7\/2026\/04\/IMG_5306-1229x1536.jpeg 1229w, https:\/\/www.stachristiana.at\/app\/uploads\/sites\/7\/2026\/04\/IMG_5306-368x460.jpeg 368w, https:\/\/www.stachristiana.at\/app\/uploads\/sites\/7\/2026\/04\/IMG_5306-60x75.jpeg 60w, https:\/\/www.stachristiana.at\/app\/uploads\/sites\/7\/2026\/04\/IMG_5306.jpeg 1320w\" sizes=\"auto, (max-width: 819px) 100vw, 819px\" \/><\/figure>\n\n\n\n<figure class=\"wp-block-image size-large\"><img loading=\"lazy\" decoding=\"async\" width=\"1438\" height=\"1078\" src=\"https:\/\/www.stachristiana.at\/app\/uploads\/sites\/7\/2026\/04\/9affd4c6-8f70-4fa3-a484-24fa01f66b8a-1-edited.jpeg\" alt=\"\" class=\"wp-image-1779\" srcset=\"https:\/\/www.stachristiana.at\/app\/uploads\/sites\/7\/2026\/04\/9affd4c6-8f70-4fa3-a484-24fa01f66b8a-1-edited.jpeg 1438w, https:\/\/www.stachristiana.at\/app\/uploads\/sites\/7\/2026\/04\/9affd4c6-8f70-4fa3-a484-24fa01f66b8a-1-edited-400x300.jpeg 400w, https:\/\/www.stachristiana.at\/app\/uploads\/sites\/7\/2026\/04\/9affd4c6-8f70-4fa3-a484-24fa01f66b8a-1-edited-1024x768.jpeg 1024w, https:\/\/www.stachristiana.at\/app\/uploads\/sites\/7\/2026\/04\/9affd4c6-8f70-4fa3-a484-24fa01f66b8a-1-edited-768x576.jpeg 768w, https:\/\/www.stachristiana.at\/app\/uploads\/sites\/7\/2026\/04\/9affd4c6-8f70-4fa3-a484-24fa01f66b8a-1-edited-614x460.jpeg 614w, https:\/\/www.stachristiana.at\/app\/uploads\/sites\/7\/2026\/04\/9affd4c6-8f70-4fa3-a484-24fa01f66b8a-1-edited-100x75.jpeg 100w\" sizes=\"auto, (max-width: 1438px) 100vw, 1438px\" \/><\/figure>\n\n\n\n<p><\/p>\n","protected":false},"excerpt":{"rendered":"<p>Zum runden Geburtstag unserer Frau Direktor Sabine Hansen haben unsere Sch\u00fclerinnen und Sch\u00fcler gemeinsam mit ihren Lehrer:innen eine gro\u00dfartige \u00dcberraschung vorbereitet: Mit viel Engagement und Herz probten sie ein Lied zu ihren Ehren ein.&nbsp; Liebe Frau Direktor, vielen Dank f\u00fcr Ihren wertsch\u00e4tzenden Umgang, dass Sie immer ein offenes Ohr f\u00fcr uns haben und unsere Schule [&hellip;]<\/p>\n","protected":false},"author":79,"featured_media":0,"comment_status":"closed","ping_status":"closed","sticky":false,"template":"","format":"standard","meta":{"footnotes":""},"categories":[1],"tags":[],"class_list":["post-1772","post","type-post","status-publish","format-standard","hentry","category-news"],"acf":[],"yoast_head":"<!-- This site is optimized with the Yoast SEO plugin v26.8 - https:\/\/yoast.com\/product\/yoast-seo-wordpress\/ -->\n<title>Ein \u00dcberraschungsst\u00e4ndchen f\u00fcr unsere Frau Direktor! - Volksschule Rodaun<\/title>\n<meta name=\"robots\" content=\"index, follow, max-snippet:-1, max-image-preview:large, max-video-preview:-1\" \/>\n<link rel=\"canonical\" href=\"https:\/\/www.stachristiana.at\/volksschule-rodaun\/news\/ein-ueberraschungsstaendchen-fuer-unsere-frau-direktor.html\" \/>\n<meta property=\"og:locale\" content=\"de_DE\" \/>\n<meta property=\"og:type\" content=\"article\" \/>\n<meta property=\"og:title\" content=\"Ein \u00dcberraschungsst\u00e4ndchen f\u00fcr unsere Frau Direktor! - Volksschule Rodaun\" \/>\n<meta property=\"og:description\" content=\"Zum runden Geburtstag unserer Frau Direktor Sabine Hansen haben unsere Sch\u00fclerinnen und Sch\u00fcler gemeinsam mit ihren Lehrer:innen eine gro\u00dfartige \u00dcberraschung vorbereitet: Mit viel Engagement und Herz probten sie ein Lied zu ihren Ehren ein.&nbsp; Liebe Frau Direktor, vielen Dank f\u00fcr Ihren wertsch\u00e4tzenden Umgang, dass Sie immer ein offenes Ohr f\u00fcr uns haben und unsere Schule [&hellip;]\" \/>\n<meta property=\"og:url\" content=\"https:\/\/www.stachristiana.at\/volksschule-rodaun\/news\/ein-ueberraschungsstaendchen-fuer-unsere-frau-direktor.html\" \/>\n<meta property=\"og:site_name\" content=\"Volksschule Rodaun\" \/>\n<meta property=\"article:published_time\" content=\"2026-04-21T07:02:28+00:00\" \/>\n<meta property=\"article:modified_time\" content=\"2026-04-21T07:02:30+00:00\" \/>\n<meta property=\"og:image\" content=\"https:\/\/www.stachristiana.at\/app\/uploads\/sites\/7\/2026\/04\/IMG_5282-1024x768.jpeg\" \/>\n\t<meta property=\"og:image:width\" content=\"1024\" \/>\n\t<meta property=\"og:image:height\" content=\"768\" \/>\n\t<meta property=\"og:image:type\" content=\"image\/jpeg\" \/>\n<meta name=\"author\" content=\"teresaspiess\" \/>\n<meta name=\"twitter:card\" content=\"summary_large_image\" \/>\n<meta name=\"twitter:label1\" content=\"Verfasst von\" \/>\n\t<meta name=\"twitter:data1\" content=\"teresaspiess\" \/>\n\t<meta name=\"twitter:label2\" content=\"Gesch\u00e4tzte Lesezeit\" \/>\n\t<meta name=\"twitter:data2\" content=\"2\u00a0Minuten\" \/>\n<script type=\"application\/ld+json\" class=\"yoast-schema-graph\">{\"@context\":\"https:\/\/schema.org\",\"@graph\":[{\"@type\":\"Article\",\"@id\":\"https:\/\/www.stachristiana.at\/volksschule-rodaun\/news\/ein-ueberraschungsstaendchen-fuer-unsere-frau-direktor.html#article\",\"isPartOf\":{\"@id\":\"https:\/\/www.stachristiana.at\/volksschule-rodaun\/news\/ein-ueberraschungsstaendchen-fuer-unsere-frau-direktor.html\"},\"author\":{\"name\":\"teresaspiess\",\"@id\":\"https:\/\/www.stachristiana.at\/volksschule-rodaun\/#\/schema\/person\/145981df32740f5ce76015703024cf57\"},\"headline\":\"Ein \u00dcberraschungsst\u00e4ndchen f\u00fcr unsere Frau Direktor!\",\"datePublished\":\"2026-04-21T07:02:28+00:00\",\"dateModified\":\"2026-04-21T07:02:30+00:00\",\"mainEntityOfPage\":{\"@id\":\"https:\/\/www.stachristiana.at\/volksschule-rodaun\/news\/ein-ueberraschungsstaendchen-fuer-unsere-frau-direktor.html\"},\"wordCount\":95,\"publisher\":{\"@id\":\"https:\/\/www.stachristiana.at\/volksschule-rodaun\/#organization\"},\"image\":{\"@id\":\"https:\/\/www.stachristiana.at\/volksschule-rodaun\/news\/ein-ueberraschungsstaendchen-fuer-unsere-frau-direktor.html#primaryimage\"},\"thumbnailUrl\":\"https:\/\/www.stachristiana.at\/app\/uploads\/sites\/7\/2026\/04\/IMG_5282-1024x768.jpeg\",\"articleSection\":[\"News\"],\"inLanguage\":\"de\"},{\"@type\":\"WebPage\",\"@id\":\"https:\/\/www.stachristiana.at\/volksschule-rodaun\/news\/ein-ueberraschungsstaendchen-fuer-unsere-frau-direktor.html\",\"url\":\"https:\/\/www.stachristiana.at\/volksschule-rodaun\/news\/ein-ueberraschungsstaendchen-fuer-unsere-frau-direktor.html\",\"name\":\"Ein \u00dcberraschungsst\u00e4ndchen f\u00fcr unsere Frau Direktor! - Volksschule Rodaun\",\"isPartOf\":{\"@id\":\"https:\/\/www.stachristiana.at\/volksschule-rodaun\/#website\"},\"primaryImageOfPage\":{\"@id\":\"https:\/\/www.stachristiana.at\/volksschule-rodaun\/news\/ein-ueberraschungsstaendchen-fuer-unsere-frau-direktor.html#primaryimage\"},\"image\":{\"@id\":\"https:\/\/www.stachristiana.at\/volksschule-rodaun\/news\/ein-ueberraschungsstaendchen-fuer-unsere-frau-direktor.html#primaryimage\"},\"thumbnailUrl\":\"https:\/\/www.stachristiana.at\/app\/uploads\/sites\/7\/2026\/04\/IMG_5282-1024x768.jpeg\",\"datePublished\":\"2026-04-21T07:02:28+00:00\",\"dateModified\":\"2026-04-21T07:02:30+00:00\",\"breadcrumb\":{\"@id\":\"https:\/\/www.stachristiana.at\/volksschule-rodaun\/news\/ein-ueberraschungsstaendchen-fuer-unsere-frau-direktor.html#breadcrumb\"},\"inLanguage\":\"de\",\"potentialAction\":[{\"@type\":\"ReadAction\",\"target\":[\"https:\/\/www.stachristiana.at\/volksschule-rodaun\/news\/ein-ueberraschungsstaendchen-fuer-unsere-frau-direktor.html\"]}]},{\"@type\":\"ImageObject\",\"inLanguage\":\"de\",\"@id\":\"https:\/\/www.stachristiana.at\/volksschule-rodaun\/news\/ein-ueberraschungsstaendchen-fuer-unsere-frau-direktor.html#primaryimage\",\"url\":\"https:\/\/www.stachristiana.at\/app\/uploads\/sites\/7\/2026\/04\/IMG_5282-1024x768.jpeg\",\"contentUrl\":\"https:\/\/www.stachristiana.at\/app\/uploads\/sites\/7\/2026\/04\/IMG_5282-1024x768.jpeg\"},{\"@type\":\"BreadcrumbList\",\"@id\":\"https:\/\/www.stachristiana.at\/volksschule-rodaun\/news\/ein-ueberraschungsstaendchen-fuer-unsere-frau-direktor.html#breadcrumb\",\"itemListElement\":[{\"@type\":\"ListItem\",\"position\":1,\"name\":\"Start\",\"item\":\"https:\/\/www.stachristiana.at\/\"},{\"@type\":\"ListItem\",\"position\":2,\"name\":\"Ein \u00dcberraschungsst\u00e4ndchen f\u00fcr unsere Frau Direktor!\"}]},{\"@type\":\"WebSite\",\"@id\":\"https:\/\/www.stachristiana.at\/volksschule-rodaun\/#website\",\"url\":\"https:\/\/www.stachristiana.at\/volksschule-rodaun\/\",\"name\":\"Sta. Christiana - Private Volksschule Rodaun\",\"description\":\"Schulen zum Leben\",\"publisher\":{\"@id\":\"https:\/\/www.stachristiana.at\/volksschule-rodaun\/#organization\"},\"alternateName\":\"Sta. Christiana\",\"potentialAction\":[{\"@type\":\"SearchAction\",\"target\":{\"@type\":\"EntryPoint\",\"urlTemplate\":\"https:\/\/www.stachristiana.at\/volksschule-rodaun\/?s={search_term_string}\"},\"query-input\":{\"@type\":\"PropertyValueSpecification\",\"valueRequired\":true,\"valueName\":\"search_term_string\"}}],\"inLanguage\":\"de\"},{\"@type\":\"Organization\",\"@id\":\"https:\/\/www.stachristiana.at\/volksschule-rodaun\/#organization\",\"name\":\"Sta. Christiana - Private Volksschule Rodaun\",\"alternateName\":\"Sta. Christiana\",\"url\":\"https:\/\/www.stachristiana.at\/volksschule-rodaun\/\",\"logo\":{\"@type\":\"ImageObject\",\"inLanguage\":\"de\",\"@id\":\"https:\/\/www.stachristiana.at\/volksschule-rodaun\/#\/schema\/logo\/image\/\",\"url\":\"https:\/\/www.stachristiana.at\/app\/uploads\/sites\/7\/2022\/05\/logo-sta-christiana.png\",\"contentUrl\":\"https:\/\/www.stachristiana.at\/app\/uploads\/sites\/7\/2022\/05\/logo-sta-christiana.png\",\"width\":1200,\"height\":491,\"caption\":\"Sta. Christiana - Private Volksschule Rodaun\"},\"image\":{\"@id\":\"https:\/\/www.stachristiana.at\/volksschule-rodaun\/#\/schema\/logo\/image\/\"}},{\"@type\":\"Person\",\"@id\":\"https:\/\/www.stachristiana.at\/volksschule-rodaun\/#\/schema\/person\/145981df32740f5ce76015703024cf57\",\"name\":\"teresaspiess\",\"image\":{\"@type\":\"ImageObject\",\"inLanguage\":\"de\",\"@id\":\"https:\/\/www.stachristiana.at\/volksschule-rodaun\/#\/schema\/person\/image\/\",\"url\":\"https:\/\/secure.gravatar.com\/avatar\/07fb5e28c564dbade850e52239d0e4c0317f92215405dd0f28a0468c307ad1ac?s=96&d=mm&r=g\",\"contentUrl\":\"https:\/\/secure.gravatar.com\/avatar\/07fb5e28c564dbade850e52239d0e4c0317f92215405dd0f28a0468c307ad1ac?s=96&d=mm&r=g\",\"caption\":\"teresaspiess\"},\"url\":\"https:\/\/www.stachristiana.at\/volksschule-rodaun\/author\/teresaspiess\"}]}<\/script>\n<!-- \/ Yoast SEO plugin. -->","yoast_head_json":{"title":"Ein \u00dcberraschungsst\u00e4ndchen f\u00fcr unsere Frau Direktor! - Volksschule Rodaun","robots":{"index":"index","follow":"follow","max-snippet":"max-snippet:-1","max-image-preview":"max-image-preview:large","max-video-preview":"max-video-preview:-1"},"canonical":"https:\/\/www.stachristiana.at\/volksschule-rodaun\/news\/ein-ueberraschungsstaendchen-fuer-unsere-frau-direktor.html","og_locale":"de_DE","og_type":"article","og_title":"Ein \u00dcberraschungsst\u00e4ndchen f\u00fcr unsere Frau Direktor! - Volksschule Rodaun","og_description":"Zum runden Geburtstag unserer Frau Direktor Sabine Hansen haben unsere Sch\u00fclerinnen und Sch\u00fcler gemeinsam mit ihren Lehrer:innen eine gro\u00dfartige \u00dcberraschung vorbereitet: Mit viel Engagement und Herz probten sie ein Lied zu ihren Ehren ein.&nbsp; Liebe Frau Direktor, vielen Dank f\u00fcr Ihren wertsch\u00e4tzenden Umgang, dass Sie immer ein offenes Ohr f\u00fcr uns haben und unsere Schule [&hellip;]","og_url":"https:\/\/www.stachristiana.at\/volksschule-rodaun\/news\/ein-ueberraschungsstaendchen-fuer-unsere-frau-direktor.html","og_site_name":"Volksschule Rodaun","article_published_time":"2026-04-21T07:02:28+00:00","article_modified_time":"2026-04-21T07:02:30+00:00","og_image":[{"width":1024,"height":768,"url":"https:\/\/www.stachristiana.at\/app\/uploads\/sites\/7\/2026\/04\/IMG_5282-1024x768.jpeg","type":"image\/jpeg"}],"author":"teresaspiess","twitter_card":"summary_large_image","twitter_misc":{"Verfasst von":"teresaspiess","Gesch\u00e4tzte Lesezeit":"2\u00a0Minuten"},"schema":{"@context":"https:\/\/schema.org","@graph":[{"@type":"Article","@id":"https:\/\/www.stachristiana.at\/volksschule-rodaun\/news\/ein-ueberraschungsstaendchen-fuer-unsere-frau-direktor.html#article","isPartOf":{"@id":"https:\/\/www.stachristiana.at\/volksschule-rodaun\/news\/ein-ueberraschungsstaendchen-fuer-unsere-frau-direktor.html"},"author":{"name":"teresaspiess","@id":"https:\/\/www.stachristiana.at\/volksschule-rodaun\/#\/schema\/person\/145981df32740f5ce76015703024cf57"},"headline":"Ein \u00dcberraschungsst\u00e4ndchen f\u00fcr unsere Frau Direktor!","datePublished":"2026-04-21T07:02:28+00:00","dateModified":"2026-04-21T07:02:30+00:00","mainEntityOfPage":{"@id":"https:\/\/www.stachristiana.at\/volksschule-rodaun\/news\/ein-ueberraschungsstaendchen-fuer-unsere-frau-direktor.html"},"wordCount":95,"publisher":{"@id":"https:\/\/www.stachristiana.at\/volksschule-rodaun\/#organization"},"image":{"@id":"https:\/\/www.stachristiana.at\/volksschule-rodaun\/news\/ein-ueberraschungsstaendchen-fuer-unsere-frau-direktor.html#primaryimage"},"thumbnailUrl":"https:\/\/www.stachristiana.at\/app\/uploads\/sites\/7\/2026\/04\/IMG_5282-1024x768.jpeg","articleSection":["News"],"inLanguage":"de"},{"@type":"WebPage","@id":"https:\/\/www.stachristiana.at\/volksschule-rodaun\/news\/ein-ueberraschungsstaendchen-fuer-unsere-frau-direktor.html","url":"https:\/\/www.stachristiana.at\/volksschule-rodaun\/news\/ein-ueberraschungsstaendchen-fuer-unsere-frau-direktor.html","name":"Ein \u00dcberraschungsst\u00e4ndchen f\u00fcr unsere Frau Direktor! - Volksschule Rodaun","isPartOf":{"@id":"https:\/\/www.stachristiana.at\/volksschule-rodaun\/#website"},"primaryImageOfPage":{"@id":"https:\/\/www.stachristiana.at\/volksschule-rodaun\/news\/ein-ueberraschungsstaendchen-fuer-unsere-frau-direktor.html#primaryimage"},"image":{"@id":"https:\/\/www.stachristiana.at\/volksschule-rodaun\/news\/ein-ueberraschungsstaendchen-fuer-unsere-frau-direktor.html#primaryimage"},"thumbnailUrl":"https:\/\/www.stachristiana.at\/app\/uploads\/sites\/7\/2026\/04\/IMG_5282-1024x768.jpeg","datePublished":"2026-04-21T07:02:28+00:00","dateModified":"2026-04-21T07:02:30+00:00","breadcrumb":{"@id":"https:\/\/www.stachristiana.at\/volksschule-rodaun\/news\/ein-ueberraschungsstaendchen-fuer-unsere-frau-direktor.html#breadcrumb"},"inLanguage":"de","potentialAction":[{"@type":"ReadAction","target":["https:\/\/www.stachristiana.at\/volksschule-rodaun\/news\/ein-ueberraschungsstaendchen-fuer-unsere-frau-direktor.html"]}]},{"@type":"ImageObject","inLanguage":"de","@id":"https:\/\/www.stachristiana.at\/volksschule-rodaun\/news\/ein-ueberraschungsstaendchen-fuer-unsere-frau-direktor.html#primaryimage","url":"https:\/\/www.stachristiana.at\/app\/uploads\/sites\/7\/2026\/04\/IMG_5282-1024x768.jpeg","contentUrl":"https:\/\/www.stachristiana.at\/app\/uploads\/sites\/7\/2026\/04\/IMG_5282-1024x768.jpeg"},{"@type":"BreadcrumbList","@id":"https:\/\/www.stachristiana.at\/volksschule-rodaun\/news\/ein-ueberraschungsstaendchen-fuer-unsere-frau-direktor.html#breadcrumb","itemListElement":[{"@type":"ListItem","position":1,"name":"Start","item":"https:\/\/www.stachristiana.at\/"},{"@type":"ListItem","position":2,"name":"Ein \u00dcberraschungsst\u00e4ndchen f\u00fcr unsere Frau Direktor!"}]},{"@type":"WebSite","@id":"https:\/\/www.stachristiana.at\/volksschule-rodaun\/#website","url":"https:\/\/www.stachristiana.at\/volksschule-rodaun\/","name":"Sta. Christiana - Private Volksschule Rodaun","description":"Schulen zum Leben","publisher":{"@id":"https:\/\/www.stachristiana.at\/volksschule-rodaun\/#organization"},"alternateName":"Sta. Christiana","potentialAction":[{"@type":"SearchAction","target":{"@type":"EntryPoint","urlTemplate":"https:\/\/www.stachristiana.at\/volksschule-rodaun\/?s={search_term_string}"},"query-input":{"@type":"PropertyValueSpecification","valueRequired":true,"valueName":"search_term_string"}}],"inLanguage":"de"},{"@type":"Organization","@id":"https:\/\/www.stachristiana.at\/volksschule-rodaun\/#organization","name":"Sta. Christiana - Private Volksschule Rodaun","alternateName":"Sta. Christiana","url":"https:\/\/www.stachristiana.at\/volksschule-rodaun\/","logo":{"@type":"ImageObject","inLanguage":"de","@id":"https:\/\/www.stachristiana.at\/volksschule-rodaun\/#\/schema\/logo\/image\/","url":"https:\/\/www.stachristiana.at\/app\/uploads\/sites\/7\/2022\/05\/logo-sta-christiana.png","contentUrl":"https:\/\/www.stachristiana.at\/app\/uploads\/sites\/7\/2022\/05\/logo-sta-christiana.png","width":1200,"height":491,"caption":"Sta. Christiana - Private Volksschule Rodaun"},"image":{"@id":"https:\/\/www.stachristiana.at\/volksschule-rodaun\/#\/schema\/logo\/image\/"}},{"@type":"Person","@id":"https:\/\/www.stachristiana.at\/volksschule-rodaun\/#\/schema\/person\/145981df32740f5ce76015703024cf57","name":"teresaspiess","image":{"@type":"ImageObject","inLanguage":"de","@id":"https:\/\/www.stachristiana.at\/volksschule-rodaun\/#\/schema\/person\/image\/","url":"https:\/\/secure.gravatar.com\/avatar\/07fb5e28c564dbade850e52239d0e4c0317f92215405dd0f28a0468c307ad1ac?s=96&d=mm&r=g","contentUrl":"https:\/\/secure.gravatar.com\/avatar\/07fb5e28c564dbade850e52239d0e4c0317f92215405dd0f28a0468c307ad1ac?s=96&d=mm&r=g","caption":"teresaspiess"},"url":"https:\/\/www.stachristiana.at\/volksschule-rodaun\/author\/teresaspiess"}]}},"_links":{"self":[{"href":"https:\/\/www.stachristiana.at\/volksschule-rodaun\/wp-json\/wp\/v2\/posts\/1772","targetHints":{"allow":["GET"]}}],"collection":[{"href":"https:\/\/www.stachristiana.at\/volksschule-rodaun\/wp-json\/wp\/v2\/posts"}],"about":[{"href":"https:\/\/www.stachristiana.at\/volksschule-rodaun\/wp-json\/wp\/v2\/types\/post"}],"author":[{"embeddable":true,"href":"https:\/\/www.stachristiana.at\/volksschule-rodaun\/wp-json\/wp\/v2\/users\/79"}],"replies":[{"embeddable":true,"href":"https:\/\/www.stachristiana.at\/volksschule-rodaun\/wp-json\/wp\/v2\/comments?post=1772"}],"version-history":[{"count":1,"href":"https:\/\/www.stachristiana.at\/volksschule-rodaun\/wp-json\/wp\/v2\/posts\/1772\/revisions"}],"predecessor-version":[{"id":1780,"href":"https:\/\/www.stachristiana.at\/volksschule-rodaun\/wp-json\/wp\/v2\/posts\/1772\/revisions\/1780"}],"wp:attachment":[{"href":"https:\/\/www.stachristiana.at\/volksschule-rodaun\/wp-json\/wp\/v2\/media?parent=1772"}],"wp:term":[{"taxonomy":"category","embeddable":true,"href":"https:\/\/www.stachristiana.at\/volksschule-rodaun\/wp-json\/wp\/v2\/categories?post=1772"},{"taxonomy":"post_tag","embeddable":true,"href":"https:\/\/www.stachristiana.at\/volksschule-rodaun\/wp-json\/wp\/v2\/tags?post=1772"}],"curies":[{"name":"wp","href":"https:\/\/api.w.org\/{rel}","templated":true}]}}