{"id":1700,"date":"2026-02-24T19:03:51","date_gmt":"2026-02-24T18:03:51","guid":{"rendered":"https:\/\/www.stachristiana.at\/volksschule-rodaun\/?p=1700"},"modified":"2026-02-24T19:03:52","modified_gmt":"2026-02-24T18:03:52","slug":"skitag-am-semmering","status":"publish","type":"post","link":"https:\/\/www.stachristiana.at\/volksschule-rodaun\/news\/skitag-am-semmering.html","title":{"rendered":"Skitag am Semmering"},"content":{"rendered":"\n<p>Was f\u00fcr ein gro\u00dfartiger Tag! Die 4A und 4B verbrachten einen fantastischen Skitag am Semmering. Bei besten Bedingungen und einer super pr\u00e4parierten Piste konnten alle ihr K\u00f6nnen zeigen und jede Menge Spa\u00df im Schnee genie\u00dfen.<\/p>\n\n\n\n<figure class=\"wp-block-image size-large\"><img loading=\"lazy\" decoding=\"async\" width=\"1024\" height=\"768\" src=\"https:\/\/www.stachristiana.at\/app\/uploads\/sites\/7\/2026\/02\/534d3654-8bed-485d-8a8e-1aac51880204-1024x768.jpeg\" alt=\"\" class=\"wp-image-1701\" srcset=\"https:\/\/www.stachristiana.at\/app\/uploads\/sites\/7\/2026\/02\/534d3654-8bed-485d-8a8e-1aac51880204-1024x768.jpeg 1024w, https:\/\/www.stachristiana.at\/app\/uploads\/sites\/7\/2026\/02\/534d3654-8bed-485d-8a8e-1aac51880204-400x300.jpeg 400w, https:\/\/www.stachristiana.at\/app\/uploads\/sites\/7\/2026\/02\/534d3654-8bed-485d-8a8e-1aac51880204-768x576.jpeg 768w, https:\/\/www.stachristiana.at\/app\/uploads\/sites\/7\/2026\/02\/534d3654-8bed-485d-8a8e-1aac51880204-1536x1152.jpeg 1536w, https:\/\/www.stachristiana.at\/app\/uploads\/sites\/7\/2026\/02\/534d3654-8bed-485d-8a8e-1aac51880204-2048x1536.jpeg 2048w, https:\/\/www.stachristiana.at\/app\/uploads\/sites\/7\/2026\/02\/534d3654-8bed-485d-8a8e-1aac51880204-613x460.jpeg 613w, https:\/\/www.stachristiana.at\/app\/uploads\/sites\/7\/2026\/02\/534d3654-8bed-485d-8a8e-1aac51880204-100x75.jpeg 100w\" sizes=\"auto, (max-width: 1024px) 100vw, 1024px\" \/><\/figure>\n\n\n\n<figure class=\"wp-block-image size-large\"><img loading=\"lazy\" decoding=\"async\" width=\"768\" height=\"1024\" src=\"https:\/\/www.stachristiana.at\/app\/uploads\/sites\/7\/2026\/02\/6530abb4-c012-448e-bd2a-52b66d277ed1-768x1024.jpeg\" alt=\"\" class=\"wp-image-1702\" srcset=\"https:\/\/www.stachristiana.at\/app\/uploads\/sites\/7\/2026\/02\/6530abb4-c012-448e-bd2a-52b66d277ed1-768x1024.jpeg 768w, https:\/\/www.stachristiana.at\/app\/uploads\/sites\/7\/2026\/02\/6530abb4-c012-448e-bd2a-52b66d277ed1-300x400.jpeg 300w, https:\/\/www.stachristiana.at\/app\/uploads\/sites\/7\/2026\/02\/6530abb4-c012-448e-bd2a-52b66d277ed1-1152x1536.jpeg 1152w, https:\/\/www.stachristiana.at\/app\/uploads\/sites\/7\/2026\/02\/6530abb4-c012-448e-bd2a-52b66d277ed1-1536x2048.jpeg 1536w, https:\/\/www.stachristiana.at\/app\/uploads\/sites\/7\/2026\/02\/6530abb4-c012-448e-bd2a-52b66d277ed1-345x460.jpeg 345w, https:\/\/www.stachristiana.at\/app\/uploads\/sites\/7\/2026\/02\/6530abb4-c012-448e-bd2a-52b66d277ed1-56x75.jpeg 56w\" sizes=\"auto, (max-width: 768px) 100vw, 768px\" \/><\/figure>\n\n\n\n<figure class=\"wp-block-image size-large\"><img loading=\"lazy\" decoding=\"async\" width=\"1024\" height=\"768\" src=\"https:\/\/www.stachristiana.at\/app\/uploads\/sites\/7\/2026\/02\/b68b070a-f314-4dd0-829c-d9936056b948-1024x768.jpeg\" alt=\"\" class=\"wp-image-1703\" srcset=\"https:\/\/www.stachristiana.at\/app\/uploads\/sites\/7\/2026\/02\/b68b070a-f314-4dd0-829c-d9936056b948-1024x768.jpeg 1024w, https:\/\/www.stachristiana.at\/app\/uploads\/sites\/7\/2026\/02\/b68b070a-f314-4dd0-829c-d9936056b948-400x300.jpeg 400w, https:\/\/www.stachristiana.at\/app\/uploads\/sites\/7\/2026\/02\/b68b070a-f314-4dd0-829c-d9936056b948-768x576.jpeg 768w, https:\/\/www.stachristiana.at\/app\/uploads\/sites\/7\/2026\/02\/b68b070a-f314-4dd0-829c-d9936056b948-1536x1152.jpeg 1536w, https:\/\/www.stachristiana.at\/app\/uploads\/sites\/7\/2026\/02\/b68b070a-f314-4dd0-829c-d9936056b948-2048x1536.jpeg 2048w, https:\/\/www.stachristiana.at\/app\/uploads\/sites\/7\/2026\/02\/b68b070a-f314-4dd0-829c-d9936056b948-613x460.jpeg 613w, https:\/\/www.stachristiana.at\/app\/uploads\/sites\/7\/2026\/02\/b68b070a-f314-4dd0-829c-d9936056b948-100x75.jpeg 100w\" sizes=\"auto, (max-width: 1024px) 100vw, 1024px\" \/><\/figure>\n\n\n\n<figure class=\"wp-block-image size-large\"><img loading=\"lazy\" decoding=\"async\" width=\"1024\" height=\"768\" src=\"https:\/\/www.stachristiana.at\/app\/uploads\/sites\/7\/2026\/02\/adb17d5f-878f-4e86-a225-37dbd1416b9a-1024x768.jpeg\" alt=\"\" class=\"wp-image-1704\" srcset=\"https:\/\/www.stachristiana.at\/app\/uploads\/sites\/7\/2026\/02\/adb17d5f-878f-4e86-a225-37dbd1416b9a-1024x768.jpeg 1024w, https:\/\/www.stachristiana.at\/app\/uploads\/sites\/7\/2026\/02\/adb17d5f-878f-4e86-a225-37dbd1416b9a-400x300.jpeg 400w, https:\/\/www.stachristiana.at\/app\/uploads\/sites\/7\/2026\/02\/adb17d5f-878f-4e86-a225-37dbd1416b9a-768x576.jpeg 768w, https:\/\/www.stachristiana.at\/app\/uploads\/sites\/7\/2026\/02\/adb17d5f-878f-4e86-a225-37dbd1416b9a-1536x1152.jpeg 1536w, https:\/\/www.stachristiana.at\/app\/uploads\/sites\/7\/2026\/02\/adb17d5f-878f-4e86-a225-37dbd1416b9a-2048x1536.jpeg 2048w, https:\/\/www.stachristiana.at\/app\/uploads\/sites\/7\/2026\/02\/adb17d5f-878f-4e86-a225-37dbd1416b9a-613x460.jpeg 613w, https:\/\/www.stachristiana.at\/app\/uploads\/sites\/7\/2026\/02\/adb17d5f-878f-4e86-a225-37dbd1416b9a-100x75.jpeg 100w\" sizes=\"auto, (max-width: 1024px) 100vw, 1024px\" \/><\/figure>\n","protected":false},"excerpt":{"rendered":"<p>Was f\u00fcr ein gro\u00dfartiger Tag! Die 4A und 4B verbrachten einen fantastischen Skitag am Semmering. Bei besten Bedingungen und einer super pr\u00e4parierten Piste konnten alle ihr K\u00f6nnen zeigen und jede Menge Spa\u00df im Schnee genie\u00dfen.<\/p>\n","protected":false},"author":79,"featured_media":0,"comment_status":"closed","ping_status":"closed","sticky":false,"template":"","format":"standard","meta":{"footnotes":""},"categories":[1],"tags":[],"class_list":["post-1700","post","type-post","status-publish","format-standard","hentry","category-news"],"acf":[],"yoast_head":"<!-- This site is optimized with the Yoast SEO plugin v26.8 - https:\/\/yoast.com\/product\/yoast-seo-wordpress\/ -->\n<title>Skitag am Semmering - Volksschule Rodaun<\/title>\n<meta name=\"robots\" content=\"index, follow, max-snippet:-1, max-image-preview:large, max-video-preview:-1\" \/>\n<link rel=\"canonical\" href=\"https:\/\/www.stachristiana.at\/volksschule-rodaun\/news\/skitag-am-semmering.html\" \/>\n<meta property=\"og:locale\" content=\"de_DE\" \/>\n<meta property=\"og:type\" content=\"article\" \/>\n<meta property=\"og:title\" content=\"Skitag am Semmering - Volksschule Rodaun\" \/>\n<meta property=\"og:description\" content=\"Was f\u00fcr ein gro\u00dfartiger Tag! Die 4A und 4B verbrachten einen fantastischen Skitag am Semmering. Bei besten Bedingungen und einer super pr\u00e4parierten Piste konnten alle ihr K\u00f6nnen zeigen und jede Menge Spa\u00df im Schnee genie\u00dfen.\" \/>\n<meta property=\"og:url\" content=\"https:\/\/www.stachristiana.at\/volksschule-rodaun\/news\/skitag-am-semmering.html\" \/>\n<meta property=\"og:site_name\" content=\"Volksschule Rodaun\" \/>\n<meta property=\"article:published_time\" content=\"2026-02-24T18:03:51+00:00\" \/>\n<meta property=\"article:modified_time\" content=\"2026-02-24T18:03:52+00:00\" \/>\n<meta property=\"og:image\" content=\"https:\/\/www.stachristiana.at\/app\/uploads\/sites\/7\/2026\/02\/534d3654-8bed-485d-8a8e-1aac51880204-1024x768.jpeg\" \/>\n\t<meta property=\"og:image:width\" content=\"1024\" \/>\n\t<meta property=\"og:image:height\" content=\"768\" \/>\n\t<meta property=\"og:image:type\" content=\"image\/jpeg\" \/>\n<meta name=\"author\" content=\"teresaspiess\" \/>\n<meta name=\"twitter:card\" content=\"summary_large_image\" \/>\n<meta name=\"twitter:label1\" content=\"Verfasst von\" \/>\n\t<meta name=\"twitter:data1\" content=\"teresaspiess\" \/>\n\t<meta name=\"twitter:label2\" content=\"Gesch\u00e4tzte Lesezeit\" \/>\n\t<meta name=\"twitter:data2\" content=\"1\u00a0Minute\" \/>\n<script type=\"application\/ld+json\" class=\"yoast-schema-graph\">{\"@context\":\"https:\/\/schema.org\",\"@graph\":[{\"@type\":\"Article\",\"@id\":\"https:\/\/www.stachristiana.at\/volksschule-rodaun\/news\/skitag-am-semmering.html#article\",\"isPartOf\":{\"@id\":\"https:\/\/www.stachristiana.at\/volksschule-rodaun\/news\/skitag-am-semmering.html\"},\"author\":{\"name\":\"teresaspiess\",\"@id\":\"https:\/\/www.stachristiana.at\/volksschule-rodaun\/#\/schema\/person\/145981df32740f5ce76015703024cf57\"},\"headline\":\"Skitag am Semmering\",\"datePublished\":\"2026-02-24T18:03:51+00:00\",\"dateModified\":\"2026-02-24T18:03:52+00:00\",\"mainEntityOfPage\":{\"@id\":\"https:\/\/www.stachristiana.at\/volksschule-rodaun\/news\/skitag-am-semmering.html\"},\"wordCount\":43,\"publisher\":{\"@id\":\"https:\/\/www.stachristiana.at\/volksschule-rodaun\/#organization\"},\"image\":{\"@id\":\"https:\/\/www.stachristiana.at\/volksschule-rodaun\/news\/skitag-am-semmering.html#primaryimage\"},\"thumbnailUrl\":\"https:\/\/www.stachristiana.at\/app\/uploads\/sites\/7\/2026\/02\/534d3654-8bed-485d-8a8e-1aac51880204-1024x768.jpeg\",\"articleSection\":[\"News\"],\"inLanguage\":\"de\"},{\"@type\":\"WebPage\",\"@id\":\"https:\/\/www.stachristiana.at\/volksschule-rodaun\/news\/skitag-am-semmering.html\",\"url\":\"https:\/\/www.stachristiana.at\/volksschule-rodaun\/news\/skitag-am-semmering.html\",\"name\":\"Skitag am Semmering - Volksschule Rodaun\",\"isPartOf\":{\"@id\":\"https:\/\/www.stachristiana.at\/volksschule-rodaun\/#website\"},\"primaryImageOfPage\":{\"@id\":\"https:\/\/www.stachristiana.at\/volksschule-rodaun\/news\/skitag-am-semmering.html#primaryimage\"},\"image\":{\"@id\":\"https:\/\/www.stachristiana.at\/volksschule-rodaun\/news\/skitag-am-semmering.html#primaryimage\"},\"thumbnailUrl\":\"https:\/\/www.stachristiana.at\/app\/uploads\/sites\/7\/2026\/02\/534d3654-8bed-485d-8a8e-1aac51880204-1024x768.jpeg\",\"datePublished\":\"2026-02-24T18:03:51+00:00\",\"dateModified\":\"2026-02-24T18:03:52+00:00\",\"breadcrumb\":{\"@id\":\"https:\/\/www.stachristiana.at\/volksschule-rodaun\/news\/skitag-am-semmering.html#breadcrumb\"},\"inLanguage\":\"de\",\"potentialAction\":[{\"@type\":\"ReadAction\",\"target\":[\"https:\/\/www.stachristiana.at\/volksschule-rodaun\/news\/skitag-am-semmering.html\"]}]},{\"@type\":\"ImageObject\",\"inLanguage\":\"de\",\"@id\":\"https:\/\/www.stachristiana.at\/volksschule-rodaun\/news\/skitag-am-semmering.html#primaryimage\",\"url\":\"https:\/\/www.stachristiana.at\/app\/uploads\/sites\/7\/2026\/02\/534d3654-8bed-485d-8a8e-1aac51880204-1024x768.jpeg\",\"contentUrl\":\"https:\/\/www.stachristiana.at\/app\/uploads\/sites\/7\/2026\/02\/534d3654-8bed-485d-8a8e-1aac51880204-1024x768.jpeg\"},{\"@type\":\"BreadcrumbList\",\"@id\":\"https:\/\/www.stachristiana.at\/volksschule-rodaun\/news\/skitag-am-semmering.html#breadcrumb\",\"itemListElement\":[{\"@type\":\"ListItem\",\"position\":1,\"name\":\"Start\",\"item\":\"https:\/\/www.stachristiana.at\/\"},{\"@type\":\"ListItem\",\"position\":2,\"name\":\"Skitag am Semmering\"}]},{\"@type\":\"WebSite\",\"@id\":\"https:\/\/www.stachristiana.at\/volksschule-rodaun\/#website\",\"url\":\"https:\/\/www.stachristiana.at\/volksschule-rodaun\/\",\"name\":\"Sta. Christiana - Private Volksschule Rodaun\",\"description\":\"Schulen zum Leben\",\"publisher\":{\"@id\":\"https:\/\/www.stachristiana.at\/volksschule-rodaun\/#organization\"},\"alternateName\":\"Sta. Christiana\",\"potentialAction\":[{\"@type\":\"SearchAction\",\"target\":{\"@type\":\"EntryPoint\",\"urlTemplate\":\"https:\/\/www.stachristiana.at\/volksschule-rodaun\/?s={search_term_string}\"},\"query-input\":{\"@type\":\"PropertyValueSpecification\",\"valueRequired\":true,\"valueName\":\"search_term_string\"}}],\"inLanguage\":\"de\"},{\"@type\":\"Organization\",\"@id\":\"https:\/\/www.stachristiana.at\/volksschule-rodaun\/#organization\",\"name\":\"Sta. Christiana - Private Volksschule Rodaun\",\"alternateName\":\"Sta. Christiana\",\"url\":\"https:\/\/www.stachristiana.at\/volksschule-rodaun\/\",\"logo\":{\"@type\":\"ImageObject\",\"inLanguage\":\"de\",\"@id\":\"https:\/\/www.stachristiana.at\/volksschule-rodaun\/#\/schema\/logo\/image\/\",\"url\":\"https:\/\/www.stachristiana.at\/app\/uploads\/sites\/7\/2022\/05\/logo-sta-christiana.png\",\"contentUrl\":\"https:\/\/www.stachristiana.at\/app\/uploads\/sites\/7\/2022\/05\/logo-sta-christiana.png\",\"width\":1200,\"height\":491,\"caption\":\"Sta. Christiana - Private Volksschule Rodaun\"},\"image\":{\"@id\":\"https:\/\/www.stachristiana.at\/volksschule-rodaun\/#\/schema\/logo\/image\/\"}},{\"@type\":\"Person\",\"@id\":\"https:\/\/www.stachristiana.at\/volksschule-rodaun\/#\/schema\/person\/145981df32740f5ce76015703024cf57\",\"name\":\"teresaspiess\",\"image\":{\"@type\":\"ImageObject\",\"inLanguage\":\"de\",\"@id\":\"https:\/\/www.stachristiana.at\/volksschule-rodaun\/#\/schema\/person\/image\/\",\"url\":\"https:\/\/secure.gravatar.com\/avatar\/07fb5e28c564dbade850e52239d0e4c0317f92215405dd0f28a0468c307ad1ac?s=96&d=mm&r=g\",\"contentUrl\":\"https:\/\/secure.gravatar.com\/avatar\/07fb5e28c564dbade850e52239d0e4c0317f92215405dd0f28a0468c307ad1ac?s=96&d=mm&r=g\",\"caption\":\"teresaspiess\"},\"url\":\"https:\/\/www.stachristiana.at\/volksschule-rodaun\/author\/teresaspiess\"}]}<\/script>\n<!-- \/ Yoast SEO plugin. -->","yoast_head_json":{"title":"Skitag am Semmering - Volksschule Rodaun","robots":{"index":"index","follow":"follow","max-snippet":"max-snippet:-1","max-image-preview":"max-image-preview:large","max-video-preview":"max-video-preview:-1"},"canonical":"https:\/\/www.stachristiana.at\/volksschule-rodaun\/news\/skitag-am-semmering.html","og_locale":"de_DE","og_type":"article","og_title":"Skitag am Semmering - Volksschule Rodaun","og_description":"Was f\u00fcr ein gro\u00dfartiger Tag! Die 4A und 4B verbrachten einen fantastischen Skitag am Semmering. Bei besten Bedingungen und einer super pr\u00e4parierten Piste konnten alle ihr K\u00f6nnen zeigen und jede Menge Spa\u00df im Schnee genie\u00dfen.","og_url":"https:\/\/www.stachristiana.at\/volksschule-rodaun\/news\/skitag-am-semmering.html","og_site_name":"Volksschule Rodaun","article_published_time":"2026-02-24T18:03:51+00:00","article_modified_time":"2026-02-24T18:03:52+00:00","og_image":[{"width":1024,"height":768,"url":"https:\/\/www.stachristiana.at\/app\/uploads\/sites\/7\/2026\/02\/534d3654-8bed-485d-8a8e-1aac51880204-1024x768.jpeg","type":"image\/jpeg"}],"author":"teresaspiess","twitter_card":"summary_large_image","twitter_misc":{"Verfasst von":"teresaspiess","Gesch\u00e4tzte Lesezeit":"1\u00a0Minute"},"schema":{"@context":"https:\/\/schema.org","@graph":[{"@type":"Article","@id":"https:\/\/www.stachristiana.at\/volksschule-rodaun\/news\/skitag-am-semmering.html#article","isPartOf":{"@id":"https:\/\/www.stachristiana.at\/volksschule-rodaun\/news\/skitag-am-semmering.html"},"author":{"name":"teresaspiess","@id":"https:\/\/www.stachristiana.at\/volksschule-rodaun\/#\/schema\/person\/145981df32740f5ce76015703024cf57"},"headline":"Skitag am Semmering","datePublished":"2026-02-24T18:03:51+00:00","dateModified":"2026-02-24T18:03:52+00:00","mainEntityOfPage":{"@id":"https:\/\/www.stachristiana.at\/volksschule-rodaun\/news\/skitag-am-semmering.html"},"wordCount":43,"publisher":{"@id":"https:\/\/www.stachristiana.at\/volksschule-rodaun\/#organization"},"image":{"@id":"https:\/\/www.stachristiana.at\/volksschule-rodaun\/news\/skitag-am-semmering.html#primaryimage"},"thumbnailUrl":"https:\/\/www.stachristiana.at\/app\/uploads\/sites\/7\/2026\/02\/534d3654-8bed-485d-8a8e-1aac51880204-1024x768.jpeg","articleSection":["News"],"inLanguage":"de"},{"@type":"WebPage","@id":"https:\/\/www.stachristiana.at\/volksschule-rodaun\/news\/skitag-am-semmering.html","url":"https:\/\/www.stachristiana.at\/volksschule-rodaun\/news\/skitag-am-semmering.html","name":"Skitag am Semmering - Volksschule Rodaun","isPartOf":{"@id":"https:\/\/www.stachristiana.at\/volksschule-rodaun\/#website"},"primaryImageOfPage":{"@id":"https:\/\/www.stachristiana.at\/volksschule-rodaun\/news\/skitag-am-semmering.html#primaryimage"},"image":{"@id":"https:\/\/www.stachristiana.at\/volksschule-rodaun\/news\/skitag-am-semmering.html#primaryimage"},"thumbnailUrl":"https:\/\/www.stachristiana.at\/app\/uploads\/sites\/7\/2026\/02\/534d3654-8bed-485d-8a8e-1aac51880204-1024x768.jpeg","datePublished":"2026-02-24T18:03:51+00:00","dateModified":"2026-02-24T18:03:52+00:00","breadcrumb":{"@id":"https:\/\/www.stachristiana.at\/volksschule-rodaun\/news\/skitag-am-semmering.html#breadcrumb"},"inLanguage":"de","potentialAction":[{"@type":"ReadAction","target":["https:\/\/www.stachristiana.at\/volksschule-rodaun\/news\/skitag-am-semmering.html"]}]},{"@type":"ImageObject","inLanguage":"de","@id":"https:\/\/www.stachristiana.at\/volksschule-rodaun\/news\/skitag-am-semmering.html#primaryimage","url":"https:\/\/www.stachristiana.at\/app\/uploads\/sites\/7\/2026\/02\/534d3654-8bed-485d-8a8e-1aac51880204-1024x768.jpeg","contentUrl":"https:\/\/www.stachristiana.at\/app\/uploads\/sites\/7\/2026\/02\/534d3654-8bed-485d-8a8e-1aac51880204-1024x768.jpeg"},{"@type":"BreadcrumbList","@id":"https:\/\/www.stachristiana.at\/volksschule-rodaun\/news\/skitag-am-semmering.html#breadcrumb","itemListElement":[{"@type":"ListItem","position":1,"name":"Start","item":"https:\/\/www.stachristiana.at\/"},{"@type":"ListItem","position":2,"name":"Skitag am Semmering"}]},{"@type":"WebSite","@id":"https:\/\/www.stachristiana.at\/volksschule-rodaun\/#website","url":"https:\/\/www.stachristiana.at\/volksschule-rodaun\/","name":"Sta. Christiana - Private Volksschule Rodaun","description":"Schulen zum Leben","publisher":{"@id":"https:\/\/www.stachristiana.at\/volksschule-rodaun\/#organization"},"alternateName":"Sta. Christiana","potentialAction":[{"@type":"SearchAction","target":{"@type":"EntryPoint","urlTemplate":"https:\/\/www.stachristiana.at\/volksschule-rodaun\/?s={search_term_string}"},"query-input":{"@type":"PropertyValueSpecification","valueRequired":true,"valueName":"search_term_string"}}],"inLanguage":"de"},{"@type":"Organization","@id":"https:\/\/www.stachristiana.at\/volksschule-rodaun\/#organization","name":"Sta. Christiana - Private Volksschule Rodaun","alternateName":"Sta. Christiana","url":"https:\/\/www.stachristiana.at\/volksschule-rodaun\/","logo":{"@type":"ImageObject","inLanguage":"de","@id":"https:\/\/www.stachristiana.at\/volksschule-rodaun\/#\/schema\/logo\/image\/","url":"https:\/\/www.stachristiana.at\/app\/uploads\/sites\/7\/2022\/05\/logo-sta-christiana.png","contentUrl":"https:\/\/www.stachristiana.at\/app\/uploads\/sites\/7\/2022\/05\/logo-sta-christiana.png","width":1200,"height":491,"caption":"Sta. Christiana - Private Volksschule Rodaun"},"image":{"@id":"https:\/\/www.stachristiana.at\/volksschule-rodaun\/#\/schema\/logo\/image\/"}},{"@type":"Person","@id":"https:\/\/www.stachristiana.at\/volksschule-rodaun\/#\/schema\/person\/145981df32740f5ce76015703024cf57","name":"teresaspiess","image":{"@type":"ImageObject","inLanguage":"de","@id":"https:\/\/www.stachristiana.at\/volksschule-rodaun\/#\/schema\/person\/image\/","url":"https:\/\/secure.gravatar.com\/avatar\/07fb5e28c564dbade850e52239d0e4c0317f92215405dd0f28a0468c307ad1ac?s=96&d=mm&r=g","contentUrl":"https:\/\/secure.gravatar.com\/avatar\/07fb5e28c564dbade850e52239d0e4c0317f92215405dd0f28a0468c307ad1ac?s=96&d=mm&r=g","caption":"teresaspiess"},"url":"https:\/\/www.stachristiana.at\/volksschule-rodaun\/author\/teresaspiess"}]}},"_links":{"self":[{"href":"https:\/\/www.stachristiana.at\/volksschule-rodaun\/wp-json\/wp\/v2\/posts\/1700","targetHints":{"allow":["GET"]}}],"collection":[{"href":"https:\/\/www.stachristiana.at\/volksschule-rodaun\/wp-json\/wp\/v2\/posts"}],"about":[{"href":"https:\/\/www.stachristiana.at\/volksschule-rodaun\/wp-json\/wp\/v2\/types\/post"}],"author":[{"embeddable":true,"href":"https:\/\/www.stachristiana.at\/volksschule-rodaun\/wp-json\/wp\/v2\/users\/79"}],"replies":[{"embeddable":true,"href":"https:\/\/www.stachristiana.at\/volksschule-rodaun\/wp-json\/wp\/v2\/comments?post=1700"}],"version-history":[{"count":1,"href":"https:\/\/www.stachristiana.at\/volksschule-rodaun\/wp-json\/wp\/v2\/posts\/1700\/revisions"}],"predecessor-version":[{"id":1705,"href":"https:\/\/www.stachristiana.at\/volksschule-rodaun\/wp-json\/wp\/v2\/posts\/1700\/revisions\/1705"}],"wp:attachment":[{"href":"https:\/\/www.stachristiana.at\/volksschule-rodaun\/wp-json\/wp\/v2\/media?parent=1700"}],"wp:term":[{"taxonomy":"category","embeddable":true,"href":"https:\/\/www.stachristiana.at\/volksschule-rodaun\/wp-json\/wp\/v2\/categories?post=1700"},{"taxonomy":"post_tag","embeddable":true,"href":"https:\/\/www.stachristiana.at\/volksschule-rodaun\/wp-json\/wp\/v2\/tags?post=1700"}],"curies":[{"name":"wp","href":"https:\/\/api.w.org\/{rel}","templated":true}]}}