{"id":4124,"date":"2026-05-01T20:34:00","date_gmt":"2026-05-01T18:34:00","guid":{"rendered":"https:\/\/www.stachristiana.at\/mittelschule-polytechnische-schule-wiener-neustadt\/?p=4124"},"modified":"2026-04-16T20:03:26","modified_gmt":"2026-04-16T18:03:26","slug":"3-3-2026-workshop-in-der-3a","status":"publish","type":"post","link":"https:\/\/www.stachristiana.at\/mittelschule-polytechnische-schule-wiener-neustadt\/news\/3-3-2026-workshop-in-der-3a","title":{"rendered":"3.3.2026 Workshop in der 3a"},"content":{"rendered":"\n<p>Der Workshop \u201eBe Brave against Hate\u201c unterst\u00fctzte die Jugendlichen dabei, demokratische Kompetenzen zu st\u00e4rken, Vielfalt wertzusch\u00e4tzen und einen reflektierten Umgang mit extremistischen Einfl\u00fcssen zu entwickeln. Im Mittelpunkt stand die Auseinandersetzung mit grundlegenden menschlichen Bed\u00fcrfnissen und deren Bedeutung f\u00fcr Zugeh\u00f6rigkeit, Identit\u00e4tsentwicklung und gesellschaftliche Orientierung.<br>Die Teilnehmenden lernten, wie Radikalisierungsprozesse entstehen k\u00f6nnen und warum extremistische Ideologien Menschen ansprechen. Sie setzten sich mit konstruktiven M\u00f6glichkeiten auseinander, eigene Bed\u00fcrfnisse wahrzunehmen und positiv zu erf\u00fcllen.<\/p>\n\n\n\n<div id=\"gallery-block_6f7a90a4d6ad9633a949dad6622842f5\" class=\"gallery\">\n\t\t\n\t\t<a href=\"https:\/\/www.stachristiana.at\/app\/uploads\/sites\/11\/2026\/03\/k-IMG_4382-e1773689646107.jpeg\" class=\"gallery-item\" data-caption=\"&lt;strong&gt;k-IMG_4382&lt;\/strong&gt;\" data-fancybox=\"gallery-block_6f7a90a4d6ad9633a949dad6622842f5\" data-width=\"1024\" data-height=\"768\"><img loading=\"lazy\" decoding=\"async\" width=\"400\" height=\"300\" src=\"https:\/\/www.stachristiana.at\/app\/uploads\/sites\/11\/2026\/03\/k-IMG_4382-e1773689646107-400x300.jpeg\" class=\"attachment-medium size-medium\" alt=\"\" srcset=\"https:\/\/www.stachristiana.at\/app\/uploads\/sites\/11\/2026\/03\/k-IMG_4382-e1773689646107-400x300.jpeg 400w, https:\/\/www.stachristiana.at\/app\/uploads\/sites\/11\/2026\/03\/k-IMG_4382-e1773689646107-768x576.jpeg 768w, https:\/\/www.stachristiana.at\/app\/uploads\/sites\/11\/2026\/03\/k-IMG_4382-e1773689646107-613x460.jpeg 613w, https:\/\/www.stachristiana.at\/app\/uploads\/sites\/11\/2026\/03\/k-IMG_4382-e1773689646107-100x75.jpeg 100w, https:\/\/www.stachristiana.at\/app\/uploads\/sites\/11\/2026\/03\/k-IMG_4382-e1773689646107.jpeg 1024w\" sizes=\"auto, (max-width: 400px) 100vw, 400px\" \/><\/a>\n\n\t\t\n\t\t<a href=\"https:\/\/www.stachristiana.at\/app\/uploads\/sites\/11\/2026\/03\/k-IMG_4381-e1773689632296.jpeg\" class=\"gallery-item\" data-caption=\"&lt;strong&gt;k-IMG_4381&lt;\/strong&gt;\" data-fancybox=\"gallery-block_6f7a90a4d6ad9633a949dad6622842f5\" data-width=\"768\" data-height=\"1024\"><img loading=\"lazy\" decoding=\"async\" width=\"300\" height=\"400\" src=\"https:\/\/www.stachristiana.at\/app\/uploads\/sites\/11\/2026\/03\/k-IMG_4381-e1773689632296-300x400.jpeg\" class=\"attachment-medium size-medium\" alt=\"\" srcset=\"https:\/\/www.stachristiana.at\/app\/uploads\/sites\/11\/2026\/03\/k-IMG_4381-e1773689632296-300x400.jpeg 300w, https:\/\/www.stachristiana.at\/app\/uploads\/sites\/11\/2026\/03\/k-IMG_4381-e1773689632296-345x460.jpeg 345w, https:\/\/www.stachristiana.at\/app\/uploads\/sites\/11\/2026\/03\/k-IMG_4381-e1773689632296-56x75.jpeg 56w, https:\/\/www.stachristiana.at\/app\/uploads\/sites\/11\/2026\/03\/k-IMG_4381-e1773689632296.jpeg 768w\" sizes=\"auto, (max-width: 300px) 100vw, 300px\" \/><\/a>\n\n\t\t\n\t\t<a href=\"https:\/\/www.stachristiana.at\/app\/uploads\/sites\/11\/2026\/03\/k-IMG_4380-e1773689620171.jpeg\" class=\"gallery-item\" data-caption=\"&lt;strong&gt;k-IMG_4380&lt;\/strong&gt;\" data-fancybox=\"gallery-block_6f7a90a4d6ad9633a949dad6622842f5\" data-width=\"768\" data-height=\"1024\"><img loading=\"lazy\" decoding=\"async\" width=\"300\" height=\"400\" src=\"https:\/\/www.stachristiana.at\/app\/uploads\/sites\/11\/2026\/03\/k-IMG_4380-e1773689620171-300x400.jpeg\" class=\"attachment-medium size-medium\" alt=\"\" srcset=\"https:\/\/www.stachristiana.at\/app\/uploads\/sites\/11\/2026\/03\/k-IMG_4380-e1773689620171-300x400.jpeg 300w, https:\/\/www.stachristiana.at\/app\/uploads\/sites\/11\/2026\/03\/k-IMG_4380-e1773689620171-345x460.jpeg 345w, https:\/\/www.stachristiana.at\/app\/uploads\/sites\/11\/2026\/03\/k-IMG_4380-e1773689620171-56x75.jpeg 56w, https:\/\/www.stachristiana.at\/app\/uploads\/sites\/11\/2026\/03\/k-IMG_4380-e1773689620171.jpeg 768w\" sizes=\"auto, (max-width: 300px) 100vw, 300px\" \/><\/a>\n\n\t\t\n\t\t<a href=\"https:\/\/www.stachristiana.at\/app\/uploads\/sites\/11\/2026\/03\/k-IMG_4379-e1773689609240.jpeg\" class=\"gallery-item\" data-caption=\"&lt;strong&gt;k-IMG_4379&lt;\/strong&gt;\" data-fancybox=\"gallery-block_6f7a90a4d6ad9633a949dad6622842f5\" data-width=\"768\" data-height=\"1024\"><img loading=\"lazy\" decoding=\"async\" width=\"300\" height=\"400\" src=\"https:\/\/www.stachristiana.at\/app\/uploads\/sites\/11\/2026\/03\/k-IMG_4379-e1773689609240-300x400.jpeg\" class=\"attachment-medium size-medium\" alt=\"\" srcset=\"https:\/\/www.stachristiana.at\/app\/uploads\/sites\/11\/2026\/03\/k-IMG_4379-e1773689609240-300x400.jpeg 300w, https:\/\/www.stachristiana.at\/app\/uploads\/sites\/11\/2026\/03\/k-IMG_4379-e1773689609240-345x460.jpeg 345w, https:\/\/www.stachristiana.at\/app\/uploads\/sites\/11\/2026\/03\/k-IMG_4379-e1773689609240-56x75.jpeg 56w, https:\/\/www.stachristiana.at\/app\/uploads\/sites\/11\/2026\/03\/k-IMG_4379-e1773689609240.jpeg 768w\" sizes=\"auto, (max-width: 300px) 100vw, 300px\" \/><\/a>\n\n\t<\/div>\n\n","protected":false},"excerpt":{"rendered":"<p>Der Workshop \u201eBe Brave against Hate\u201c unterst\u00fctzte die Jugendlichen dabei, demokratische Kompetenzen zu st\u00e4rken, Vielfalt wertzusch\u00e4tzen und einen reflektierten Umgang mit extremistischen Einfl\u00fcssen zu entwickeln. Im Mittelpunkt stand die Auseinandersetzung mit grundlegenden menschlichen Bed\u00fcrfnissen und deren Bedeutung f\u00fcr Zugeh\u00f6rigkeit, Identit\u00e4tsentwicklung und gesellschaftliche Orientierung.Die Teilnehmenden lernten, wie Radikalisierungsprozesse entstehen k\u00f6nnen und warum extremistische Ideologien Menschen ansprechen. [&hellip;]<\/p>\n","protected":false},"author":29,"featured_media":4128,"comment_status":"closed","ping_status":"closed","sticky":false,"template":"","format":"standard","meta":{"footnotes":""},"categories":[1],"tags":[],"class_list":["post-4124","post","type-post","status-publish","format-standard","has-post-thumbnail","hentry","category-news"],"acf":[],"yoast_head":"<!-- This site is optimized with the Yoast SEO plugin v26.8 - https:\/\/yoast.com\/product\/yoast-seo-wordpress\/ -->\n<title>3.3.2026 Workshop in der 3a - MS &amp; PTS Wr. Neustadt<\/title>\n<meta name=\"robots\" content=\"index, follow, max-snippet:-1, max-image-preview:large, max-video-preview:-1\" \/>\n<link rel=\"canonical\" href=\"https:\/\/www.stachristiana.at\/mittelschule-polytechnische-schule-wiener-neustadt\/news\/3-3-2026-workshop-in-der-3a\" \/>\n<meta property=\"og:locale\" content=\"de_DE\" \/>\n<meta property=\"og:type\" content=\"article\" \/>\n<meta property=\"og:title\" content=\"3.3.2026 Workshop in der 3a - MS &amp; PTS Wr. Neustadt\" \/>\n<meta property=\"og:description\" content=\"Der Workshop \u201eBe Brave against Hate\u201c unterst\u00fctzte die Jugendlichen dabei, demokratische Kompetenzen zu st\u00e4rken, Vielfalt wertzusch\u00e4tzen und einen reflektierten Umgang mit extremistischen Einfl\u00fcssen zu entwickeln. Im Mittelpunkt stand die Auseinandersetzung mit grundlegenden menschlichen Bed\u00fcrfnissen und deren Bedeutung f\u00fcr Zugeh\u00f6rigkeit, Identit\u00e4tsentwicklung und gesellschaftliche Orientierung.Die Teilnehmenden lernten, wie Radikalisierungsprozesse entstehen k\u00f6nnen und warum extremistische Ideologien Menschen ansprechen. [&hellip;]\" \/>\n<meta property=\"og:url\" content=\"https:\/\/www.stachristiana.at\/mittelschule-polytechnische-schule-wiener-neustadt\/news\/3-3-2026-workshop-in-der-3a\" \/>\n<meta property=\"og:site_name\" content=\"MS &amp; PTS Wr. Neustadt\" \/>\n<meta property=\"article:published_time\" content=\"2026-05-01T18:34:00+00:00\" \/>\n<meta property=\"og:image\" content=\"https:\/\/www.stachristiana.at\/app\/uploads\/sites\/11\/2026\/03\/k-IMG_4382-e1773689646107.jpeg\" \/>\n\t<meta property=\"og:image:width\" content=\"1024\" \/>\n\t<meta property=\"og:image:height\" content=\"768\" \/>\n\t<meta property=\"og:image:type\" content=\"image\/jpeg\" \/>\n<meta name=\"author\" content=\"christianfekete\" \/>\n<meta name=\"twitter:card\" content=\"summary_large_image\" \/>\n<meta name=\"twitter:label1\" content=\"Verfasst von\" \/>\n\t<meta name=\"twitter:data1\" content=\"christianfekete\" \/>\n\t<meta name=\"twitter:label2\" content=\"Gesch\u00e4tzte Lesezeit\" \/>\n\t<meta name=\"twitter:data2\" content=\"1\u00a0Minute\" \/>\n<script type=\"application\/ld+json\" class=\"yoast-schema-graph\">{\"@context\":\"https:\/\/schema.org\",\"@graph\":[{\"@type\":\"Article\",\"@id\":\"https:\/\/www.stachristiana.at\/mittelschule-polytechnische-schule-wiener-neustadt\/news\/3-3-2026-workshop-in-der-3a#article\",\"isPartOf\":{\"@id\":\"https:\/\/www.stachristiana.at\/mittelschule-polytechnische-schule-wiener-neustadt\/news\/3-3-2026-workshop-in-der-3a\"},\"author\":{\"name\":\"christianfekete\",\"@id\":\"https:\/\/www.stachristiana.at\/mittelschule-polytechnische-schule-wiener-neustadt\/#\/schema\/person\/1adb255e017e511e95fb1dea79f8b344\"},\"headline\":\"3.3.2026 Workshop in der 3a\",\"datePublished\":\"2026-05-01T18:34:00+00:00\",\"mainEntityOfPage\":{\"@id\":\"https:\/\/www.stachristiana.at\/mittelschule-polytechnische-schule-wiener-neustadt\/news\/3-3-2026-workshop-in-der-3a\"},\"wordCount\":86,\"publisher\":{\"@id\":\"https:\/\/www.stachristiana.at\/mittelschule-polytechnische-schule-wiener-neustadt\/#organization\"},\"image\":{\"@id\":\"https:\/\/www.stachristiana.at\/mittelschule-polytechnische-schule-wiener-neustadt\/news\/3-3-2026-workshop-in-der-3a#primaryimage\"},\"thumbnailUrl\":\"https:\/\/www.stachristiana.at\/app\/uploads\/sites\/11\/2026\/03\/k-IMG_4382-e1773689646107.jpeg\",\"articleSection\":[\"News\"],\"inLanguage\":\"de\"},{\"@type\":\"WebPage\",\"@id\":\"https:\/\/www.stachristiana.at\/mittelschule-polytechnische-schule-wiener-neustadt\/news\/3-3-2026-workshop-in-der-3a\",\"url\":\"https:\/\/www.stachristiana.at\/mittelschule-polytechnische-schule-wiener-neustadt\/news\/3-3-2026-workshop-in-der-3a\",\"name\":\"3.3.2026 Workshop in der 3a - MS &amp; PTS Wr. Neustadt\",\"isPartOf\":{\"@id\":\"https:\/\/www.stachristiana.at\/mittelschule-polytechnische-schule-wiener-neustadt\/#website\"},\"primaryImageOfPage\":{\"@id\":\"https:\/\/www.stachristiana.at\/mittelschule-polytechnische-schule-wiener-neustadt\/news\/3-3-2026-workshop-in-der-3a#primaryimage\"},\"image\":{\"@id\":\"https:\/\/www.stachristiana.at\/mittelschule-polytechnische-schule-wiener-neustadt\/news\/3-3-2026-workshop-in-der-3a#primaryimage\"},\"thumbnailUrl\":\"https:\/\/www.stachristiana.at\/app\/uploads\/sites\/11\/2026\/03\/k-IMG_4382-e1773689646107.jpeg\",\"datePublished\":\"2026-05-01T18:34:00+00:00\",\"breadcrumb\":{\"@id\":\"https:\/\/www.stachristiana.at\/mittelschule-polytechnische-schule-wiener-neustadt\/news\/3-3-2026-workshop-in-der-3a#breadcrumb\"},\"inLanguage\":\"de\",\"potentialAction\":[{\"@type\":\"ReadAction\",\"target\":[\"https:\/\/www.stachristiana.at\/mittelschule-polytechnische-schule-wiener-neustadt\/news\/3-3-2026-workshop-in-der-3a\"]}]},{\"@type\":\"ImageObject\",\"inLanguage\":\"de\",\"@id\":\"https:\/\/www.stachristiana.at\/mittelschule-polytechnische-schule-wiener-neustadt\/news\/3-3-2026-workshop-in-der-3a#primaryimage\",\"url\":\"https:\/\/www.stachristiana.at\/app\/uploads\/sites\/11\/2026\/03\/k-IMG_4382-e1773689646107.jpeg\",\"contentUrl\":\"https:\/\/www.stachristiana.at\/app\/uploads\/sites\/11\/2026\/03\/k-IMG_4382-e1773689646107.jpeg\",\"width\":1024,\"height\":768},{\"@type\":\"BreadcrumbList\",\"@id\":\"https:\/\/www.stachristiana.at\/mittelschule-polytechnische-schule-wiener-neustadt\/news\/3-3-2026-workshop-in-der-3a#breadcrumb\",\"itemListElement\":[{\"@type\":\"ListItem\",\"position\":1,\"name\":\"Start\",\"item\":\"https:\/\/www.stachristiana.at\/\"},{\"@type\":\"ListItem\",\"position\":2,\"name\":\"News\",\"item\":\"https:\/\/www.stachristiana.at\/mittelschule-polytechnische-schule-wiener-neustadt\/berichte\/news\"},{\"@type\":\"ListItem\",\"position\":3,\"name\":\"3.3.2026 Workshop in der 3a\"}]},{\"@type\":\"WebSite\",\"@id\":\"https:\/\/www.stachristiana.at\/mittelschule-polytechnische-schule-wiener-neustadt\/#website\",\"url\":\"https:\/\/www.stachristiana.at\/mittelschule-polytechnische-schule-wiener-neustadt\/\",\"name\":\"Sta. Christiana - Private MS und PTS Wr. Neustadt\",\"description\":\"Sta. Christiana - Schulen zum Leben\",\"publisher\":{\"@id\":\"https:\/\/www.stachristiana.at\/mittelschule-polytechnische-schule-wiener-neustadt\/#organization\"},\"alternateName\":\"Private MS und PTS Wr. Neustadt\",\"potentialAction\":[{\"@type\":\"SearchAction\",\"target\":{\"@type\":\"EntryPoint\",\"urlTemplate\":\"https:\/\/www.stachristiana.at\/mittelschule-polytechnische-schule-wiener-neustadt\/?s={search_term_string}\"},\"query-input\":{\"@type\":\"PropertyValueSpecification\",\"valueRequired\":true,\"valueName\":\"search_term_string\"}}],\"inLanguage\":\"de\"},{\"@type\":\"Organization\",\"@id\":\"https:\/\/www.stachristiana.at\/mittelschule-polytechnische-schule-wiener-neustadt\/#organization\",\"name\":\"Sta. Christiana - Private MS und PTS Wr. Neustadt\",\"alternateName\":\"Private MS und PTS Wr. Neustadt\",\"url\":\"https:\/\/www.stachristiana.at\/mittelschule-polytechnische-schule-wiener-neustadt\/\",\"logo\":{\"@type\":\"ImageObject\",\"inLanguage\":\"de\",\"@id\":\"https:\/\/www.stachristiana.at\/mittelschule-polytechnische-schule-wiener-neustadt\/#\/schema\/logo\/image\/\",\"url\":\"https:\/\/www.stachristiana.at\/app\/uploads\/sites\/11\/2022\/05\/logo-sta-christiana.png\",\"contentUrl\":\"https:\/\/www.stachristiana.at\/app\/uploads\/sites\/11\/2022\/05\/logo-sta-christiana.png\",\"width\":1200,\"height\":491,\"caption\":\"Sta. Christiana - Private MS und PTS Wr. Neustadt\"},\"image\":{\"@id\":\"https:\/\/www.stachristiana.at\/mittelschule-polytechnische-schule-wiener-neustadt\/#\/schema\/logo\/image\/\"}},{\"@type\":\"Person\",\"@id\":\"https:\/\/www.stachristiana.at\/mittelschule-polytechnische-schule-wiener-neustadt\/#\/schema\/person\/1adb255e017e511e95fb1dea79f8b344\",\"name\":\"christianfekete\",\"image\":{\"@type\":\"ImageObject\",\"inLanguage\":\"de\",\"@id\":\"https:\/\/www.stachristiana.at\/mittelschule-polytechnische-schule-wiener-neustadt\/#\/schema\/person\/image\/\",\"url\":\"https:\/\/secure.gravatar.com\/avatar\/62e125e4cdac61b055443ec09b3b8247f39fd9f5cf77d6b845d03d532958bdb6?s=96&d=mm&r=g\",\"contentUrl\":\"https:\/\/secure.gravatar.com\/avatar\/62e125e4cdac61b055443ec09b3b8247f39fd9f5cf77d6b845d03d532958bdb6?s=96&d=mm&r=g\",\"caption\":\"christianfekete\"},\"url\":\"https:\/\/www.stachristiana.at\/mittelschule-polytechnische-schule-wiener-neustadt\/author\/christianfekete\"}]}<\/script>\n<!-- \/ Yoast SEO plugin. -->","yoast_head_json":{"title":"3.3.2026 Workshop in der 3a - MS &amp; PTS Wr. Neustadt","robots":{"index":"index","follow":"follow","max-snippet":"max-snippet:-1","max-image-preview":"max-image-preview:large","max-video-preview":"max-video-preview:-1"},"canonical":"https:\/\/www.stachristiana.at\/mittelschule-polytechnische-schule-wiener-neustadt\/news\/3-3-2026-workshop-in-der-3a","og_locale":"de_DE","og_type":"article","og_title":"3.3.2026 Workshop in der 3a - MS &amp; PTS Wr. Neustadt","og_description":"Der Workshop \u201eBe Brave against Hate\u201c unterst\u00fctzte die Jugendlichen dabei, demokratische Kompetenzen zu st\u00e4rken, Vielfalt wertzusch\u00e4tzen und einen reflektierten Umgang mit extremistischen Einfl\u00fcssen zu entwickeln. Im Mittelpunkt stand die Auseinandersetzung mit grundlegenden menschlichen Bed\u00fcrfnissen und deren Bedeutung f\u00fcr Zugeh\u00f6rigkeit, Identit\u00e4tsentwicklung und gesellschaftliche Orientierung.Die Teilnehmenden lernten, wie Radikalisierungsprozesse entstehen k\u00f6nnen und warum extremistische Ideologien Menschen ansprechen. [&hellip;]","og_url":"https:\/\/www.stachristiana.at\/mittelschule-polytechnische-schule-wiener-neustadt\/news\/3-3-2026-workshop-in-der-3a","og_site_name":"MS &amp; PTS Wr. Neustadt","article_published_time":"2026-05-01T18:34:00+00:00","og_image":[{"width":1024,"height":768,"url":"https:\/\/www.stachristiana.at\/app\/uploads\/sites\/11\/2026\/03\/k-IMG_4382-e1773689646107.jpeg","type":"image\/jpeg"}],"author":"christianfekete","twitter_card":"summary_large_image","twitter_misc":{"Verfasst von":"christianfekete","Gesch\u00e4tzte Lesezeit":"1\u00a0Minute"},"schema":{"@context":"https:\/\/schema.org","@graph":[{"@type":"Article","@id":"https:\/\/www.stachristiana.at\/mittelschule-polytechnische-schule-wiener-neustadt\/news\/3-3-2026-workshop-in-der-3a#article","isPartOf":{"@id":"https:\/\/www.stachristiana.at\/mittelschule-polytechnische-schule-wiener-neustadt\/news\/3-3-2026-workshop-in-der-3a"},"author":{"name":"christianfekete","@id":"https:\/\/www.stachristiana.at\/mittelschule-polytechnische-schule-wiener-neustadt\/#\/schema\/person\/1adb255e017e511e95fb1dea79f8b344"},"headline":"3.3.2026 Workshop in der 3a","datePublished":"2026-05-01T18:34:00+00:00","mainEntityOfPage":{"@id":"https:\/\/www.stachristiana.at\/mittelschule-polytechnische-schule-wiener-neustadt\/news\/3-3-2026-workshop-in-der-3a"},"wordCount":86,"publisher":{"@id":"https:\/\/www.stachristiana.at\/mittelschule-polytechnische-schule-wiener-neustadt\/#organization"},"image":{"@id":"https:\/\/www.stachristiana.at\/mittelschule-polytechnische-schule-wiener-neustadt\/news\/3-3-2026-workshop-in-der-3a#primaryimage"},"thumbnailUrl":"https:\/\/www.stachristiana.at\/app\/uploads\/sites\/11\/2026\/03\/k-IMG_4382-e1773689646107.jpeg","articleSection":["News"],"inLanguage":"de"},{"@type":"WebPage","@id":"https:\/\/www.stachristiana.at\/mittelschule-polytechnische-schule-wiener-neustadt\/news\/3-3-2026-workshop-in-der-3a","url":"https:\/\/www.stachristiana.at\/mittelschule-polytechnische-schule-wiener-neustadt\/news\/3-3-2026-workshop-in-der-3a","name":"3.3.2026 Workshop in der 3a - MS &amp; PTS Wr. Neustadt","isPartOf":{"@id":"https:\/\/www.stachristiana.at\/mittelschule-polytechnische-schule-wiener-neustadt\/#website"},"primaryImageOfPage":{"@id":"https:\/\/www.stachristiana.at\/mittelschule-polytechnische-schule-wiener-neustadt\/news\/3-3-2026-workshop-in-der-3a#primaryimage"},"image":{"@id":"https:\/\/www.stachristiana.at\/mittelschule-polytechnische-schule-wiener-neustadt\/news\/3-3-2026-workshop-in-der-3a#primaryimage"},"thumbnailUrl":"https:\/\/www.stachristiana.at\/app\/uploads\/sites\/11\/2026\/03\/k-IMG_4382-e1773689646107.jpeg","datePublished":"2026-05-01T18:34:00+00:00","breadcrumb":{"@id":"https:\/\/www.stachristiana.at\/mittelschule-polytechnische-schule-wiener-neustadt\/news\/3-3-2026-workshop-in-der-3a#breadcrumb"},"inLanguage":"de","potentialAction":[{"@type":"ReadAction","target":["https:\/\/www.stachristiana.at\/mittelschule-polytechnische-schule-wiener-neustadt\/news\/3-3-2026-workshop-in-der-3a"]}]},{"@type":"ImageObject","inLanguage":"de","@id":"https:\/\/www.stachristiana.at\/mittelschule-polytechnische-schule-wiener-neustadt\/news\/3-3-2026-workshop-in-der-3a#primaryimage","url":"https:\/\/www.stachristiana.at\/app\/uploads\/sites\/11\/2026\/03\/k-IMG_4382-e1773689646107.jpeg","contentUrl":"https:\/\/www.stachristiana.at\/app\/uploads\/sites\/11\/2026\/03\/k-IMG_4382-e1773689646107.jpeg","width":1024,"height":768},{"@type":"BreadcrumbList","@id":"https:\/\/www.stachristiana.at\/mittelschule-polytechnische-schule-wiener-neustadt\/news\/3-3-2026-workshop-in-der-3a#breadcrumb","itemListElement":[{"@type":"ListItem","position":1,"name":"Start","item":"https:\/\/www.stachristiana.at\/"},{"@type":"ListItem","position":2,"name":"News","item":"https:\/\/www.stachristiana.at\/mittelschule-polytechnische-schule-wiener-neustadt\/berichte\/news"},{"@type":"ListItem","position":3,"name":"3.3.2026 Workshop in der 3a"}]},{"@type":"WebSite","@id":"https:\/\/www.stachristiana.at\/mittelschule-polytechnische-schule-wiener-neustadt\/#website","url":"https:\/\/www.stachristiana.at\/mittelschule-polytechnische-schule-wiener-neustadt\/","name":"Sta. Christiana - Private MS und PTS Wr. Neustadt","description":"Sta. Christiana - Schulen zum Leben","publisher":{"@id":"https:\/\/www.stachristiana.at\/mittelschule-polytechnische-schule-wiener-neustadt\/#organization"},"alternateName":"Private MS und PTS Wr. Neustadt","potentialAction":[{"@type":"SearchAction","target":{"@type":"EntryPoint","urlTemplate":"https:\/\/www.stachristiana.at\/mittelschule-polytechnische-schule-wiener-neustadt\/?s={search_term_string}"},"query-input":{"@type":"PropertyValueSpecification","valueRequired":true,"valueName":"search_term_string"}}],"inLanguage":"de"},{"@type":"Organization","@id":"https:\/\/www.stachristiana.at\/mittelschule-polytechnische-schule-wiener-neustadt\/#organization","name":"Sta. Christiana - Private MS und PTS Wr. Neustadt","alternateName":"Private MS und PTS Wr. Neustadt","url":"https:\/\/www.stachristiana.at\/mittelschule-polytechnische-schule-wiener-neustadt\/","logo":{"@type":"ImageObject","inLanguage":"de","@id":"https:\/\/www.stachristiana.at\/mittelschule-polytechnische-schule-wiener-neustadt\/#\/schema\/logo\/image\/","url":"https:\/\/www.stachristiana.at\/app\/uploads\/sites\/11\/2022\/05\/logo-sta-christiana.png","contentUrl":"https:\/\/www.stachristiana.at\/app\/uploads\/sites\/11\/2022\/05\/logo-sta-christiana.png","width":1200,"height":491,"caption":"Sta. Christiana - Private MS und PTS Wr. Neustadt"},"image":{"@id":"https:\/\/www.stachristiana.at\/mittelschule-polytechnische-schule-wiener-neustadt\/#\/schema\/logo\/image\/"}},{"@type":"Person","@id":"https:\/\/www.stachristiana.at\/mittelschule-polytechnische-schule-wiener-neustadt\/#\/schema\/person\/1adb255e017e511e95fb1dea79f8b344","name":"christianfekete","image":{"@type":"ImageObject","inLanguage":"de","@id":"https:\/\/www.stachristiana.at\/mittelschule-polytechnische-schule-wiener-neustadt\/#\/schema\/person\/image\/","url":"https:\/\/secure.gravatar.com\/avatar\/62e125e4cdac61b055443ec09b3b8247f39fd9f5cf77d6b845d03d532958bdb6?s=96&d=mm&r=g","contentUrl":"https:\/\/secure.gravatar.com\/avatar\/62e125e4cdac61b055443ec09b3b8247f39fd9f5cf77d6b845d03d532958bdb6?s=96&d=mm&r=g","caption":"christianfekete"},"url":"https:\/\/www.stachristiana.at\/mittelschule-polytechnische-schule-wiener-neustadt\/author\/christianfekete"}]}},"_links":{"self":[{"href":"https:\/\/www.stachristiana.at\/mittelschule-polytechnische-schule-wiener-neustadt\/wp-json\/wp\/v2\/posts\/4124","targetHints":{"allow":["GET"]}}],"collection":[{"href":"https:\/\/www.stachristiana.at\/mittelschule-polytechnische-schule-wiener-neustadt\/wp-json\/wp\/v2\/posts"}],"about":[{"href":"https:\/\/www.stachristiana.at\/mittelschule-polytechnische-schule-wiener-neustadt\/wp-json\/wp\/v2\/types\/post"}],"author":[{"embeddable":true,"href":"https:\/\/www.stachristiana.at\/mittelschule-polytechnische-schule-wiener-neustadt\/wp-json\/wp\/v2\/users\/29"}],"replies":[{"embeddable":true,"href":"https:\/\/www.stachristiana.at\/mittelschule-polytechnische-schule-wiener-neustadt\/wp-json\/wp\/v2\/comments?post=4124"}],"version-history":[{"count":2,"href":"https:\/\/www.stachristiana.at\/mittelschule-polytechnische-schule-wiener-neustadt\/wp-json\/wp\/v2\/posts\/4124\/revisions"}],"predecessor-version":[{"id":4130,"href":"https:\/\/www.stachristiana.at\/mittelschule-polytechnische-schule-wiener-neustadt\/wp-json\/wp\/v2\/posts\/4124\/revisions\/4130"}],"wp:featuredmedia":[{"embeddable":true,"href":"https:\/\/www.stachristiana.at\/mittelschule-polytechnische-schule-wiener-neustadt\/wp-json\/wp\/v2\/media\/4128"}],"wp:attachment":[{"href":"https:\/\/www.stachristiana.at\/mittelschule-polytechnische-schule-wiener-neustadt\/wp-json\/wp\/v2\/media?parent=4124"}],"wp:term":[{"taxonomy":"category","embeddable":true,"href":"https:\/\/www.stachristiana.at\/mittelschule-polytechnische-schule-wiener-neustadt\/wp-json\/wp\/v2\/categories?post=4124"},{"taxonomy":"post_tag","embeddable":true,"href":"https:\/\/www.stachristiana.at\/mittelschule-polytechnische-schule-wiener-neustadt\/wp-json\/wp\/v2\/tags?post=4124"}],"curies":[{"name":"wp","href":"https:\/\/api.w.org\/{rel}","templated":true}]}}